{"id":9818,"date":"2022-07-29T10:03:19","date_gmt":"2022-07-29T10:03:19","guid":{"rendered":"https:\/\/blog.hesselholt.com\/?p=9818"},"modified":"2022-07-29T10:03:19","modified_gmt":"2022-07-29T10:03:19","slug":"mens-det-sker-24-livet-i-slowmotion","status":"publish","type":"post","link":"https:\/\/blog.hesselholt.com\/index.php\/2022\/07\/29\/mens-det-sker-24-livet-i-slowmotion\/","title":{"rendered":"Mens det sker &#8211; 24 &#8211; Livet i slowmotion"},"content":{"rendered":"<div class=\"wp-block-image is-style-default\">\n<figure class=\"aligncenter size-full\"><img loading=\"lazy\" decoding=\"async\" width=\"161\" height=\"215\" src=\"https:\/\/blog.hesselholt.com\/wp-content\/uploads\/2015\/11\/630cd425-23f1-42b5-ba1e-281ea601858a1.jpg\" alt=\"\" class=\"wp-image-5281\"\/><\/figure>\n<\/div>\n\n\n<p> <strong>V<strong>elkommen til min blog,<\/strong>\u00a0der er en blanding af mangt og meget. Du kan orientere dig om indholdet p\u00e5 emnelisten ud til h\u00f8jre. Her kan du klikke dig ind p\u00e5 det emne, der m\u00e5ske kunne have din interesse. Jeg fort\u00e6ller f\u00f8rst og fremmest om de b\u00f8ger, jeg har skrevet, skriver p\u00e5 og m\u00e5ske vil skrive. Du kan s\u00e5ledes finde en del researchsider, idet siden ogs\u00e5 er en slags v\u00e6rksted for mig. Uf\u00e6rdige skrifter bliver her behandlet (mishandlet) til det bedre forh\u00e5bentlig. Vil du vide mere om forfatterens tanker om og tilgang til sit job , er der ogs\u00e5 en rubrik til det, \u201cforfatteren\u201d s\u00e5m\u00e6nd. Mere personlige oplysninger kan man finde p\u00e5 min hjemmeside www.hesselholt.com<\/strong> <\/p>\n\n\n\n<p><\/p>\n\n\n\n<p> <strong>V<strong>elkommen til min blog,<\/strong>\u00a0der er en blanding af mangt og meget. Du kan orientere dig om indholdet p\u00e5 emnelisten ud til h\u00f8jre. Her kan du klikke dig ind p\u00e5 det emne, der m\u00e5ske kunne have din interesse. Jeg fort\u00e6ller f\u00f8rst og fremmest om de b\u00f8ger, jeg har skrevet, skriver p\u00e5 og m\u00e5ske vil skrive. Du kan s\u00e5ledes finde en del researchsider, idet siden ogs\u00e5 er en slags v\u00e6rksted for mig. Uf\u00e6rdige skrifter bliver her behandlet (mishandlet) til det bedre forh\u00e5bentlig. Vil du vide mere om forfatterens tanker om og tilgang til sit job , er der ogs\u00e5 en rubrik til det, \u201cforfatteren\u201d s\u00e5m\u00e6nd. Mere personlige oplysninger kan man finde p\u00e5 min hjemmeside www.hesselholt.com<\/strong> <\/p>\n\n\n\n<p><strong>Livet i slowmotion<\/strong><\/p>\n\n\n\n<p><strong>Det er n\u00f8dvendigt, <\/strong>at alt foreg\u00e5r langsomt, n\u00e5r alzheimers er en del af husstanden. Den bremser ethvert fors\u00f8g p\u00e5 hastig fremdrift. Og jeg gribes af og til at en desperat f\u00f8lelse af, at jeg ikke kan f\u00f8lge med, n\u00e5r hvert eneste skridt skal tages i sneglefart. <\/p>\n\n\n\n<p><strong>F\u00f8lge med?<\/strong> Ja, hvad mener jeg i grunden med det? Hvad er det, jeg skal f\u00f8lge med i? Og hvor er det, jeg absolut skal v\u00e6re meddelagtig? <\/p>\n\n\n\n<p><strong>M\u00e5ske skal jeg bare tage en dyb ind\u00e5nding<\/strong> og sige til mig selv: Slap nu af! Du SKAL ikke v\u00e6re p\u00e5 forkant! Du skal ikke tage del i dit og dat! Du m\u00e5 godt melde dig ud af samfundet! <\/p>\n\n\n\n<p><strong>\u2013 men nej, den sidste s\u00e6tning f\u00e5r mig op i det r\u00f8de felt.<\/strong> For det VIL jeg ikke v\u00e6re med til. Jeg ER en del af samfundet. VI er en del af samfundet.<\/p>\n\n\n\n<p><strong>S\u00e5 melde mig ud!?<\/strong> Ikke p\u00e5 vilk\u00e5r. Dilemmaet er dog synligt nok: jeg kan ikke slippe for de forpligtelser, der ligger lige for, og de indeb\u00e6rer tydeligt nok, at jeg holder mig i ro, og jeg har et st\u00e6rkt \u00f8nske om (behov for) at v\u00e6re en nyttig del af det samfund, jeg er en del af.<\/p>\n\n\n\n<p><strong>S\u00e5 m\u00e5 jeg pr\u00f8ve at finde en vej.<\/strong><\/p>\n","protected":false},"excerpt":{"rendered":"<p>Livet i slowmotion Det er n\u00f8dvendigt, at alt foreg\u00e5r langsomt, n\u00e5r alzheimers er en del af husstanden. Den bremser ethvert fors\u00f8g p\u00e5 hastig fremdrift. Og jeg gribes af og til at en desperat f\u00f8lelse af, at jeg ikke kan f\u00f8lge &hellip; <a href=\"https:\/\/blog.hesselholt.com\/index.php\/2022\/07\/29\/mens-det-sker-24-livet-i-slowmotion\/\">L\u00e6s resten <span class=\"meta-nav\">&rarr;<\/span><\/a><\/p>\n","protected":false},"author":3,"featured_media":0,"comment_status":"open","ping_status":"open","sticky":false,"template":"","format":"standard","meta":{"footnotes":""},"categories":[7],"tags":[],"class_list":["post-9818","post","type-post","status-publish","format-standard","hentry","category-demens"],"_links":{"self":[{"href":"https:\/\/blog.hesselholt.com\/index.php\/wp-json\/wp\/v2\/posts\/9818","targetHints":{"allow":["GET"]}}],"collection":[{"href":"https:\/\/blog.hesselholt.com\/index.php\/wp-json\/wp\/v2\/posts"}],"about":[{"href":"https:\/\/blog.hesselholt.com\/index.php\/wp-json\/wp\/v2\/types\/post"}],"author":[{"embeddable":true,"href":"https:\/\/blog.hesselholt.com\/index.php\/wp-json\/wp\/v2\/users\/3"}],"replies":[{"embeddable":true,"href":"https:\/\/blog.hesselholt.com\/index.php\/wp-json\/wp\/v2\/comments?post=9818"}],"version-history":[{"count":0,"href":"https:\/\/blog.hesselholt.com\/index.php\/wp-json\/wp\/v2\/posts\/9818\/revisions"}],"wp:attachment":[{"href":"https:\/\/blog.hesselholt.com\/index.php\/wp-json\/wp\/v2\/media?parent=9818"}],"wp:term":[{"taxonomy":"category","embeddable":true,"href":"https:\/\/blog.hesselholt.com\/index.php\/wp-json\/wp\/v2\/categories?post=9818"},{"taxonomy":"post_tag","embeddable":true,"href":"https:\/\/blog.hesselholt.com\/index.php\/wp-json\/wp\/v2\/tags?post=9818"}],"curies":[{"name":"wp","href":"https:\/\/api.w.org\/{rel}","templated":true}]}}