{"id":9715,"date":"2022-05-08T11:15:38","date_gmt":"2022-05-08T11:15:38","guid":{"rendered":"https:\/\/blog.hesselholt.com\/?p=9715"},"modified":"2022-05-08T11:15:38","modified_gmt":"2022-05-08T11:15:38","slug":"mens-det-sker-21","status":"publish","type":"post","link":"https:\/\/blog.hesselholt.com\/index.php\/2022\/05\/08\/mens-det-sker-21\/","title":{"rendered":"Mens det sker &#8211; 21"},"content":{"rendered":"<div class=\"wp-block-image is-style-default\">\n<figure class=\"aligncenter size-full\"><img loading=\"lazy\" decoding=\"async\" width=\"161\" height=\"215\" src=\"https:\/\/blog.hesselholt.com\/wp-content\/uploads\/2015\/11\/630cd425-23f1-42b5-ba1e-281ea601858a1.jpg\" alt=\"\" class=\"wp-image-5281\"\/><\/figure>\n<\/div>\n\n\n<p> <strong>V<strong>elkommen til min blog,<\/strong>\u00a0der er en blanding af mangt og meget. Du kan orientere dig om indholdet p\u00e5 emnelisten ud til h\u00f8jre. Her kan du klikke dig ind p\u00e5 det emne, der m\u00e5ske kunne have din interesse. Jeg fort\u00e6ller f\u00f8rst og fremmest om de b\u00f8ger, jeg har skrevet, skriver p\u00e5 og m\u00e5ske vil skrive. Du kan s\u00e5ledes finde en del researchsider, idet siden ogs\u00e5 er en slags v\u00e6rksted for mig. Uf\u00e6rdige skrifter bliver her behandlet (mishandlet) til det bedre forh\u00e5bentlig. Vil du vide mere om forfatterens tanker om og tilgang til sit job , er der ogs\u00e5 en rubrik til det, \u201cforfatteren\u201d s\u00e5m\u00e6nd. Mere personlige oplysninger kan man finde p\u00e5 min hjemmeside www.hesselholt.com<\/strong> <\/p>\n\n\n\n<p><\/p>\n\n\n\n<p> <strong>V<strong>elkommen til min blog,<\/strong>\u00a0der er en blanding af mangt og meget. Du kan orientere dig om indholdet p\u00e5 emnelisten ud til h\u00f8jre. Her kan du klikke dig ind p\u00e5 det emne, der m\u00e5ske kunne have din interesse. Jeg fort\u00e6ller f\u00f8rst og fremmest om de b\u00f8ger, jeg har skrevet, skriver p\u00e5 og m\u00e5ske vil skrive. Du kan s\u00e5ledes finde en del researchsider, idet siden ogs\u00e5 er en slags v\u00e6rksted for mig. Uf\u00e6rdige skrifter bliver her behandlet (mishandlet) til det bedre forh\u00e5bentlig. Vil du vide mere om forfatterens tanker om og tilgang til sit job , er der ogs\u00e5 en rubrik til det, \u201cforfatteren\u201d s\u00e5m\u00e6nd. Mere personlige oplysninger kan man finde p\u00e5 min hjemmeside www.hesselholt.com<\/strong> <\/p>\n\n\n\n<p>I morges var vi begge tavse. En morgen som alle andre. Og s\u00e5 alligevel slet ikke. <\/p>\n\n\n\n<p>Morgenkaffen er en af hver dags stjernestunder. S\u00e5\nsnakker vi om, hvor travlt vi havde, da b\u00f8rnene boede hjemme og de og vi skulle\nile ud af huset alt for tidligt. <\/p>\n\n\n\n<p>Nu har vi s\u00e5 velsignet god tid. <\/p>\n\n\n\n<p>Dagen lang finder vi p\u00e5 ting, som vi gerne vil, og\nsom vi kan g\u00f8re sammen eller hver for sig. Den her stund om morgenen, hvor\nintet haster, er s\u00e5 fin \u2013 en ny dag begynder, men i slowmotion. <\/p>\n\n\n\n<p>Morgenmaden er enkel som resten af dagen, et stykke\nrugbr\u00f8d, en sk\u00e5l tykm\u00e6lk, rosiner og mandler (her fr\u00e5ser vi) og ikke mindst\nkaffe. Og s\u00e5 serveres aviserne. Ole henter dem og giver mig den ene og fordyber\nsig i den anden. Bagefter bytter vi. <\/p>\n\n\n\n<p>Weekendavisen og Information opsagde vi for et \u00e5r\nsiden, fordi vi syntes, at Amtsavisen og Kristelig Dagblad d\u00e6kkede vores behov\nfor l\u00e6sestof, s\u00e5dan som det er nu. Der er ikke den samme glubende appetit p\u00e5\nverden. Indr\u00f8mmet: vores liv er skrumpet, ogs\u00e5 hvad avisl\u00e6sning ang\u00e5r. <\/p>\n\n\n\n<p>Inden vi l\u00e6ser, snakker vi. Men i morges sagde ingen\naf os noget. Jeg sad og t\u00e6nkte p\u00e5 det interview, jeg havde givet til Kristelig\nDagblad og de sp\u00f8rgsm\u00e5l, det havde rejst. Ole s\u00e5 ud i luften, hvor der absolut\ningenting var at se.<\/p>\n\n\n\n<p>Pludselig fik jeg \u00f8je p\u00e5 ham. Og s\u00e5, at han var\nulykkelig. Det er han heldigvis sj\u00e6ldent. <\/p>\n\n\n\n<p>\u201dHvad t\u00e6nker du p\u00e5?\u201d <\/p>\n\n\n\n<p>\u201dJa,\u201d sagde han. <\/p>\n\n\n\n<p>\u201dJamen p\u00e5 hvad?\u201d <\/p>\n\n\n\n<p>\u201dDer er s\u00e5 tomt,\u201d sagde han.<\/p>\n\n\n\n<p>N\u00e5r han har det s\u00e5dan, m\u00e5 jeg m\u00e5 tage mig sammen og fors\u00f8ge af fylde hans tomhed med mening. Det er heldigvis ikke s\u00e5 sv\u00e6rt. Og det giver ogs\u00e5 mit liv mening.<\/p>\n","protected":false},"excerpt":{"rendered":"<p>I morges var vi begge tavse. En morgen som alle andre. Og s\u00e5 alligevel slet ikke. Morgenkaffen er en af hver dags stjernestunder. S\u00e5 snakker vi om, hvor travlt vi havde, da b\u00f8rnene boede hjemme og de og vi skulle &hellip; <a href=\"https:\/\/blog.hesselholt.com\/index.php\/2022\/05\/08\/mens-det-sker-21\/\">L\u00e6s resten <span class=\"meta-nav\">&rarr;<\/span><\/a><\/p>\n","protected":false},"author":3,"featured_media":0,"comment_status":"open","ping_status":"open","sticky":false,"template":"","format":"standard","meta":{"footnotes":""},"categories":[7],"tags":[],"class_list":["post-9715","post","type-post","status-publish","format-standard","hentry","category-demens"],"_links":{"self":[{"href":"https:\/\/blog.hesselholt.com\/index.php\/wp-json\/wp\/v2\/posts\/9715","targetHints":{"allow":["GET"]}}],"collection":[{"href":"https:\/\/blog.hesselholt.com\/index.php\/wp-json\/wp\/v2\/posts"}],"about":[{"href":"https:\/\/blog.hesselholt.com\/index.php\/wp-json\/wp\/v2\/types\/post"}],"author":[{"embeddable":true,"href":"https:\/\/blog.hesselholt.com\/index.php\/wp-json\/wp\/v2\/users\/3"}],"replies":[{"embeddable":true,"href":"https:\/\/blog.hesselholt.com\/index.php\/wp-json\/wp\/v2\/comments?post=9715"}],"version-history":[{"count":0,"href":"https:\/\/blog.hesselholt.com\/index.php\/wp-json\/wp\/v2\/posts\/9715\/revisions"}],"wp:attachment":[{"href":"https:\/\/blog.hesselholt.com\/index.php\/wp-json\/wp\/v2\/media?parent=9715"}],"wp:term":[{"taxonomy":"category","embeddable":true,"href":"https:\/\/blog.hesselholt.com\/index.php\/wp-json\/wp\/v2\/categories?post=9715"},{"taxonomy":"post_tag","embeddable":true,"href":"https:\/\/blog.hesselholt.com\/index.php\/wp-json\/wp\/v2\/tags?post=9715"}],"curies":[{"name":"wp","href":"https:\/\/api.w.org\/{rel}","templated":true}]}}