{"id":8938,"date":"2021-08-24T10:30:54","date_gmt":"2021-08-24T10:30:54","guid":{"rendered":"https:\/\/blog.hesselholt.com\/?p=8938"},"modified":"2021-08-24T10:30:54","modified_gmt":"2021-08-24T10:30:54","slug":"vive-la-nature","status":"publish","type":"post","link":"https:\/\/blog.hesselholt.com\/index.php\/2021\/08\/24\/vive-la-nature\/","title":{"rendered":"Vive la nature"},"content":{"rendered":"<div class=\"wp-block-image is-style-default\">\n<figure class=\"aligncenter size-full\"><img loading=\"lazy\" decoding=\"async\" width=\"161\" height=\"215\" src=\"https:\/\/blog.hesselholt.com\/wp-content\/uploads\/2015\/11\/630cd425-23f1-42b5-ba1e-281ea601858a1.jpg\" alt=\"\" class=\"wp-image-5281\"\/><\/figure>\n<\/div>\n\n\n<p> <strong>V<strong>elkommen til min blog,<\/strong>\u00a0der er en blanding af mangt og meget. Du kan orientere dig om indholdet p\u00e5 emnelisten ud til h\u00f8jre. Her kan du klikke dig ind p\u00e5 det emne, der m\u00e5ske kunne have din interesse. Jeg fort\u00e6ller f\u00f8rst og fremmest om de b\u00f8ger, jeg har skrevet, skriver p\u00e5 og m\u00e5ske vil skrive. Du kan s\u00e5ledes finde en del researchsider, idet siden ogs\u00e5 er en slags v\u00e6rksted for mig. Uf\u00e6rdige skrifter bliver her behandlet (mishandlet) til det bedre forh\u00e5bentlig. Vil du vide mere om forfatterens tanker om og tilgang til sit job , er der ogs\u00e5 en rubrik til det, \u201cforfatteren\u201d s\u00e5m\u00e6nd. Mere personlige oplysninger kan man finde p\u00e5 min hjemmeside www.hesselholt.com<\/strong> <\/p>\n\n\n\n<p><\/p>\n\n\n\n<p> <strong>V<strong>elkommen til min blog,<\/strong>\u00a0der er en blanding af mangt og meget. Du kan orientere dig om indholdet p\u00e5 emnelisten ud til h\u00f8jre. Her kan du klikke dig ind p\u00e5 det emne, der m\u00e5ske kunne have din interesse. Jeg fort\u00e6ller f\u00f8rst og fremmest om de b\u00f8ger, jeg har skrevet, skriver p\u00e5 og m\u00e5ske vil skrive. Du kan s\u00e5ledes finde en del researchsider, idet siden ogs\u00e5 er en slags v\u00e6rksted for mig. Uf\u00e6rdige skrifter bliver her behandlet (mishandlet) til det bedre forh\u00e5bentlig. Vil du vide mere om forfatterens tanker om og tilgang til sit job , er der ogs\u00e5 en rubrik til det, \u201cforfatteren\u201d s\u00e5m\u00e6nd. Mere personlige oplysninger kan man finde p\u00e5 min hjemmeside www.hesselholt.com<\/strong> <\/p>\n\n\n\n<p>Naturen det billige skidt<\/p>\n\n\n\n<p>L\u00e6nge troede jeg, at det var Dan Turell, der var ophavsmand\ntil ordene om den beskidte natur, for han skrev vidt og bredt om, hvor\nkedsommeligt, det var at opholde sig \u201dderude\u201d \u2013 ikke et eneste tr\u00e6 med s\u00e5 meget\nsom den mindste lille revne til at putte penge i, s\u00e5 noget kunne g\u00e5 i gang. <\/p>\n\n\n\n<p>Hvad der hele tiden var i gang, h\u00f8rte og s\u00e5 han ikke. Han\nvar naturd\u00f8v. Men nej, det var ikke ham, men P.H. alias Poul Henningsen, der s\u00e5ledes\nikoniserede den beskidte naturen.<\/p>\n\n\n\n<p>I dag har naturen, for nu at blive i dens egen\nmetaforik, f\u00e5et en v\u00e6ldig opblomstring. Og det trods klimaforandringer og deraf\nf\u00f8lgende naturkatastrofer. Eller m\u00e5ske netop p\u00e5 grund af de f\u00e6nomener, har vi\nindset, hvor dyrebar den er. Natursynet har \u00e6ndret sig radikalt. <\/p>\n\n\n\n<p>Selv er jeg lidt af en romantiker med hensyn til mit\nforhold til naturen. Det er ikke til at komme uden om. Jeg bliver s\u00e5 glad, n\u00e5r\njeg f\u00e6rdes i det \u00e5bne eller lukkede naturlandskab. Bare glad. Og jeg kan lide\nat ligge i gr\u00e6sset og kigge op i himlen og betragte de drivende skyer og f\u00f8le\nmig som det lille st\u00f8vgran, jeg er, og som den m\u00e6gtige skabning, jeg er en del\naf. <\/p>\n\n\n\n<p>Men i g\u00e5r havde jeg en naturoplevelse, som overg\u00e5r\nalt, hvad jeg har oplevet hidtil. Herom senere.<\/p>\n\n\n\n<p>Fra litteraturen, og jeg f\u00e6rdes nok s\u00e5 meget i dens\nmange rum som i naturens, der finder man personer, som har denne kosmiske\nf\u00f8lelse = at blive \u00e9t med verdensaltet. En slags religi\u00f8s oplevelse, som jeg\naldrig vil kunne opn\u00e5 \u2013 i al fald kun i et lillebitte glimt. Dertil er jeg alt\nfor jordbunden, jeg kan ikke i den grad slippe \u201d\u00e5nden\u201d l\u00f8s. Jeg m\u00f8der heller\naldrig Jesus, selv om jeg tror p\u00e5 ham, s\u00e5dan som der er nogle, der g\u00f8r og endda\nhar skrevet b\u00f8ger om det: \u201dJeg m\u00f8dte Jesus.\u201d <\/p>\n\n\n\n<p>Men i litteraturen: I Dostojevskijs roman \u201dBr\u00f8drene\nKaramassof\u201d falder hovedpersonen Aljoscha pludselig om ude i natten, og mens\nhan ligger s\u00e5ledes, opst\u00e5r en st\u00e6rk f\u00f8lelse af samh\u00f8righed med universet: hans\nperson opsluges af det og bliver en del af det \u2013 den gr\u00e6nse, vi normalt aldrig\nkan overskride mellem os og verden, forsvinder. Han bliver \u00e9t med altet.<\/p>\n\n\n\n<p>I Camus novellesamling \u201dL\u2019exil et le Royaume\u201d sker det\nsamme for en af personerne. Jeg har ikke hele fort\u00e6llingen pr\u00e6sent, men husker,\nat denne person er ulykkelig over verdens absurditet: at han skal d\u00f8, at alt\nforg\u00e5r og intet best\u00e5r, at \u00f8jeblikkene glider bort etc., men en stjerneklar nat\nfalder han om p\u00e5 jorden og rammes af meningsfuldhed- &nbsp;han er ikke mere skilt fra verden, men en del\naf den.<\/p>\n\n\n\n<p>Denne oplevelse er jo ikke sj\u00e6lden at m\u00f8de i skriften,\nsj\u00e6ldnere blandt venner, eller de gider ikke snakke om f\u00f8lelser og natur p\u00e5 den\nm\u00e5de: det er i al fald i min omgangskreds mere noget matematisk (diversitet\nosv.) &nbsp;hvor mange arter, man kan f\u00e5 p\u00e5\nlisten, og hvor meget, man ved om deres ben og \u00f8jne og lyde og kl\u00f8er ovs. Her\ner videnskaben med dens utallige evidensbaserede facts helt perfekt til at\ndr\u00e6be den naturf\u00f8lelse, jeg omtalte ovenfor og vil fort\u00e6lle lidt mere om.<\/p>\n\n\n\n<p>Den amerikanske naturprofet Henry Thoreau skriver et\nsted i v\u00e6rket \u201dWalden \u2013 Livet i Skovene\u201d f\u00f8lgende: Det er en vidunderlig aften,\nhvor hele kroppen er blevet til sanser og optager gl\u00e6den i sig gennem hver\neneste pore. Jeg kommer og g\u00e5r med en m\u00e6rkelig frihed i naturen, jeg er en del\naf den.\u201d (Citeret af bioetiker Mickey Gjerris.)<\/p>\n\n\n\n<p>Denne samh\u00f8righedsf\u00f8lelse&nbsp; med naturen er blevet et af de store hits for tiden. Der er s\u00e5gar en tysk forstmand, der gl\u00e6deligt og helt naturligt konverserer tr\u00e6erne i den skov, hvor han arbejder. Det er lige f\u00f8r, det er hyggeligt. \u201dHallo! Gamle eg, hvordan har r\u00f8dderne det s\u00e5 i dag?\u201d<\/p>\n\n\n\n<p>Et sp\u00f8g et andet til side, som min gamle l\u00e6rer Lester\nplejede at sige, n\u00e5r vi havde fjaset l\u00e6nge nok med ham. Og s\u00e5 gik vi over til\nalvoren.<\/p>\n\n\n\n<p>Jeg vil kort fort\u00e6lle om den oplevelse af n\u00e6sten\novernaturlig sk\u00f8nhed, jeg havde i g\u00e5r. Og det selv om det er helt og aldeles\nubeskriveligt. Men alts\u00e5:<\/p>\n\n\n\n<p>Jeg havde sv\u00f8mmet en lang tur i Kattegat. Havet var\nroligt som et spejl og efter en meget lang sv\u00f8mmetur var jeg meget tr\u00e6t. Jeg\nvidste, at Ole stod inde p\u00e5 bredden og v\u00e5gede over mig som en anden Vorherre,\nog jeg f\u00f8lte mig tryg nok, selv om jeg var ene derude. Unders\u00f8gte ikke, hvor\nlangt, jeg var kommet ud: havet var jo roligt \u2013 Ole holdt \u00f8je med mig \u2013 ingen\nfare. Derfor lagde jeg mig om p\u00e5 ryggen. Jeg lukkede \u00f8jnene, for solen br\u00e6ndte\nover havet, og lige straks syntes jeg, at den fyldte hele himlen og t\u00e6nkte, at\nmine d\u00e5rlige \u00f8jne helst m\u00e5tte v\u00e6re lukkede. <\/p>\n\n\n\n<p>S\u00e5 l\u00e5 jeg lidt og vuggede der og f\u00f8lte mig trods\nAfganistan og tunge problemer alle vegne, lykkelig. S\u00e5 h\u00f8rte jeg en lyd og\n\u00e5bnede \u00f8jnene p\u00e5 klem og n\u00e5ede at se en hvid sky fare hen over havfladen. Det\nvar en flok fugle, som fl\u00f8j meget lavt, n\u00e6sten i vandskorpen, og den havde\nm\u00e5ske troet, at jeg var en fisk eller en tr\u00e6bj\u00e6lke (sikkert det) , der l\u00e5 og\nfl\u00f8d, for den \u00e6ndrede ikke kurs, h\u00e6vede sig bare en centimeter mere og fl\u00f8j\nlige hen over mit duvende korpus. Jeg f\u00f8lte mig ikke, som ovenn\u00e6vnte litter\u00e6re\nfigurer som \u00e9t med naturen \u2013 jeg blev faktisk mega-forskr\u00e6kket og var ved at\ndrukne af r\u00e6dsel \u2013 men n\u00e6sten samtidig f\u00f8lte jeg en stor, stor gl\u00e6de, som om\njeg havde haft bes\u00f8g af noget n\u00e6sten guddommeligt.<\/p>\n\n\n\n<p>Ole havde set det ske og endda halet fotoapparatet frem, men n\u00e5ede jo ikke at forevige oplevelsen. Den lever i mig, som noget uhyre smukt og unikt. T\u00e6nkt at blive strejfet af hundredevis af hvide fjer. Ole sagde, at det var ryler. Jeg n\u00e5ede kun at se, at de var hvide p\u00e5 undersiden, at de havde hvide fjer. Og ikke var ret store. Og skr\u00e6mmende lige et \u00f8jeblik. Og s\u00e5 bruset. Det kan jeg heller ikke beskrive, men det lyder som en hvisken sat p\u00e5 turbo, n\u00e5r s\u00e5dan en flok flyver lige hen over en.<\/p>\n\n\n\n<p>La vie est belle! Vive la nature!<\/p>\n\n\n\n<figure class=\"wp-block-image size-large\"><img loading=\"lazy\" decoding=\"async\" width=\"1024\" height=\"514\" src=\"https:\/\/blog.hesselholt.com\/wp-content\/uploads\/2021\/09\/75-ar-19-1024x514.jpg\" alt=\"\" class=\"wp-image-8989\" srcset=\"https:\/\/blog.hesselholt.com\/wp-content\/uploads\/2021\/09\/75-ar-19-1024x514.jpg 1024w, https:\/\/blog.hesselholt.com\/wp-content\/uploads\/2021\/09\/75-ar-19-300x151.jpg 300w, https:\/\/blog.hesselholt.com\/wp-content\/uploads\/2021\/09\/75-ar-19-768x385.jpg 768w, https:\/\/blog.hesselholt.com\/wp-content\/uploads\/2021\/09\/75-ar-19-1536x771.jpg 1536w, https:\/\/blog.hesselholt.com\/wp-content\/uploads\/2021\/09\/75-ar-19.jpg 1600w\" sizes=\"auto, (max-width: 1024px) 100vw, 1024px\" \/><figcaption>foto: Mette Hesselholt H. Hansen<\/figcaption><\/figure>\n","protected":false},"excerpt":{"rendered":"<p>Naturen det billige skidt L\u00e6nge troede jeg, at det var Dan Turell, der var ophavsmand til ordene om den beskidte natur, for han skrev vidt og bredt om, hvor kedsommeligt, det var at opholde sig \u201dderude\u201d \u2013 ikke et eneste &hellip; <a href=\"https:\/\/blog.hesselholt.com\/index.php\/2021\/08\/24\/vive-la-nature\/\">L\u00e6s resten <span class=\"meta-nav\">&rarr;<\/span><\/a><\/p>\n","protected":false},"author":3,"featured_media":0,"comment_status":"open","ping_status":"open","sticky":false,"template":"","format":"standard","meta":{"footnotes":""},"categories":[24],"tags":[],"class_list":["post-8938","post","type-post","status-publish","format-standard","hentry","category-stort-og-smat-om-lidt-forskelligt"],"_links":{"self":[{"href":"https:\/\/blog.hesselholt.com\/index.php\/wp-json\/wp\/v2\/posts\/8938","targetHints":{"allow":["GET"]}}],"collection":[{"href":"https:\/\/blog.hesselholt.com\/index.php\/wp-json\/wp\/v2\/posts"}],"about":[{"href":"https:\/\/blog.hesselholt.com\/index.php\/wp-json\/wp\/v2\/types\/post"}],"author":[{"embeddable":true,"href":"https:\/\/blog.hesselholt.com\/index.php\/wp-json\/wp\/v2\/users\/3"}],"replies":[{"embeddable":true,"href":"https:\/\/blog.hesselholt.com\/index.php\/wp-json\/wp\/v2\/comments?post=8938"}],"version-history":[{"count":0,"href":"https:\/\/blog.hesselholt.com\/index.php\/wp-json\/wp\/v2\/posts\/8938\/revisions"}],"wp:attachment":[{"href":"https:\/\/blog.hesselholt.com\/index.php\/wp-json\/wp\/v2\/media?parent=8938"}],"wp:term":[{"taxonomy":"category","embeddable":true,"href":"https:\/\/blog.hesselholt.com\/index.php\/wp-json\/wp\/v2\/categories?post=8938"},{"taxonomy":"post_tag","embeddable":true,"href":"https:\/\/blog.hesselholt.com\/index.php\/wp-json\/wp\/v2\/tags?post=8938"}],"curies":[{"name":"wp","href":"https:\/\/api.w.org\/{rel}","templated":true}]}}