{"id":859,"date":"2011-12-27T16:42:31","date_gmt":"2011-12-27T16:42:31","guid":{"rendered":"http:\/\/blog.hesselholt.com\/?p=859"},"modified":"2011-12-27T16:42:31","modified_gmt":"2011-12-27T16:42:31","slug":"intermezzo-14","status":"publish","type":"post","link":"https:\/\/blog.hesselholt.com\/index.php\/2011\/12\/27\/intermezzo-14\/","title":{"rendered":"Intermezzo"},"content":{"rendered":"<p>Vi er i juleugen stadigv\u00e6k\u00a0&#8211; det er nok ingen overraskende oplysning &#8211; og s\u00e5danne har jeg da t\u00e6nkt at forsyne siderne med i den kommende tid. Nu er det julepjank i al fald forbi &#8211; men endnu st\u00e5r min jul i fuldt flor. Der er jo andet end pjank til.<br \/>\nJuledag var jeg i kirke, og dagens tekst var indledningen til Johannes Evangeliet, og den har jeg altid elsket &#8211; ligesom resten af det evangelium, der efter min mening er det smukkeste i hele Biblen. Men indledningen handler jo om ORDET &#8211; den mest fantastisk opfindelse overhovedet.<br \/>\nI kristen forstand er ORDET lig med Jesus &#8211; &#8220;I begyndelsen var ORDET og ORDET var hos GUD og ORDET var GUD.<br \/>\nJeg citerer i den forbindelse et vers fra Brorsons &#8220;Mit hjerte altid vanker &#8230;&#8221; Men ak\/ hvad skal jeg\u00a0sige\/ n\u00e5r jeg vil t\u00e6nke p\u00e5\/ at Gud af Himmerige\/ i stalden ligge m\u00e5\/ at Himlens fryd og \u00e6re\/ det levende Guds ord\/ skal s\u00e5 foragtet v\u00e6re\/ p\u00e5 denne slemme jord.<br \/>\nOg s\u00e5 lige et par ord til kristne fundamentalister i alle afskygninger: NEJ! Biblen er ikke Guds ord.<br \/>\nGuds ord hedder Jesus.<br \/>\nJuledage hele ugen &#8211; og b\u00f8rn og b\u00f8rneb\u00f8rn &#8211; Velkommen igen Guds engle sm\u00e5 &#8211; ja, puslinger har vi i hver en vr\u00e5 &#8211; og hvor er vi velsignet heldige med det. Tak!<br \/>\nI den kommende tid &#8211; fra ca. 1 januar vil jeg forts\u00e6tte med at s\u00e6tte fokus p\u00e5 Skagen og s\u00e6rlig p\u00e5 Skagen Landsogn. Det er derfra vor ( min) verden g\u00e5r, men det er alts\u00e5 ogs\u00e5 et s\u00e6rligt folkef\u00e6rd, der har boet der, det h\u00e5ber jeg p\u00e5 at kunne p\u00e5vise hen ad vejen, og jeg vil selvf\u00f8lgelig v\u00e6re rigtig glad for f\u00f8lgesvende p\u00e5 samme vej. S\u00e5 tr\u00e6d endelig med! Men p\u00e5 den anden side kan jeg ikke love, at vejen ikke bliver b\u00e5de stenet og &#8220;tr\u00e6ls&#8221; at trave p\u00e5 ind i mellem. For revl og krat skal med. Og kan I bidrage med stof, det v\u00e6re sig revl eller krat, s\u00e5 vil jeg v\u00e6re taknemmelig og\u00a0indlemme det i samlingen. Som jo alts\u00e5 meget gerne i sidste ende skulle f\u00f8re frem til en roman.<br \/>\nOg endnu engang tak til alle jer ( tre ved jeg i al fald ) som fulgte med Dj\u00e6vlene, Nisserne og andet T\u00f8j rundt i de 24 dage, hvor de slog sig l\u00f8s p\u00e5 bloggen. Et par l\u00e6sere har spurgt mig, om jeg ikke forts\u00e6tter med en ny julesp\u00f8g n\u00e6ste \u00e5r, og det er jeg selvf\u00f8lgelig smigret over, men mon det g\u00e5r? Ole siger, at jeg har v\u00e6ret alt for bloggeret hele m\u00e5neden, og sandt er det, at jeg har fors\u00f8mt at lave b\u00e5de klejner og r\u00f8dk\u00e5l (\u00a0og hvad med\u00a0ham???).<br \/>\n&nbsp;<\/p>\n","protected":false},"excerpt":{"rendered":"<p>Vi er i juleugen stadigv\u00e6k\u00a0&#8211; det er nok ingen overraskende oplysning &#8211; og s\u00e5danne har jeg da t\u00e6nkt at forsyne siderne med i den kommende tid. Nu er det julepjank i al fald forbi &#8211; men endnu st\u00e5r min jul &hellip; <a href=\"https:\/\/blog.hesselholt.com\/index.php\/2011\/12\/27\/intermezzo-14\/\">L\u00e6s resten <span class=\"meta-nav\">&rarr;<\/span><\/a><\/p>\n","protected":false},"author":3,"featured_media":0,"comment_status":"open","ping_status":"open","sticky":false,"template":"","format":"standard","meta":{"footnotes":""},"categories":[8],"tags":[],"class_list":["post-859","post","type-post","status-publish","format-standard","hentry","category-en-julespg"],"_links":{"self":[{"href":"https:\/\/blog.hesselholt.com\/index.php\/wp-json\/wp\/v2\/posts\/859","targetHints":{"allow":["GET"]}}],"collection":[{"href":"https:\/\/blog.hesselholt.com\/index.php\/wp-json\/wp\/v2\/posts"}],"about":[{"href":"https:\/\/blog.hesselholt.com\/index.php\/wp-json\/wp\/v2\/types\/post"}],"author":[{"embeddable":true,"href":"https:\/\/blog.hesselholt.com\/index.php\/wp-json\/wp\/v2\/users\/3"}],"replies":[{"embeddable":true,"href":"https:\/\/blog.hesselholt.com\/index.php\/wp-json\/wp\/v2\/comments?post=859"}],"version-history":[{"count":0,"href":"https:\/\/blog.hesselholt.com\/index.php\/wp-json\/wp\/v2\/posts\/859\/revisions"}],"wp:attachment":[{"href":"https:\/\/blog.hesselholt.com\/index.php\/wp-json\/wp\/v2\/media?parent=859"}],"wp:term":[{"taxonomy":"category","embeddable":true,"href":"https:\/\/blog.hesselholt.com\/index.php\/wp-json\/wp\/v2\/categories?post=859"},{"taxonomy":"post_tag","embeddable":true,"href":"https:\/\/blog.hesselholt.com\/index.php\/wp-json\/wp\/v2\/tags?post=859"}],"curies":[{"name":"wp","href":"https:\/\/api.w.org\/{rel}","templated":true}]}}