{"id":8384,"date":"2020-12-18T15:06:57","date_gmt":"2020-12-18T15:06:57","guid":{"rendered":"https:\/\/blog.hesselholt.com\/?p=8384"},"modified":"2020-12-18T15:06:57","modified_gmt":"2020-12-18T15:06:57","slug":"beroemte-maend-fra-aalum-1","status":"publish","type":"post","link":"https:\/\/blog.hesselholt.com\/index.php\/2020\/12\/18\/beroemte-maend-fra-aalum-1\/","title":{"rendered":"Ber\u00f8mte m\u00e6nd fra \u00c5lum 1"},"content":{"rendered":"<div class=\"wp-block-image is-style-default\">\n<figure class=\"aligncenter size-full\"><img loading=\"lazy\" decoding=\"async\" width=\"161\" height=\"215\" src=\"https:\/\/blog.hesselholt.com\/wp-content\/uploads\/2015\/11\/630cd425-23f1-42b5-ba1e-281ea601858a1.jpg\" alt=\"\" class=\"wp-image-5281\"\/><\/figure>\n<\/div>\n\n\n<p> <strong>V<strong>elkommen til min blog,<\/strong>\u00a0der er en blanding af mangt og meget. Du kan orientere dig om indholdet p\u00e5 emnelisten ud til h\u00f8jre. Her kan du klikke dig ind p\u00e5 det emne, der m\u00e5ske kunne have din interesse. Jeg fort\u00e6ller f\u00f8rst og fremmest om de b\u00f8ger, jeg har skrevet, skriver p\u00e5 og m\u00e5ske vil skrive. Du kan s\u00e5ledes finde en del researchsider, idet siden ogs\u00e5 er en slags v\u00e6rksted for mig. Uf\u00e6rdige skrifter bliver her behandlet (mishandlet) til det bedre forh\u00e5bentlig. Vil du vide mere om forfatterens tanker om og tilgang til sit job , er der ogs\u00e5 en rubrik til det, \u201cforfatteren\u201d s\u00e5m\u00e6nd. Mere personlige oplysninger kan man finde p\u00e5 min hjemmeside www.hesselholt.com<\/strong> <\/p>\n\n\n\n<p><\/p>\n\n\n\n<p> <strong>V<strong>elkommen til min blog,<\/strong>\u00a0der er en blanding af mangt og meget. Du kan orientere dig om indholdet p\u00e5 emnelisten ud til h\u00f8jre. Her kan du klikke dig ind p\u00e5 det emne, der m\u00e5ske kunne have din interesse. Jeg fort\u00e6ller f\u00f8rst og fremmest om de b\u00f8ger, jeg har skrevet, skriver p\u00e5 og m\u00e5ske vil skrive. Du kan s\u00e5ledes finde en del researchsider, idet siden ogs\u00e5 er en slags v\u00e6rksted for mig. Uf\u00e6rdige skrifter bliver her behandlet (mishandlet) til det bedre forh\u00e5bentlig. Vil du vide mere om forfatterens tanker om og tilgang til sit job , er der ogs\u00e5 en rubrik til det, \u201cforfatteren\u201d s\u00e5m\u00e6nd. Mere personlige oplysninger kan man finde p\u00e5 min hjemmeside www.hesselholt.com<\/strong> <\/p>\n\n\n\n<p>En ny kategori begynder her. <strong>Ber\u00f8mte m\u00e6nd fra \u00c5lum.<\/strong> En historisk serie. For de m\u00e6nd, der lever i byen nu og her og dem, som har beboet den de seneste par \u00e5rhundrede, opn\u00e5ede ikke nogen ber\u00f8mmelse, selv om de var nok s\u00e5 brave m\u00e6nd. Dem, kategorien kredser om, levede i henholdsvis Middelalderen og Barokken. Og vist kunne kvinder ogs\u00e5 dengang blive ber\u00f8mte. Jeg n\u00e6vner efter indskydelse Hildegard af Bingen (Middelalder) og Dorothea Biehl ( Barok). <\/p>\n\n\n\n<p>Men n\u00e5r jeg skal plukke i \u00c5lumarkivet, s\u00e5 skiller kun to sig markant ud, og de er begge m\u00e6nd, og s\u00e5 er den ene faktisk fra Venning, men det er jo n\u00e6sten en del af \u00c5lum, og hans hovedvirke, bygningen af \u00c5lum Kirke, er knyttet til landsbyen. Lad os derfor indrullere ham i \u00c5lumflokken. Den anden er virkelig f\u00f8dt og opvokset i \u00c5lum. Det skete i 1600tallet. Og han n\u00e5ede stor ber\u00f8mmelse i sin samtid og kan stadig gl\u00e6de os med sin smukke kunst.<\/p>\n\n\n\n<p>Nu kan man v\u00e6re ber\u00f8mt af mange grunde, nogle af dem er langt fra opl\u00f8ftende. Trump er v\u00e6ldig ber\u00f8mt, og det var Saddam Hussein ogs\u00e5. Og lignende typer. Men ingen vil vel s\u00e6tte dem et minde. For de blev mere berygtede end ber\u00f8mte. <\/p>\n\n\n\n<p>De to, jeg vil fort\u00e6lle om, har fortjent deres ber\u00f8mmelse. Og nu skal jeg fort\u00e6lle, hvorfra jeg fik ideen. Den fik jeg fra G\u00f6ran Tunstr\u00f6m, den svenske forfatter. <\/p>\n\n\n\n<p>G\u00f6ran Tunstr\u00f6m, (1937-2000) var ikke produktiv, men alt hvad han skrev, var f\u00f8rste klasses litteratur. Og det sidste v\u00e6rk fra hans h\u00e5nd \u201dBer\u00f8mte m\u00e6nd som har v\u00e6ret i Sunne\u201d gav mig ideen til min n\u00e6ste bog. <\/p>\n\n\n\n<p>Den skal som sagt hedde \u201dBer\u00f8mte M\u00e6nd fra \u00c5lum\u201d. <\/p>\n\n\n\n<p>Og dem har vi et par stykker af, og hvorfor skulle de s\u00e5 ikke have deres egen bog. Jo, men det skal de da! Dengang de levede, var de ber\u00f8mte i hele Danmark, ja, deres ry bredte sig ud over en stor del af verden. F\u00e6lles for dem er, at deres sp\u00e6de liv begynder p\u00e5 den her egn. Ved Fussing\u00f8skovene. <\/p>\n\n\n\n<p>Ligesom Skals\u00e5en fra at v\u00e6re et lille vandl\u00f8b, der pibler frem af Fussing S\u00f8 og vokser sig bredere og bredere, mens den l\u00f8ber gennem engene, indtil den opsluges af Limfjorden og med den str\u00f8mmer ud i det store ocean, s\u00e5dan er ogs\u00e5 de m\u00e6nd, der s\u00e5 dagens lys her, begyndt som sm\u00e5 uanseelige purke, som ingen lagde synderlig m\u00e6rke til eller t\u00e6nkte store tanker om, for derefter at vokse og vise evner og en styrke, der gjorde dem i stand til at trodse al modstand, og den m\u00f8dte de nok af, og bane sig en vej, der f\u00f8rte dem frem foran alle andre i tiden og gav dem en s\u00e6rlig status, som de ikke mistede ved deres d\u00f8d, men som overlevede dem. Og som endnu lever. De h\u00f8rte til de f\u00e5, der b\u00e6rer udodeligheden i sig. &nbsp;<\/p>\n\n\n\n<p>De er begge bondef\u00f8dte, men den enes vugge stod i en g\u00e5rd, der var solidt placeret i den \u00f8verste ende af bondestanden. Lille Kelds far var en fri bonde, og han ejede egnens st\u00f8rste g\u00e5rd. Han var efter tidens m\u00e5lestok rig. Den anden, lille Mogens, var mindre heldigt stillet. Hans far ejede ingenting og boede i et lille hus i \u00c5lum. Han var livegen under godsejeren p\u00e5 Fussing\u00f8, den m\u00e6gtige Mogens Skeel. Drengen blev derfor f\u00f8dt som ufri og trods den senere ber\u00f8mmelse, s\u00e5 forblev han ufri hele sit liv. En del af godsets ejendom. Og en v\u00e6rdifuld del skulle det vise sig.<\/p>\n","protected":false},"excerpt":{"rendered":"<p>En ny kategori begynder her. Ber\u00f8mte m\u00e6nd fra \u00c5lum. En historisk serie. For de m\u00e6nd, der lever i byen nu og her og dem, som har beboet den de seneste par \u00e5rhundrede, opn\u00e5ede ikke nogen ber\u00f8mmelse, selv om de var &hellip; <a href=\"https:\/\/blog.hesselholt.com\/index.php\/2020\/12\/18\/beroemte-maend-fra-aalum-1\/\">L\u00e6s resten <span class=\"meta-nav\">&rarr;<\/span><\/a><\/p>\n","protected":false},"author":3,"featured_media":0,"comment_status":"open","ping_status":"open","sticky":false,"template":"","format":"standard","meta":{"footnotes":""},"categories":[3],"tags":[],"class_list":["post-8384","post","type-post","status-publish","format-standard","hentry","category-beroemte-maend-fra-aalum"],"_links":{"self":[{"href":"https:\/\/blog.hesselholt.com\/index.php\/wp-json\/wp\/v2\/posts\/8384","targetHints":{"allow":["GET"]}}],"collection":[{"href":"https:\/\/blog.hesselholt.com\/index.php\/wp-json\/wp\/v2\/posts"}],"about":[{"href":"https:\/\/blog.hesselholt.com\/index.php\/wp-json\/wp\/v2\/types\/post"}],"author":[{"embeddable":true,"href":"https:\/\/blog.hesselholt.com\/index.php\/wp-json\/wp\/v2\/users\/3"}],"replies":[{"embeddable":true,"href":"https:\/\/blog.hesselholt.com\/index.php\/wp-json\/wp\/v2\/comments?post=8384"}],"version-history":[{"count":0,"href":"https:\/\/blog.hesselholt.com\/index.php\/wp-json\/wp\/v2\/posts\/8384\/revisions"}],"wp:attachment":[{"href":"https:\/\/blog.hesselholt.com\/index.php\/wp-json\/wp\/v2\/media?parent=8384"}],"wp:term":[{"taxonomy":"category","embeddable":true,"href":"https:\/\/blog.hesselholt.com\/index.php\/wp-json\/wp\/v2\/categories?post=8384"},{"taxonomy":"post_tag","embeddable":true,"href":"https:\/\/blog.hesselholt.com\/index.php\/wp-json\/wp\/v2\/tags?post=8384"}],"curies":[{"name":"wp","href":"https:\/\/api.w.org\/{rel}","templated":true}]}}