{"id":8037,"date":"2020-04-15T12:55:55","date_gmt":"2020-04-15T12:55:55","guid":{"rendered":"https:\/\/blog.hesselholt.com\/?p=8037"},"modified":"2020-04-15T12:55:55","modified_gmt":"2020-04-15T12:55:55","slug":"karin-michaelis-en-randers-forfatter-endelig-haedret","status":"publish","type":"post","link":"https:\/\/blog.hesselholt.com\/index.php\/2020\/04\/15\/karin-michaelis-en-randers-forfatter-endelig-haedret\/","title":{"rendered":"Karin Micha\u00eblis &#8211; en Randers forfatter &#8211; endelig h\u00e6dret"},"content":{"rendered":"<div class=\"wp-block-image is-style-default\">\n<figure class=\"aligncenter size-full\"><img loading=\"lazy\" decoding=\"async\" width=\"161\" height=\"215\" src=\"https:\/\/blog.hesselholt.com\/wp-content\/uploads\/2015\/11\/630cd425-23f1-42b5-ba1e-281ea601858a1.jpg\" alt=\"\" class=\"wp-image-5281\"\/><\/figure>\n<\/div>\n\n\n<p> <strong>V<strong>elkommen til min blog,<\/strong>\u00a0der er en blanding af mangt og meget. Du kan orientere dig om indholdet p\u00e5 emnelisten ud til h\u00f8jre. Her kan du klikke dig ind p\u00e5 det emne, der m\u00e5ske kunne have din interesse. Jeg fort\u00e6ller f\u00f8rst og fremmest om de b\u00f8ger, jeg har skrevet, skriver p\u00e5 og m\u00e5ske vil skrive. Du kan s\u00e5ledes finde en del researchsider, idet siden ogs\u00e5 er en slags v\u00e6rksted for mig. Uf\u00e6rdige skrifter bliver her behandlet (mishandlet) til det bedre forh\u00e5bentlig. Vil du vide mere om forfatterens tanker om og tilgang til sit job , er der ogs\u00e5 en rubrik til det, \u201cforfatteren\u201d s\u00e5m\u00e6nd. Mere personlige oplysninger kan man finde p\u00e5 min hjemmeside www.hesselholt.com<\/strong> <\/p>\n\n\n\n<p><\/p>\n\n\n\n<p> <strong>V<strong>elkommen til min blog,<\/strong>\u00a0der er en blanding af mangt og meget. Du kan orientere dig om indholdet p\u00e5 emnelisten ud til h\u00f8jre. Her kan du klikke dig ind p\u00e5 det emne, der m\u00e5ske kunne have din interesse. Jeg fort\u00e6ller f\u00f8rst og fremmest om de b\u00f8ger, jeg har skrevet, skriver p\u00e5 og m\u00e5ske vil skrive. Du kan s\u00e5ledes finde en del researchsider, idet siden ogs\u00e5 er en slags v\u00e6rksted for mig. Uf\u00e6rdige skrifter bliver her behandlet (mishandlet) til det bedre forh\u00e5bentlig. Vil du vide mere om forfatterens tanker om og tilgang til sit job , er der ogs\u00e5 en rubrik til det, \u201cforfatteren\u201d s\u00e5m\u00e6nd. Mere personlige oplysninger kan man finde p\u00e5 min hjemmeside www.hesselholt.com<\/strong> <\/p>\n\n\n\n<figure class=\"wp-block-image size-large\"><img loading=\"lazy\" decoding=\"async\" width=\"768\" height=\"1024\" src=\"https:\/\/blog.hesselholt.com\/wp-content\/uploads\/2020\/04\/20200415_145023-768x1024.jpg\" alt=\"\" class=\"wp-image-8038\" srcset=\"https:\/\/blog.hesselholt.com\/wp-content\/uploads\/2020\/04\/20200415_145023-768x1024.jpg 768w, https:\/\/blog.hesselholt.com\/wp-content\/uploads\/2020\/04\/20200415_145023-225x300.jpg 225w, https:\/\/blog.hesselholt.com\/wp-content\/uploads\/2020\/04\/20200415_145023-1152x1536.jpg 1152w, https:\/\/blog.hesselholt.com\/wp-content\/uploads\/2020\/04\/20200415_145023.jpg 1200w\" sizes=\"auto, (max-width: 768px) 100vw, 768px\" \/><\/figure>\n\n\n\n<p>Da avisartiklen om Karin Michaelis blev s\u00e5 utydelig skriver jeg overs\u00e6ttelsen her. Hun er faktisk en forfatter, der fortjener at blive l\u00e6st og genl\u00e6st.<\/p>\n\n\n\n<p><strong>7. marts. En m\u00e6rkedag for Randers. Og den n\u00e5ede vi heldigvis, inden verden gik af lave.<\/strong><\/p>\n\n\n\n<p>Danmark var endnu \u00e5bent,\nog man kunne stadig forsamles i Randers, da en af byens store forfattere, Karin\nMicha\u00eblis, blev h\u00e6dret med afsl\u00f8ringen af en flot bronzebuste udf\u00f8rt af Gudrun\nSteen Andersen og sponsoreret af lokale kr\u00e6fter og gener\u00f8st givet som gave til alle\nos andre.&nbsp; <\/p>\n\n\n\n<p>Nu st\u00e5r hun s\u00e5 der og\nser ud over pladsen, som ogs\u00e5 b\u00e6rer hendes navn, men s\u00e6rt er det alligevel, at\nhun f\u00f8rst h\u00e6dres 70 \u00e5r efter sin d\u00f8d. Og s\u00e5 alligevel ikke, for selv om hendes\nv\u00e6rker aldrig har mistet deres litter\u00e6re kvaliteter og heller ikke virker\nfor\u00e6ldede, s\u00e5 har hun l\u00e6nge v\u00e6ret glemt i l\u00e6sende kredse. Hvorfor er stadig\nlidt af et mysterium, i al fald for mig.<\/p>\n\n\n\n<p>Der er derimod mange klare\n\u00e5rsager til genopdagelsen af hendes v\u00e6rker, som jeg ikke har plads til komme\nn\u00e6rmere ind p\u00e5 her, men den v\u00e6sentligste skal dog n\u00e6vnes, nemlig det utr\u00e6ttelige\narbejde, som Karin Micha\u00eblis Selskabet har udf\u00f8rt i de senere \u00e5r. Et samarbejde\naf dygtige og kloge folk, der har form\u00e5et at tr\u00e6kke en stor forfatter ud af\nglemslen og ind p\u00e5 vore reoler. Tak for det.<\/p>\n\n\n\n<p>D.9. marts blev Julie\nMaj Jakobsens skuespil: \u201dDet gode Menneske\u201d s\u00e5 opf\u00f8rt p\u00e5 Egnsteatret i Randers.\nHer var vi igen mange mennesker samlede, og vi kunne gl\u00e6de os over et velspillet\ndrama med gode skuespilpr\u00e6stationer. Alligevel sad jeg tilbage med en underlig\nf\u00f8lelse af, at den Karin Micha\u00eblis, der blev fremstillet p\u00e5 scenen ikke helt\nvar den \u00e6gte vare. Hun lignede i al fald slet ikke den kvinde, jeg har l\u00e6rt at\nkende og beundre gennem l\u00e6sningen af hendes b\u00f8ger og den r\u00e6kke af publikationer\nom hendes liv, som Karin Micha\u00eblis Selskabet har udgivet. &nbsp;<\/p>\n\n\n\n<p>I teaterstykket f\u00f8lger\nman forfatteren gennem livet, og man m\u00f8der et menneske, der udnyttes af sine\nmedmennesker og gradvis nedbrydes af livets tilskikkelser, og i slutscenen ser\nvi en kvinde, der fortvivlet segner om p\u00e5 scenen, ber\u00f8vet alt, ogs\u00e5 h\u00e5bet. &nbsp;<\/p>\n\n\n\n<p>Men s\u00e5dan tror jeg\nikke, virkelighedens Karin Micha\u00eblis var, hverken i sit livs f\u00f8rste eller\nsidste scener. Hun var for det f\u00f8rste utrolig produktiv og havde succes med\nsine b\u00f8ger, der ud over at v\u00e6re god litteratur ogs\u00e5 tematiserede tidens aktuelle\nsp\u00f8rgsm\u00e5l. Hun var ikke bange for at behandle tabuiserede emner, og hun var skarp\nog modig og skrev det, hun mente uden selvcensur. Hun m\u00f8dte naturligvis\nmodstand, men hun vendte den aldrig ryggen. Selv n\u00e5r hun stod over for en\nrasende forsamling, hvor alle var enige om at v\u00e6re forargede, s\u00e5 lykkedes det\nhende at bevare roen og ogs\u00e5 at tale publikum til ro. Hun var kort sagt en st\u00e6rk\nkvinde, og hun bevarede sin styrke til det sidste. Jeg h\u00f8rte en radioudsendelse,\nhvor hun bliver interviewet efter sin tilbagekomst fra USA, hvor hun levede i\nunder eksil i bes\u00e6ttelsen. P\u00e5 det tidspunkt ejede hun ingenting, det er sandt\nnok, men alligevel er det bestemt ikke en desillusioneret kvinde, der taler\nher. <\/p>\n\n\n\n<p>Titlen \u201dDet gode Menneske\u201d,\nmen egentlig ogs\u00e5 stykkets forl\u00f8b, er inspireret af Bertolt Brechts \u201dDet gode\nMenneske fra Sezuan\u201d. Brecht boede i 1937 en tid i Karin Micha\u00eblis\u2019 hus Torelore\np\u00e5 Thur\u00f8, og efter sigende var det her, han blev inspireret til sit stykke om\ndet gode menneske. Brechts kone var j\u00f8de, og selv var han socialist, og her p\u00e5\nThur\u00f8 levede de i Micha\u00eblis\u2019 asyl ligesom mange andre forfulgte og n\u00f8dstedte\nkunstnere.&nbsp; <\/p>\n\n\n\n<p>Men ideen i hans\nstykke, ligesom i mange andre v\u00e6rker om \u201ddet gode menneske\u201d, er imidlertid, at uskylden\n(det gode) er uden forsvar over for verdens ondskab og derfor altid vil blive\nmisbrugt. Det er et ofte forekommende tema i kunsten, s\u00e5ledes i Bunuels\n\u201dViridiana\u201d, i Bergmans \u201dJomfrukilden\u201d og i Dostojevskijs \u201dIdioten\u201d for blot at\nn\u00e6vne nogle eksempler. Den gode er i bund og grund et offer for det onde. Det\nonde er styrke, det gode er svaghed. Men Karin Micha\u00eblis viser i sine v\u00e6rker og\ni sit liv det modsatte: godhed er styrke. <\/p>\n\n\n\n<p>Karin Micha\u00eblis vidste\ns\u00e5 godt som nogen, at ondskaben findes, og hendes liv var en lang kamp mod\nm\u00f8rke kr\u00e6fter, og i sine v\u00e6rker viser hun ligesom i sit eget liv tydeligt sin\nforagt for det lave og usle i mennesker, og hun udleverer det sk\u00e5nselsl\u00f8st. <\/p>\n\n\n\n<p>Den tids lumske vira: nazismen\nog fascismen voksede dag for dag og inficerede i 30\u2019erne hele Europa. Og i den\nkamp var hun aktiv og deltog hun uforf\u00e6rdet, og hun brugte de v\u00e5ben, hun beherskede\ns\u00e5 suver\u00e6nt: ordene og sit eget eksempel. <\/p>\n\n\n\n<p>Det kan godt synes, som\nom Karin Micha\u00eblis oplever et voldsomt fald hen mod slutningen af sit liv. Hun\nhavde v\u00e6ret ber\u00f8mt i det meste af Europa, og hun kunne sagtens have v\u00e6ret\nvelhavende i sin alderdom, for hun var utrolig produktiv og solgte godt i lange\nperioder af sit liv. Men hun var ligeglad med penge, dem gav hun v\u00e6k, og ingen\naf hendes dr\u00f8mme lignede Britta Nielsens. Hun dr\u00f8mte om en bedre og mere retf\u00e6rdig\nverden, og hun brugte sit liv p\u00e5 at virkeligg\u00f8re idealet. <\/p>\n\n\n\n<p>Et liv i luksus og\noverflod ville hun have foragtet. Blandt andet derfor har vi grund til at \u00e6re\nhende. <\/p>\n","protected":false},"excerpt":{"rendered":"<p>Da avisartiklen om Karin Michaelis blev s\u00e5 utydelig skriver jeg overs\u00e6ttelsen her. Hun er faktisk en forfatter, der fortjener at blive l\u00e6st og genl\u00e6st. 7. marts. En m\u00e6rkedag for Randers. Og den n\u00e5ede vi heldigvis, inden verden gik af lave. &hellip; <a href=\"https:\/\/blog.hesselholt.com\/index.php\/2020\/04\/15\/karin-michaelis-en-randers-forfatter-endelig-haedret\/\">L\u00e6s resten <span class=\"meta-nav\">&rarr;<\/span><\/a><\/p>\n","protected":false},"author":3,"featured_media":0,"comment_status":"open","ping_status":"open","sticky":false,"template":"","format":"standard","meta":{"footnotes":""},"categories":[1],"tags":[],"class_list":["post-8037","post","type-post","status-publish","format-standard","hentry","category-uncategorized"],"_links":{"self":[{"href":"https:\/\/blog.hesselholt.com\/index.php\/wp-json\/wp\/v2\/posts\/8037","targetHints":{"allow":["GET"]}}],"collection":[{"href":"https:\/\/blog.hesselholt.com\/index.php\/wp-json\/wp\/v2\/posts"}],"about":[{"href":"https:\/\/blog.hesselholt.com\/index.php\/wp-json\/wp\/v2\/types\/post"}],"author":[{"embeddable":true,"href":"https:\/\/blog.hesselholt.com\/index.php\/wp-json\/wp\/v2\/users\/3"}],"replies":[{"embeddable":true,"href":"https:\/\/blog.hesselholt.com\/index.php\/wp-json\/wp\/v2\/comments?post=8037"}],"version-history":[{"count":0,"href":"https:\/\/blog.hesselholt.com\/index.php\/wp-json\/wp\/v2\/posts\/8037\/revisions"}],"wp:attachment":[{"href":"https:\/\/blog.hesselholt.com\/index.php\/wp-json\/wp\/v2\/media?parent=8037"}],"wp:term":[{"taxonomy":"category","embeddable":true,"href":"https:\/\/blog.hesselholt.com\/index.php\/wp-json\/wp\/v2\/categories?post=8037"},{"taxonomy":"post_tag","embeddable":true,"href":"https:\/\/blog.hesselholt.com\/index.php\/wp-json\/wp\/v2\/tags?post=8037"}],"curies":[{"name":"wp","href":"https:\/\/api.w.org\/{rel}","templated":true}]}}