{"id":7191,"date":"2018-10-20T11:20:27","date_gmt":"2018-10-20T11:20:27","guid":{"rendered":"http:\/\/blog.hesselholt.com\/?p=7191"},"modified":"2018-10-20T11:20:27","modified_gmt":"2018-10-20T11:20:27","slug":"lidt-bragesnak","status":"publish","type":"post","link":"https:\/\/blog.hesselholt.com\/index.php\/2018\/10\/20\/lidt-bragesnak\/","title":{"rendered":"LIDT BRAGESNAK"},"content":{"rendered":"<p><img decoding=\"async\" class=\"aligncenter\" src=\"https:\/\/blog.hesselholt.com\/wp-content\/uploads\/2015\/11\/630cd425-23f1-42b5-ba1e-281ea601858a3.jpg\" alt=\"\" \/><br \/>\n<strong><strong>Velkommen til min blog,<\/strong>\u00a0der er en blanding af mangt og meget. Du kan orientere dig om indholdet p\u00e5 emnelisten ude til h\u00f8jre. Her kan du klikke dig ind p\u00e5 det emne, der m\u00e5ske kunne have din interesse. Jeg fort\u00e6ller f\u00f8rst og fremmest om de b\u00f8ger, jeg har skrevet, skriver p\u00e5 og m\u00e5ske vil skrive. Du kan s\u00e5ledes finde en del researchsider, idet siden ogs\u00e5 er en slags v\u00e6rksted af f\u00e6rdige og uf\u00e6rdige skrifter. Vil du vide mere om forfatterens tanker om og tilgang til sit job , er der ogs\u00e5 en rubrik til det, \u201cforfatteren\u201d s\u00e5m\u00e6nd. Mere personlige oplysninger kan man finde p\u00e5 min hjemmeside www.hesselholt.com<\/strong><br \/>\n&nbsp;<br \/>\nNogle tanker om Grundtvig og alle de andre hovedhj\u00f8rnestene i dansk kulturliv. Set fra k\u00f8kkenet og vaskebaljen.<br \/>\nJa s\u00e5m\u00e6nd, Jeg er p\u00e5 vej ind i Ove Korsgaards nyeste bog: \u201dGrundtvig rundt\u201d, og da kom jeg til at t\u00e6nke p\u00e5, hvor forskelligt, man kan vurdere den herre, og mange andre. Alt efter hvilke \u00f8jne, der ser og fra hvilken vinkel.<br \/>\nJeg s\u00e6tter stor pris p\u00e5 Korsgaards b\u00f8ger \u2013 han har en b\u00e5de p\u00e6dagogisk og videnskabelig pen. Man bliver klogere p\u00e5 s\u00e5 meget af at l\u00e6se hans b\u00f8ger. Men det her er jo ingen anmeldelse, og desuden har jeg endnu ikke l\u00e6st bogen.<br \/>\nMen nu er det alts\u00e5 Grundtvig.<br \/>\nGrundtvig ja.<br \/>\nSagen er den, at jeg netop i nat n\u00e5ede til vejs ende i den alenlange erindringsbog ( to tykke bind) , som pr\u00e6stekonen Eline Boisens skrev i 1800-tallet om de mennesker, hun m\u00f8dte p\u00e5 sin vej. Og hvilken vrimmel. Alle de kendte. Og Grundtvig i h\u00f8j grad. Og hun har ikke for fem flade \u00f8rer agtelse for ham. 1800-tallet var et \u00e5rhundrede, hvor folk fra embedsstanden og det p\u00e6ne borgerskab l\u00f8b ud og ind af hinandens d\u00f8re, spiste ved hinandens borde og sov i hinandens senge ( i al \u00e6rbarhed).<br \/>\nMan var sammen, trods pladsmangel og mangel p\u00e5 alt muligt andet. Man sultede jo ikke ligefrem, sk\u00f8nt maden ofte var enkel, mad var der nok af, men man sparede, man fr\u00f8s, og man havde altid en eller flere syge personer i husstanden. Navnlig b\u00f8rnene var syge og mange d\u00f8de. Det forst\u00e5r man godt. Det virker, som om hygiejne var et ukendt begreb, og sm\u00e5 b\u00f8rn, der ikke ville amme \u2013 og som man ikke lige kunne skaffe en amme til ( og hun var som regel snavset og havde fnat) \u2013 de b\u00f8rn fodrede man med v\u00e6lling \u2013 det t\u00e5lte sm\u00e5 maver ikke.<br \/>\nDet enest\u00e5ende ved Eline Boisens erindringer er imidlertid, at det for f\u00f8rste gang er en kvinde, der \u201dtaler ud\u201d \u2013 og det g\u00f8r hun til gavns og lige ud af sit fortravlede koneliv.<br \/>\nMen det var Grundtvig, vi kom fra.<br \/>\nGrundtvig. Han er i hendes \u00f8jne totalt blottet for empati. Han mishandler sin stakkels kone med sin surhed og \u00e5benlyse foragt for alt, hvad denne st\u00e5r for, og han flirter \u00e5benlyst med andre damer, mens hans hustru er ved at gr\u00e6mme sig ihjel \u2013 hvilket til sidst lykkes, og s\u00e5 gifter han sig igen, og s\u00e5 snart han er gift, retter han sin surhed mod den nye kone. Osv.<br \/>\nOg det er jo et billede af Grundtvig, som vi slet ikke bryder os om. Vi kender det dog en smule fra Ingemann, der ogs\u00e5 undertiden bebrejder Grundtvig det heftige og iltre temperament \u2013 det ser vi i brevene, de to skriver til hinanden. Af denne korrespondance h\u00f8rer vi ogs\u00e5, at Grundtvigs s\u00f8nner har v\u00e6ret hjemme fra 3-\u00e5rskrigen uden at ops\u00f8ge deres far. \u00a0Ja, t\u00e6nkte jeg, da i sin tid l\u00e6ste Grundtvigs syrlige brev til Ingemann om de to unge m\u00e6nds d\u00e5rlige opf\u00f8rsel over for far, m\u00e5ske kunne de ikke helt tilgive ham, at han sendte dem i krig. En krig, han selv var for gammel til at deltage i. Og den gamles bragesnak om romantisk helted\u00e5d for konge og f\u00e6dreland var m\u00e5ske ikke lige det, de unge m\u00e6nd s\u00e5 og oplevede ved Dybb\u00f8l.<br \/>\nJa. Grundtvig var muligvis akkurat s\u00e5 uomg\u00e6ngelig, som den gode pr\u00e6stekone mener. Men han var jo alligevel Grundtvig. Og vi vil ALTID elske hans salmer. Ligesom vi altid vil elske Ingemanns og Jakob Knudsens. Lige meget, hvor f\u00e5ret, de s\u00e5 bar sig ad i livet \u2013 s\u00e5 havde de jo alligevel talentets n\u00e5degave. Og til min begravelse, vil jeg stadig gerne, at man synger: Hil dig Frelser og Forsoner &#8211;<br \/>\n&nbsp;<br \/>\n&nbsp;<br \/>\n&nbsp;<\/p>\n","protected":false},"excerpt":{"rendered":"<p>Velkommen til min blog,\u00a0der er en blanding af mangt og meget. Du kan orientere dig om indholdet p\u00e5 emnelisten ude til h\u00f8jre. Her kan du klikke dig ind p\u00e5 det emne, der m\u00e5ske kunne have din interesse. Jeg fort\u00e6ller f\u00f8rst &hellip; <a href=\"https:\/\/blog.hesselholt.com\/index.php\/2018\/10\/20\/lidt-bragesnak\/\">L\u00e6s resten <span class=\"meta-nav\">&rarr;<\/span><\/a><\/p>\n","protected":false},"author":3,"featured_media":0,"comment_status":"open","ping_status":"open","sticky":false,"template":"","format":"standard","meta":{"footnotes":""},"categories":[18],"tags":[120,167],"class_list":["post-7191","post","type-post","status-publish","format-standard","hentry","category-litteratur","tag-elnie-boisen","tag-grundtvig"],"_links":{"self":[{"href":"https:\/\/blog.hesselholt.com\/index.php\/wp-json\/wp\/v2\/posts\/7191","targetHints":{"allow":["GET"]}}],"collection":[{"href":"https:\/\/blog.hesselholt.com\/index.php\/wp-json\/wp\/v2\/posts"}],"about":[{"href":"https:\/\/blog.hesselholt.com\/index.php\/wp-json\/wp\/v2\/types\/post"}],"author":[{"embeddable":true,"href":"https:\/\/blog.hesselholt.com\/index.php\/wp-json\/wp\/v2\/users\/3"}],"replies":[{"embeddable":true,"href":"https:\/\/blog.hesselholt.com\/index.php\/wp-json\/wp\/v2\/comments?post=7191"}],"version-history":[{"count":0,"href":"https:\/\/blog.hesselholt.com\/index.php\/wp-json\/wp\/v2\/posts\/7191\/revisions"}],"wp:attachment":[{"href":"https:\/\/blog.hesselholt.com\/index.php\/wp-json\/wp\/v2\/media?parent=7191"}],"wp:term":[{"taxonomy":"category","embeddable":true,"href":"https:\/\/blog.hesselholt.com\/index.php\/wp-json\/wp\/v2\/categories?post=7191"},{"taxonomy":"post_tag","embeddable":true,"href":"https:\/\/blog.hesselholt.com\/index.php\/wp-json\/wp\/v2\/tags?post=7191"}],"curies":[{"name":"wp","href":"https:\/\/api.w.org\/{rel}","templated":true}]}}