{"id":6258,"date":"2017-01-11T11:00:42","date_gmt":"2017-01-11T11:00:42","guid":{"rendered":"http:\/\/blog.hesselholt.com\/?p=6258"},"modified":"2017-01-11T11:00:42","modified_gmt":"2017-01-11T11:00:42","slug":"og-dagen-opringer-spillet-om-fussingo","status":"publish","type":"post","link":"https:\/\/blog.hesselholt.com\/index.php\/2017\/01\/11\/og-dagen-opringer-spillet-om-fussingo\/","title":{"rendered":"OG DAGEN OPRINDER &#8230; Fussing\u00f8spillet"},"content":{"rendered":"<p><strong><img decoding=\"async\" class=\"aligncenter\" src=\"https:\/\/blog.hesselholt.com\/wp-content\/uploads\/2015\/11\/630cd425-23f1-42b5-ba1e-281ea601858a3.jpg\" alt=\"\" \/><\/strong><br \/>\n<strong><strong>Velkommen til min blog,<\/strong>\u00a0der er en blanding af mangt og meget. Du kan orientere dig om indholdet p\u00e5 emnelisten ude til h\u00f8jre. Her kan du klikke dig ind p\u00e5 det emne, der m\u00e5ske kunne have din interesse. Jeg fort\u00e6ller f\u00f8rst og fremmest om de b\u00f8ger, jeg har skrevet, skriver p\u00e5 og m\u00e5ske vil skrive. Du kan s\u00e5ledes finde en del researchsider. Vil du vide mere om forfatterens tanker om og tilgang til sit job , er der ogs\u00e5 en rubrik til det, &#8220;forfatteren&#8221; s\u00e5m\u00e6nd. Mere personlige oplysninger kan man finde p\u00e5 min hjemmeside: www.hesselholt.com<\/strong><br \/>\nI det f\u00f8lgende har jeg t\u00e6nkt at rekonstruere det gamle spil, der gik over scenen ( det gr\u00f8nne gr\u00e6s) i Fussing\u00f8parken i nogle smukke sommerdage i 1988. Med det fejredes 200 \u00e5rs dagen for stavnsb\u00e5ndets oph\u00e6velse, og jeg havde f\u00e5et den opgave at skrive og instruere stykket. Det sidste sammen med Jytte Nielsen. Det var p\u00e5 alle m\u00e5der en stor og dejlig opgave. Desv\u00e6rre havde vi en helt umulig fotograf ( professionel oven i k\u00f8bet) som skulle optage det hele p\u00e5 video, det kludrede han med, s\u00e5 der findes ingen optagelse. Kun nogle billeder, som jeg vil l\u00e6gge p\u00e5 bloggen og samtidig fors\u00f8ge at rekonstruere stykket ord for ord. Og det er vanskeligt, for jeg har kun nogle s\u00f8lle kladder. Pr\u00f8ver at s\u00e6tte dem sammen, s\u00e5 man kan l\u00e6se det.<br \/>\nOm stykket ganske kort. Det er et egnsspil, hvori alle personerne med udtagelse af det unge par, kn\u00f8sen S\u00f8ren og pigen Mette, er uatentiske. De er gravet frem af gamle arkiver. Pastor Boisen var alts\u00e5 virkelig pr\u00e6st i Bjerregrav i 1875. I stykket holder han en tale i anledning af, at b\u00f8nderne har opstillet en \u00e6resstatue af grev Ludvig Scheel von Plessen. S\u00e5 vidt jeg husker, fandt jeg hans tale i en gammel avis. Den er alts\u00e5 ogs\u00e5 \u00e6gte nok. Det samme g\u00e6lder som sagt hele det \u00f8vrige persongalleri. De har virkelig levet og virket p\u00e5 egnen.<br \/>\n<a href=\"https:\/\/blog.hesselholt.com\/wp-content\/uploads\/2017\/01\/fests3.jpg\"><img loading=\"lazy\" decoding=\"async\" class=\"aligncenter size-full wp-image-6270\" title=\"fests3\" src=\"https:\/\/blog.hesselholt.com\/wp-content\/uploads\/2017\/01\/fests3.jpg\" alt=\"\" width=\"880\" height=\"576\" srcset=\"https:\/\/blog.hesselholt.com\/wp-content\/uploads\/2017\/01\/fests3.jpg 880w, https:\/\/blog.hesselholt.com\/wp-content\/uploads\/2017\/01\/fests3-300x196.jpg 300w, https:\/\/blog.hesselholt.com\/wp-content\/uploads\/2017\/01\/fests3-768x503.jpg 768w\" sizes=\"auto, (max-width: 880px) 100vw, 880px\" \/><\/a><br \/>\n<span style=\"font-weight: 300;\">Publikum til generalpr\u00f8ven<\/span><br \/>\n&#8216;En af dagene var det regnvejr<br \/>\n<a href=\"https:\/\/blog.hesselholt.com\/wp-content\/uploads\/2017\/01\/fb.jpg\"><img loading=\"lazy\" decoding=\"async\" class=\"aligncenter size-full wp-image-6287\" title=\"fb\" src=\"https:\/\/blog.hesselholt.com\/wp-content\/uploads\/2017\/01\/fb.jpg\" alt=\"\" width=\"884\" height=\"586\" srcset=\"https:\/\/blog.hesselholt.com\/wp-content\/uploads\/2017\/01\/fb.jpg 884w, https:\/\/blog.hesselholt.com\/wp-content\/uploads\/2017\/01\/fb-300x199.jpg 300w, https:\/\/blog.hesselholt.com\/wp-content\/uploads\/2017\/01\/fb-768x509.jpg 768w\" sizes=\"auto, (max-width: 884px) 100vw, 884px\" \/><\/a><br \/>\n<a href=\"https:\/\/blog.hesselholt.com\/wp-content\/uploads\/2017\/01\/fd.jpg\"><img loading=\"lazy\" decoding=\"async\" class=\"aligncenter size-full wp-image-6286\" title=\"fd\" src=\"https:\/\/blog.hesselholt.com\/wp-content\/uploads\/2017\/01\/fd.jpg\" alt=\"\" width=\"882\" height=\"568\" srcset=\"https:\/\/blog.hesselholt.com\/wp-content\/uploads\/2017\/01\/fd.jpg 882w, https:\/\/blog.hesselholt.com\/wp-content\/uploads\/2017\/01\/fd-300x193.jpg 300w, https:\/\/blog.hesselholt.com\/wp-content\/uploads\/2017\/01\/fd-768x495.jpg 768w\" sizes=\"auto, (max-width: 882px) 100vw, 882px\" \/><\/a><br \/>\n&nbsp;<br \/>\nTre af skuespillerne, Thyge Jensen, Hans Kaltoft og Niels Arne Hansen, hygger sig i en pause under pr\u00f8verne:<br \/>\n<a href=\"https:\/\/blog.hesselholt.com\/wp-content\/uploads\/2017\/01\/fspil2.jpg\"><img loading=\"lazy\" decoding=\"async\" class=\"aligncenter size-full wp-image-6279\" title=\"fspil2\" src=\"https:\/\/blog.hesselholt.com\/wp-content\/uploads\/2017\/01\/fspil2.jpg\" alt=\"\" width=\"896\" height=\"566\" srcset=\"https:\/\/blog.hesselholt.com\/wp-content\/uploads\/2017\/01\/fspil2.jpg 896w, https:\/\/blog.hesselholt.com\/wp-content\/uploads\/2017\/01\/fspil2-300x190.jpg 300w, https:\/\/blog.hesselholt.com\/wp-content\/uploads\/2017\/01\/fspil2-768x485.jpg 768w\" sizes=\"auto, (max-width: 896px) 100vw, 896px\" \/><\/a><br \/>\nOg her kommer f\u00f8rste scene:<\/p>\n<p align=\"center\">OG DAGEN OPRINDER \u2026<\/p>\n<p align=\"center\">ET EGNSSPIL OM FUSSING\u00d8<\/p>\n<p>Scenen er Fussing\u00f8skoven. \u00c5ret 1988. En sommerdag. En familie g\u00e5r tur i skoven. De taler om gamle dage \u2013 hoveritiden, stavnsb\u00e5ndet og om det nye slot og de nye tider sidst i 1700-tallet.. B\u00f8rnene har netop l\u00e6rt om landboreformer, og moderen har brugt tid p\u00e5 at studere egnens historie.<\/p>\n<p align=\"center\"><strong>\u00a0<\/strong><\/p>\n<p align=\"center\"><strong>F\u00d8RSTE DEL<\/strong><\/p>\n<p align=\"center\">en sommerdag i 1988<\/p>\n<p align=\"center\"><strong><\/strong><strong>\u00a0<\/strong><span style=\"font-weight: 300;\">mor \u2013 far \u2013 Mette og S\u00f8ren<\/span><\/p>\n<p><strong>Mor:<\/strong> \u00a0 \u00a0 \u00a0<span style=\"font-weight: 300;\">Hvor herligt, at jeg kunne lokke jer alle 3 med ud. At g\u00e5 her i stedet for at sidde og glo p\u00e5 den \u00e5ndssvage sk\u00e6rm.<\/span><br \/>\n<strong>Mette:<\/strong> \u00a0 \u00a0<span style=\"font-weight: 300;\">Men nu gik far glip af TV-avisen \u2026<\/span><br \/>\n<strong>Far:<\/strong> \u00a0 \u00a0 \u00a0 \u00a0<span style=\"font-weight: 300;\">Sludder! Men \u2026 \u00f8h \u2026 selv ville jeg nu nok have foretrukket en markvandring fremfor det her skovl\u00f8beri. S\u00e5dan en lun og klar juniaften. Kornet, der gror og gr\u00f8nnes for hver dag.<\/span><br \/>\n<strong>Mette<\/strong>: \u00a0 \u00a0\u00a0<span style=\"font-weight: 300;\">\u00c5h, far, du har da ogs\u00e5 kun avl og g\u00f8dning i hovedet!<\/span><br \/>\n<strong>Mor:<\/strong> \u00a0 \u00a0 \u00a0\u00a0<span style=\"font-weight: 300;\">Mette!<\/span><br \/>\n<strong>S\u00f8ren<\/strong>: \u00a0 \u00a0 Jamen, det er da sandt. Far har et rigtigt nyttesyn p\u00e5 naturen.<br \/>\n<strong>Mette: \u00a0<\/strong> \u00a0 Ja, og ogs\u00e5 dig, mor. N\u00e5r du ser hylden blomstre, t\u00e6nker du vist mest p\u00e5, hvor mange liter saft, der kan blive.<br \/>\n<strong>Far:<\/strong> \u00a0 \u00a0 \u00a0 \u00a0<span style=\"font-weight: 300;\">N\u00e5 ja, for os h\u00e6nger natur og arbejde p\u00e5 en m\u00e5de sammen, og det, som man selv har s\u00e5et og set spire og gro, ja det giver nu \u00e9n en helt s\u00e6rlig gl\u00e6de.<\/span><br \/>\n<strong>Mor:<\/strong> \u00a0 \u00a0 \u00a0<span style=\"font-weight: 300;\">Ja, s\u00e5dan er det nok. Men netop her ved Fussing\u00f8 er der s\u00e5 meget, der minder om gamle dages b\u00f8nder og om tider, hvor den gl\u00e6de, som du taler om, ikke var s\u00e5 selvf\u00f8lgelig.<\/span><br \/>\n<strong>S\u00f8ren<\/strong>: \u00a0 \u00a0<span style=\"font-weight: 300;\">Ja. Vi har lige haft om Fussing\u00f8 i skolen. Om borgen i Gammelhave og om b\u00f8nderne og herrem\u00e6ndene dengang. Og ved du hvad, far, hvis vi havde levet for 200 \u00e5r siden, s\u00e5 havde du v\u00e6ret stavnsbunden og hoveriarbejder og\u00a0 \u2026<\/span><br \/>\n<strong>Mor:<\/strong> \u00a0 \u00a0 <span style=\"font-weight: 300;\">H\u00f8r nu! Hvis vi havde levet for 200 \u00e5r siden, s\u00e5 ville vi jo have oplevet stavnsb\u00e5ndets oph\u00e6velse. Og for resten s\u00e5 var b\u00f8nderne her p\u00e5 Fussing\u00f8 meget bedre stillede end de fleste andre i kongeriget. Her havde de deres g\u00e5rde i arvef\u00e6ste, og hoveri var der ikke meget af.<\/span><br \/>\n<strong>Mette:<\/strong> \u00a0 \u00a0<span style=\"font-weight: 300;\">Arvef\u00e6ste, hvad er det?<\/span><br \/>\n<strong>Mor:<\/strong> \u00a0 \u00a0 \u00a0<span style=\"font-weight: 300;\">N\u00e5, det har I alligevel ikke l\u00e6rt. Jo, ser du, de fleste steder kunne herremanden flytte omkring med b\u00f8nderne, som han ville. Ingen kunne vide sig sikker.<\/span><br \/>\n<strong>S\u00f8ren<\/strong>: \u00a0 \u00a0 F\u00f8j, fandt de sig i det.<br \/>\n<strong>Mor:<\/strong> \u00a0 \u00a0 \u00a0<span style=\"font-weight: 300;\">Tja, som regel. Men p\u00e5 Fussing\u00f8 var greven en klog mand. Han vidste, at en bonde var flittigst, hvis han var tryg.<\/span><br \/>\n<strong>S\u00f8ren:<\/strong> \u00a0 \u00a0 S\u00e5 han var en slags tryghedsfond.<br \/>\n<strong>Mor:<\/strong> \u00a0 \u00a0 \u00a0 Ha \u2026 ja, det kan du sige. I al fald havde b\u00f8nderne ret til at beholde deres g\u00e5rde.<br \/>\n<strong>Mette:<\/strong> \u00a0 \u00a0 Er det ikke ogs\u00e5 det, der st\u00e5r p\u00e5 stenen oppe ved slottet.<br \/>\n<strong>Mor:<\/strong> \u00a0 \u00a0 \u00a0<span style=\"font-weight: 300;\">Jo. Og b\u00f8nderne rejste den for pr\u00e6cis hundrede \u00e5r siden for at mindes den greve, der gav dem g\u00e5rdene i arvef\u00e6ste.<\/span><br \/>\n<strong>S\u00f8ren\u00a0<\/strong>\u00a0\u00a0\u00a0 Jo, men f\u00e6steb\u00f8nder var de ligegodt.<br \/>\n<strong>Mor\u00a0<\/strong>\u00a0\u00a0\u00a0\u00a0\u00a0 Godt nok, men friheden blev en mulighed for dem. En ny bonde s\u00e5 en ny fremtid, og det fejrede man for 100 \u00e5r siden lige her. Med en stor fest.<br \/>\n<strong>Mette<\/strong>\u00a0\u00a0\u00a0\u00a0 Den fest ville jeg godt med til.<br \/>\n<strong>Mor\u00a0\u00a0<\/strong>\u00a0\u00a0\u00a0\u00a0 S\u00e5 siger vi det. Vi tager til fest. Hold jer godt fast, for nu rejser vi 100 \u00e5r tilbage, og s\u00e5 \u2026<br \/>\n<strong>Far<\/strong>\u00a0\u00a0\u00a0\u00a0\u00a0\u00a0\u00a0\u00a0 Hold da op. Al det sv\u00e6rmeri og digt. Nej, lad os holde os til virkeligheden. Begge ben p\u00e5 jorden.<br \/>\n<strong>Mor<\/strong>\u00a0\u00a0\u00a0\u00a0\u00a0\u00a0 Du med din jord! Du tr\u00e6nger til at brede vingerne ud og m\u00e6rke luften omkring dig. Og for resten digtning er alts\u00e5 ogs\u00e5 sandhed. Og det jeg nu vil fort\u00e6lle er lige s\u00e5 sandt, som at denne sommeraften er smuk. Digt eller ej.<br \/>\n<strong>Far\u00a0\u00a0<\/strong>\u00a0\u00a0\u00a0\u00a0\u00a0\u00a0 S\u00e5 fort\u00e6l.<\/p>\n<p style=\"text-align: center;\">\u00a0<strong>ANDEN DEL<\/strong><\/p>\n<p style=\"text-align: center;\">En sommerdag i 1875<\/p>\n<p><span style=\"font-weight: 300;\">Personerne tr\u00e6kker ud til siden, og scenen skifter, og tiden er nu 1875. Det er samme sted, og man ser den festlighed, der fandt sted i skoven, da b\u00f8nderne rejste mindest\u00f8tten vor Christian Ludvig Scheel von Plessen. \u00a0Et optog. I spidsen godsforvanter Nannested og pastor Boisen \u2013 derefter f\u00f8lger b\u00f8nder i festdragter.<\/span><br \/>\n<strong>Pastor Boisen:<\/strong>\u00a0\u00a0\u00a0 K\u00e6re arvef\u00e6stere til Fussing\u00f8. Vi er samlede for at mindes og \u00e6re grev Christian Ludvig Scheel von Plessen, som i dag for hundrede \u00e5r siden overdrog jeres forf\u00e6dre deres g\u00e5rde til evig arv og eje. Lad os t\u00e6nke p\u00e5 de ord af profeten: <em>Rejs dig minder\/s\u00e6t dig st\u00f8tter\/agt p\u00e5 sporet\/du har vandret.<\/em> Det er egentlig betydningen af historien, b\u00e5de det hele menneskelivs og hvert folks og hvert enkelt menneskelivs historie, at den ligesom rejser minder, s\u00e6tter st\u00f8tter og peger p\u00e5 sporet. Der vil da ogs\u00e5 v\u00e6re enkelte tider, begivenheder og \u00f8jeblikke, der ligesom byder os at st\u00e5 stille og s\u00e6tte m\u00e6rke derved. Det er det, man har villet her p\u00e5 dette sted, idet danske b\u00f8nder som frie m\u00e6nd af taknemmelighed har rejst en mind-og \u00e6resst\u00f8tte med f\u00f8lgende indskrift: Christian Ludvig Scheel v. Plessen til Fussing\u00f8 gav godsets b\u00f8nder deres g\u00e5rde i arvef\u00e6ste i 1775. Taknemmelige arvef\u00e6stere satte denne mindest\u00f8tte 1875. Denne st\u00f8tte skal nu st\u00e5 her og pege frem som en p\u00e5mindelse om, at sk\u00f8nt Gud gr\u00e6nser vort korte liv af f\u00f8dsel og d\u00f8d, s\u00e5 har han ogs\u00e5 givet os evner og kr\u00e6fter til stedse at arbejde for, at dette jordiske liv kan leves i frihed og lykke. Bondenavnet var fra Arilds tid et h\u00e6dersnavn p\u00e5 en frib\u00e5ren mand, men gennem middelalderen sank bondestanden dybere og dybere ned til tr\u00e6llestand uden eget bo og uden personlig frihed. Samtidig blev kongens magt stedse mere indskr\u00e6nket og lagt under h\u00e5ndf\u00e6stning af de privilegerede st\u00e6nder, adel og gejstlighed. Med Grundtvigs ord: <em>Kongens h\u00e5nd engang var bunden\/folkets stemme l\u00f8d omsonst\/ dog i Danmark blev opfunden\/ k\u00e6rlighedens sk\u00f8nne kunst. <\/em>Det var f\u00f8rst kongeh\u00e5nden, som blev l\u00f8st, idet kongen blev frigjort fra den ut\u00e5lelige h\u00e5ndf\u00e6stning. Men sent gik det, f\u00f8r tr\u00e6lleb\u00e5ndene, som bandt den danske bonde, blev l\u00f8ste. Den landev\u00e6rnslov, som strakte sig over hele landet, udviklede sig til et stavnsb\u00e5nd, der gjorde bonden ikke blot tr\u00e6lbunden til sin hjemstavn, men bragte ham under den vilk\u00e5rlige behandling af herrem\u00e6ndene. F\u00f8rst med stavnb\u00e5ndl\u00f8sningen i 1788 toges det f\u00f8rste sejrrige skridt til bondestandens frig\u00f8relse til som en fri og h\u00e6derlig borger at begynde et nyt liv. Men midt under herremandsv\u00e6ldets v\u00e6rste tryk var der dog herrem\u00e6nd, hvis hjerte slog varmt og opofrende for den samme sag og b\u00e5de st\u00f8ttede den unge prins Frederik og i deres kredse gjorde begyndelsen og forberedte det skridt, der toges i 1788. Blandt disse var greven til Fussing\u00f8, og denne st\u00f8tte skal derfor fremover st\u00e5 som et \u00e6resminde om Christian Ludvig Scheel v. Plessen, som allerede 1775 gjorde b\u00f8nderne p\u00e5 dette sit gods fra f\u00e6stere til fri arvef\u00e6stere med fuld ejendomsret over deres g\u00e5rde.<br \/>\nHer afsl\u00f8res st\u00f8tten.<br \/>\nBillederne nedenfor er nye og viser den 142 \u00e5rige st\u00f8tte, som tr\u00e6nger lidt til en k\u00e6rlig h\u00e5nd:<br \/>\n<a href=\"https:\/\/blog.hesselholt.com\/wp-content\/uploads\/2017\/01\/DSC02905.jpg\"><img loading=\"lazy\" decoding=\"async\" class=\"aligncenter size-large wp-image-6323\" title=\"DSC02905\" src=\"https:\/\/blog.hesselholt.com\/wp-content\/uploads\/2017\/01\/DSC02905-1024x768.jpg\" alt=\"\" width=\"584\" height=\"438\" srcset=\"https:\/\/blog.hesselholt.com\/wp-content\/uploads\/2017\/01\/DSC02905-1024x768.jpg 1024w, https:\/\/blog.hesselholt.com\/wp-content\/uploads\/2017\/01\/DSC02905-300x225.jpg 300w, https:\/\/blog.hesselholt.com\/wp-content\/uploads\/2017\/01\/DSC02905-768x576.jpg 768w, https:\/\/blog.hesselholt.com\/wp-content\/uploads\/2017\/01\/DSC02905-1536x1152.jpg 1536w, https:\/\/blog.hesselholt.com\/wp-content\/uploads\/2017\/01\/DSC02905.jpg 1600w\" sizes=\"auto, (max-width: 584px) 100vw, 584px\" \/><\/a><a href=\"https:\/\/blog.hesselholt.com\/wp-content\/uploads\/2017\/01\/DSC02908.jpg\"><img loading=\"lazy\" decoding=\"async\" class=\"aligncenter size-large wp-image-6324\" title=\"DSC02908\" src=\"https:\/\/blog.hesselholt.com\/wp-content\/uploads\/2017\/01\/DSC02908-817x1024.jpg\" alt=\"\" width=\"584\" height=\"731\" \/><\/a><br \/>\n<strong>Pastor Boisen:\u00a0<\/strong>-Lad denne st\u00f8tte bliver fredet og bevaret og st\u00e5 til velsignelse b\u00e5de for mindet om den h\u00e6dersmand, for hvem den er rejst og for den sl\u00e6gt, til hvilken den er overgivet, og til velsignelse for dem, som har rejst den og for den kommende sl\u00e6gt.<br \/>\n<strong>B\u00f8nderne &#8211;\u00a0<\/strong> H U R R A!!!<br \/>\nNu synges sangen: Frem bondemand frem &#8230;<br \/>\n&nbsp;<br \/>\n&nbsp;<br \/>\n<a href=\"https:\/\/blog.hesselholt.com\/wp-content\/uploads\/2017\/01\/fspil1.jpg\"><img loading=\"lazy\" decoding=\"async\" class=\"aligncenter size-full wp-image-6272\" title=\"fspil1\" src=\"https:\/\/blog.hesselholt.com\/wp-content\/uploads\/2017\/01\/fspil1.jpg\" alt=\"\" width=\"988\" height=\"568\" srcset=\"https:\/\/blog.hesselholt.com\/wp-content\/uploads\/2017\/01\/fspil1.jpg 988w, https:\/\/blog.hesselholt.com\/wp-content\/uploads\/2017\/01\/fspil1-300x172.jpg 300w, https:\/\/blog.hesselholt.com\/wp-content\/uploads\/2017\/01\/fspil1-768x442.jpg 768w\" sizes=\"auto, (max-width: 988px) 100vw, 988px\" \/><\/a><br \/>\nHer ses pastor Boisen tale til b\u00f8nderne i 1875. Det er Thyge Jensen, der spiller rollen som pr\u00e6sten.<br \/>\nHer ses b\u00f8nderne.<br \/>\n<a href=\"https:\/\/blog.hesselholt.com\/wp-content\/uploads\/2017\/01\/fspil4.jpg\"><img loading=\"lazy\" decoding=\"async\" class=\"aligncenter size-full wp-image-6273\" title=\"fspil4\" src=\"https:\/\/blog.hesselholt.com\/wp-content\/uploads\/2017\/01\/fspil4.jpg\" alt=\"\" width=\"888\" height=\"578\" srcset=\"https:\/\/blog.hesselholt.com\/wp-content\/uploads\/2017\/01\/fspil4.jpg 888w, https:\/\/blog.hesselholt.com\/wp-content\/uploads\/2017\/01\/fspil4-300x195.jpg 300w, https:\/\/blog.hesselholt.com\/wp-content\/uploads\/2017\/01\/fspil4-768x500.jpg 768w\" sizes=\"auto, (max-width: 888px) 100vw, 888px\" \/><\/a><br \/>\nB\u00f8nderne g\u00e5r ud til siden. Scenen ligger tom et \u00f8jeblik, s\u00e5 danser b\u00f8nderkarle og piger ind p\u00e5 scenen. Spillemandsmusik og folkedans. Tiden er 1788. Efter en tid kommer en ung bondekn\u00f8s ind. Han er ikke festkl\u00e6dt og synes at lede efter nogen. F\u00e5r \u00f8je p\u00e5 Mette og g\u00e5r hen og tager hendes h\u00e5nd. Tr\u00e6kker hende bort fra de dansende. De danser nu ud. Musikken tier.<br \/>\n<a href=\"https:\/\/blog.hesselholt.com\/wp-content\/uploads\/2017\/01\/fe.jpg\"><img loading=\"lazy\" decoding=\"async\" class=\"aligncenter size-full wp-image-6292\" title=\"fe\" src=\"https:\/\/blog.hesselholt.com\/wp-content\/uploads\/2017\/01\/fe.jpg\" alt=\"\" width=\"888\" height=\"574\" srcset=\"https:\/\/blog.hesselholt.com\/wp-content\/uploads\/2017\/01\/fe.jpg 888w, https:\/\/blog.hesselholt.com\/wp-content\/uploads\/2017\/01\/fe-300x194.jpg 300w, https:\/\/blog.hesselholt.com\/wp-content\/uploads\/2017\/01\/fe-768x496.jpg 768w\" sizes=\"auto, (max-width: 888px) 100vw, 888px\" \/><\/a><br \/>\n&nbsp;<\/p>\n<p style=\"text-align: center;\"><strong>TREDJE DEL<\/strong><\/p>\n<p style=\"text-align: center;\">En sommerdag i 1788<\/p>\n<p style=\"text-align: center;\"><strong>Mette\u00a0\u00a0\u00a0\u00a0\u00a0\u00a0\u00a0\u00a0\u00a0\u00a0\u00a0\u00a0\u00a0\u00a0\u00a0<\/strong><span style=\"font-weight: 300;\"> S\u00f8ren! Hvad vil du her?<\/span><\/p>\n<p><strong>S\u00f8ren\u00a0\u00a0\u00a0\u00a0\u00a0\u00a0\u00a0\u00a0\u00a0\u00a0\u00a0\u00a0\u00a0\u00a0\u00a0 <\/strong>( Bange)\u00a0 shyy \u2026 v\u00e6r stille!<br \/>\n<strong>Mette\u00a0\u00a0\u00a0\u00a0\u00a0\u00a0\u00a0\u00a0\u00a0\u00a0\u00a0\u00a0\u00a0\u00a0\u00a0 (<\/strong>Sl\u00e5r armene om ham). Jamen, hvad er der \u00a0med dig? Hvorfor er du her? Du kunne jo ikke f\u00e5 fri i dag, sagde du, og \u2026<br \/>\n<strong>S\u00f8ren\u00a0\u00a0\u00a0\u00a0\u00a0\u00a0\u00a0\u00a0\u00a0\u00a0\u00a0\u00a0\u00a0\u00a0\u00a0 <\/strong>Mette, jeg \u2026 jeg \u2026<br \/>\n<strong>Mette\u00a0\u00a0\u00a0\u00a0\u00a0\u00a0\u00a0\u00a0\u00a0\u00a0\u00a0\u00a0\u00a0\u00a0\u00a0 <\/strong>Men du ryster jo. Hvad er der sket? Jamen, s\u00e5 svar dog!<br \/>\n<strong>S\u00f8ren\u00a0\u00a0\u00a0\u00a0\u00a0\u00a0\u00a0\u00a0\u00a0\u00a0\u00a0\u00a0\u00a0\u00a0\u00a0 <\/strong>Jeg \u2026 jeg er r\u00f8mmet \u2026<br \/>\n<strong>Mette\u00a0\u00a0\u00a0\u00a0\u00a0\u00a0\u00a0\u00a0\u00a0\u00a0\u00a0\u00a0\u00a0\u00a0\u00a0 <\/strong>R\u00f8mmet!? Hvordan \u2026 hvorfor?<br \/>\n<strong>S\u00f8ren\u00a0\u00a0\u00a0\u00a0\u00a0\u00a0\u00a0\u00a0\u00a0\u00a0\u00a0\u00a0\u00a0\u00a0\u00a0 <\/strong>Jeg er flygtet fra Tjele.<br \/>\n<strong>Mette\u00a0\u00a0\u00a0\u00a0\u00a0\u00a0\u00a0\u00a0\u00a0\u00a0\u00a0\u00a0\u00a0\u00a0\u00a0 <\/strong>Hvad er det, du siger?<br \/>\n<strong>S\u00f8ren\u00a0\u00a0\u00a0\u00a0\u00a0\u00a0\u00a0\u00a0\u00a0\u00a0\u00a0\u00a0\u00a0\u00a0\u00a0 (<\/strong> Langsomt \u2013 ser p\u00e5 hende) Mette, jeg har dig s\u00e5 k\u00e6r.<br \/>\n<strong>Mette\u00a0\u00a0\u00a0\u00a0\u00a0\u00a0\u00a0\u00a0\u00a0\u00a0\u00a0\u00a0\u00a0\u00a0\u00a0 <\/strong>Ja, S\u00f8ren. Ja \u2026 men?<br \/>\n<strong>S\u00f8ren\u00a0\u00a0\u00a0\u00a0\u00a0\u00a0\u00a0\u00a0\u00a0\u00a0\u00a0\u00a0\u00a0\u00a0\u00a0 <\/strong>Og jeg vil leve. Og sammen med dig.<br \/>\n<strong>Mette\u00a0\u00a0\u00a0\u00a0\u00a0\u00a0\u00a0\u00a0\u00a0\u00a0\u00a0\u00a0\u00a0\u00a0\u00a0 (<\/strong>Undrende) Ja, selvf\u00f8lgelig vil du det. Vi er jo trolovede. Jamen, vi skal jo giftes.<br \/>\n<strong>S\u00f8ren\u00a0\u00a0\u00a0\u00a0\u00a0\u00a0\u00a0\u00a0\u00a0\u00a0\u00a0\u00a0\u00a0\u00a0\u00a0 <\/strong>Men forst\u00e5r du, jeg vil leve et ordentligt liv sammen med dig. Jeg er et menneske. Ikke en hund.<br \/>\n<strong>Mette\u00a0\u00a0\u00a0\u00a0\u00a0\u00a0\u00a0\u00a0\u00a0\u00a0\u00a0\u00a0\u00a0\u00a0\u00a0 ( Vredt) <\/strong>Hvorfor flygter du s\u00e5 som en hund. Vi kan ikke leve et ordentligt liv p\u00e5 flugt. Og her kan du ikke v\u00e6re. Det har du ingen ret til \u2013 du har jo ikke noget pas. Og hvem vil huse en flygtning? \u00c5h, S\u00f8ren, hvad har du dog gjort? ( hun skjuler ansigtet i h\u00e6nderne)<br \/>\n<strong>S\u00f8ren\u00a0\u00a0\u00a0\u00a0\u00a0\u00a0\u00a0\u00a0\u00a0\u00a0\u00a0\u00a0\u00a0\u00a0\u00a0 <\/strong>( Tager hendes h\u00e6nder bort \u2013 hun st\u00e5r med b\u00f8jet hoved) Se p\u00e5 mig Mette. Og h\u00f8r, hvad jeg siger. Jeg havde ikke noget valg. Jeg <em>m\u00e5tte<\/em> flygte.<br \/>\n<strong>Mette\u00a0\u00a0\u00a0\u00a0\u00a0\u00a0\u00a0\u00a0\u00a0\u00a0\u00a0\u00a0\u00a0\u00a0\u00a0 <\/strong>Hvorfor? Herskaberne p\u00e5 Tjele er da flinke, det ved jeg. Husker du ikke forrige majdag, da vi dansede sommer-i-by p\u00e5 Tjele, og de fandt ud af, at jeg var dit gadelam og at vi skulle troloves? Husker du, hvor de morede sig, og n\u00e5digfruen \u00f8nskede os s\u00e5 meget godt.<br \/>\n<strong>S\u00f8ren\u00a0\u00a0\u00a0\u00a0\u00a0\u00a0\u00a0\u00a0\u00a0\u00a0\u00a0\u00a0\u00a0\u00a0\u00a0 <\/strong>(Han ler uglad) Ja vist morede de sig. Vi var god underholdning. \u00c5h, men herskaberne er der jo snart sagt aldrig, og vi ser dem s\u00e5 lidt til daglig. Nej du, det er forvalteren, der bestemmer. Og siden den majdag har han villet min ulykke. Og nu vil han, at jeg skal f\u00e6ste g\u00e5rd.<br \/>\n<strong>Mette\u00a0\u00a0\u00a0\u00a0\u00a0\u00a0\u00a0\u00a0\u00a0\u00a0\u00a0\u00a0\u00a0\u00a0\u00a0 <\/strong>(Forundret) Ja, selvf\u00f8lgelig vil han det. Jamen, er du da forrykt, S\u00f8ren? Selvf\u00f8lgelig skal vi f\u00e6ste g\u00e5rd. Hvad skulle vi ellers leve af?<br \/>\n<strong>S\u00f8ren\u00a0\u00a0\u00a0\u00a0\u00a0\u00a0\u00a0\u00a0\u00a0\u00a0\u00a0\u00a0\u00a0\u00a0\u00a0 Leve! <\/strong>Det er jo netop det. Vi skal leve. Men ved du hvad: den mest forfaldne og usle g\u00e5rd til Tjele har han udset til os. Og den kan vi ikke leve af. Men det skal vi. Og ved du, hvorfor? Jo du, fordi jeg er s\u00e5 stor og st\u00e6rk, og fordi du er s\u00e5 kernesund og ser ud til at kunne forvandle sand til muld. Ja, det siger han lige ud. Men jeg <strong>set<\/strong> den g\u00e5rd. Og jorden dertil. Og aldrig, aldrig i livet vil jeg se dig s\u00e5 udpint som den jord og s\u00e5 afrakket som den r\u00f8nne. Aldrig!<br \/>\n<strong>Mette\u00a0\u00a0\u00a0\u00a0\u00a0\u00a0\u00a0\u00a0\u00a0\u00a0\u00a0\u00a0\u00a0\u00a0\u00a0 <\/strong>Hvis g\u00e5rden er s\u00e5 ringe, s\u00e5 kan du n\u00e6gte at ta\u2019 den. Det ved jeg. Det har du ret til.<br \/>\n<strong>S\u00f8ren\u00a0\u00a0\u00a0\u00a0\u00a0\u00a0\u00a0\u00a0\u00a0\u00a0\u00a0\u00a0\u00a0\u00a0\u00a0 <\/strong>Ret! Ha!<br \/>\n<strong>Mette<\/strong>\u00a0\u00a0\u00a0\u00a0\u00a0\u00a0\u00a0\u00a0\u00a0\u00a0\u00a0\u00a0\u00a0\u00a0\u00a0 ja da har vi lov og ret i landet, ved jeg.<br \/>\n<strong>S\u00f8ren\u00a0\u00a0\u00a0\u00a0\u00a0\u00a0\u00a0\u00a0\u00a0\u00a0\u00a0\u00a0\u00a0\u00a0\u00a0 <\/strong>Ja, lov til at makke ret \u2013 det er lov og ret for en bonde. N\u00e6 du, lovene, de er ikke til for dig og mig. \u00c5h, jeg har set s\u00e5 mange fors\u00f8ge sig, endda ved Viborg Herredsting \u2013 men ikke \u00e9n gang har de vundet over forvalteren eller ridefogeden. Nej, Mette, jeg er st\u00e6rk, det ved du, men det spil har jeg ikke kr\u00e6fter til.<br \/>\n<strong>Mette\u00a0\u00a0\u00a0\u00a0\u00a0\u00a0\u00a0\u00a0\u00a0\u00a0\u00a0\u00a0\u00a0\u00a0\u00a0 <\/strong>( T\u00f8vende) Men S\u00f8ren, hvis vi tager rigtig bravt fat \u2026 s\u00e5 kunne vi m\u00e5ske \u2026<br \/>\n<strong>S\u00f8ren\u00a0\u00a0\u00a0\u00a0\u00a0\u00a0\u00a0\u00a0\u00a0\u00a0\u00a0\u00a0\u00a0\u00a0\u00a0 (<\/strong>Afbryder hende hidsigt) Nej Mette! Du skal ikke slide i det hver evige dag. Ikke p\u00e5 den m\u00e5de og ikke til ingen verdens nytte.<br \/>\n<strong>Mette\u00a0\u00a0\u00a0\u00a0\u00a0\u00a0\u00a0\u00a0\u00a0\u00a0\u00a0\u00a0\u00a0\u00a0\u00a0 <\/strong>Jamen S\u00f8ren, hvad med din fars g\u00e5rd? Der arbejder du jo nu, og det er da en god g\u00e5rd, ved jeg. Hvis du bliver flyttet, da er de to gamle ilde stedt. Din bror er jo soldat.<br \/>\n<strong>S\u00f8ren\u00a0\u00a0\u00a0\u00a0\u00a0\u00a0\u00a0\u00a0\u00a0\u00a0\u00a0\u00a0\u00a0\u00a0\u00a0 <\/strong>Det sagde jeg ogs\u00e5 til forvalteren. Min far, sagde jeg, er gammel, han kan ikke mere passe ploven og kreaturerne. Men den satan \u2026 ved du, hvad han svarede? \u2013 Han sagde iskoldt: ja, det m\u00e5 jo bliver herskabets sag. Og for resten kan en anden karl jo f\u00e5 g\u00e5rden og din s\u00f8ster med. S\u00e5 er g\u00e5rden og de gamle i behold. Ah \u2026 det svin!<br \/>\n<strong>Mette\u00a0\u00a0\u00a0\u00a0\u00a0\u00a0\u00a0\u00a0\u00a0\u00a0\u00a0\u00a0\u00a0\u00a0\u00a0 D<\/strong>u har jo holdt g\u00e5rde i god stand. Skulle du ingenting have ud af det, s\u00e5 var det da synd og skam.<br \/>\n<strong>S\u00f8ren\u00a0\u00a0\u00a0\u00a0\u00a0\u00a0\u00a0\u00a0\u00a0\u00a0\u00a0\u00a0\u00a0\u00a0\u00a0 <\/strong> Men han t\u00e6nker lige omvendt. Jeg har holdt g\u00e5rden i fin stand, alts\u00e5 kan jeg f\u00e5 enhver elendig r\u00f8nne i fin stand \u2026<br \/>\n<strong>Mette\u00a0\u00a0\u00a0\u00a0\u00a0\u00a0\u00a0\u00a0\u00a0\u00a0\u00a0\u00a0\u00a0\u00a0\u00a0 <\/strong>Og hvad s\u00e5?<br \/>\n<strong>S\u00f8ren\u00a0\u00a0\u00a0\u00a0\u00a0\u00a0\u00a0\u00a0\u00a0\u00a0\u00a0\u00a0\u00a0\u00a0\u00a0 <\/strong>Jeg sagde: NEJ TAK!<br \/>\n<strong>Mette\u00a0\u00a0\u00a0\u00a0\u00a0\u00a0\u00a0\u00a0\u00a0\u00a0\u00a0\u00a0\u00a0\u00a0\u00a0 <\/strong>Sagde du det?<br \/>\n<strong>S\u00f8ren\u00a0\u00a0\u00a0\u00a0\u00a0\u00a0\u00a0\u00a0\u00a0\u00a0\u00a0\u00a0\u00a0\u00a0\u00a0 <\/strong>Ja. Men s\u00e5 blev han kattevenligt og smilede og smiskede, som om vi var gamle venner. Min gode S\u00f8ren, sagde han, det g\u00f8r mig ondt, men det ser desv\u00e6rre ud til krig, og da du jo alligevel ikke vil makke ret, ja s\u00e5 komme jeg jo nok til at udskrive dig til soldat.<br \/>\n<strong>Mette\u00a0\u00a0\u00a0\u00a0\u00a0\u00a0\u00a0\u00a0\u00a0\u00a0\u00a0\u00a0\u00a0\u00a0\u00a0 <\/strong>Men din bror er jo soldat.<br \/>\n<strong>S\u00f8ren\u00a0\u00a0\u00a0\u00a0\u00a0\u00a0\u00a0\u00a0\u00a0\u00a0\u00a0\u00a0\u00a0\u00a0\u00a0 <\/strong>Det sagde jeg ogs\u00e5 til ham, men han svarede, at det godt nok var synd, at to s\u00e5 raske karle skulle radbr\u00e6kkes ved milit\u00e6ret, men hvis jeg ville v\u00e6re f\u00f8jelig og tage den ledige g\u00e5rd, s\u00e5 skulle han l\u00e6gge et godt ord ind for mig og f\u00e5 mig fritaget for tjeneste. Og nu er jeg her.<br \/>\n<strong>Mette\u00a0\u00a0\u00a0\u00a0\u00a0\u00a0\u00a0\u00a0\u00a0\u00a0\u00a0\u00a0\u00a0\u00a0\u00a0 <\/strong>Hvad skal vi dog g\u00f8re?<br \/>\n<strong>S\u00f8ren\u00a0\u00a0\u00a0\u00a0\u00a0\u00a0\u00a0\u00a0\u00a0\u00a0\u00a0\u00a0\u00a0\u00a0\u00a0 <\/strong>Jo, ser du, jeg har t\u00e6nkt over det, og nu er det s\u00e5dan, at jeg har h\u00f8rt, at i Nederlandene kan man leve som en fri bonde.<br \/>\n<strong>Mette\u00a0\u00a0\u00a0\u00a0\u00a0\u00a0\u00a0\u00a0\u00a0\u00a0\u00a0\u00a0\u00a0\u00a0\u00a0 <\/strong>I hvad for nogle lande? Hvor ligger de?<br \/>\n<strong>S\u00f8ren\u00a0\u00a0\u00a0\u00a0\u00a0\u00a0\u00a0\u00a0\u00a0\u00a0\u00a0\u00a0\u00a0\u00a0\u00a0 <\/strong>\u00c5h, det er ikke s\u00e5 farligt langt borte. Og det er t\u00e6t p\u00e5 England, og der er alle mennesker frie, og der kunne vi m\u00e5ske ogs\u00e5 komme til \u2026<br \/>\n<strong>Mette\u00a0\u00a0\u00a0\u00a0\u00a0\u00a0\u00a0\u00a0\u00a0\u00a0\u00a0\u00a0\u00a0\u00a0\u00a0 <\/strong>Vi?<br \/>\n<strong>S\u00f8ren\u00a0\u00a0\u00a0\u00a0\u00a0\u00a0\u00a0\u00a0\u00a0\u00a0\u00a0\u00a0\u00a0\u00a0\u00a0 <\/strong>Du og jeg, Mette, vi er \u00e9t. Det ved du da. Uden dig vil jeg ikke leve i noget land p\u00e5 jorden.<br \/>\n<strong>Mette\u00a0\u00a0\u00a0\u00a0\u00a0\u00a0\u00a0\u00a0\u00a0\u00a0\u00a0\u00a0\u00a0\u00a0\u00a0 <\/strong>Jamen flygte? Som forfulgte dyr. Og ikke vide, om vi n\u00e5r frem \u2013 eller til hvad. Nej, S\u00f8ren, det vil jeg ikke.<br \/>\n<strong>S\u00f8ren\u00a0\u00a0\u00a0\u00a0\u00a0\u00a0\u00a0\u00a0\u00a0\u00a0\u00a0\u00a0\u00a0\u00a0\u00a0 <\/strong>Og jeg vil ikke vende tilbage til Tjele.<br \/>\n<strong>Mette\u00a0\u00a0\u00a0\u00a0\u00a0\u00a0\u00a0\u00a0\u00a0\u00a0\u00a0\u00a0\u00a0\u00a0\u00a0 <\/strong>M\u00e5ske kunne vi tale med herren.<br \/>\n<strong>S\u00f8ren\u00a0\u00a0\u00a0\u00a0\u00a0\u00a0\u00a0\u00a0\u00a0\u00a0\u00a0\u00a0\u00a0\u00a0\u00a0 <\/strong>Med L\u00fcttichau?<br \/>\n<strong>Mette\u00a0\u00a0\u00a0\u00a0\u00a0\u00a0\u00a0\u00a0\u00a0\u00a0\u00a0\u00a0\u00a0\u00a0\u00a0 <\/strong>Nej, dit fjols. Men grev Plessen. Med min greve.<br \/>\n<strong>S\u00f8ren\u00a0\u00a0\u00a0\u00a0\u00a0\u00a0\u00a0\u00a0\u00a0\u00a0\u00a0\u00a0\u00a0\u00a0\u00a0 <\/strong>( M\u00f8rkt) <strong>din<\/strong> greve! Siden hvorn\u00e5r er han din? Og hvad med mig? Er du min eller grevens.<br \/>\n<strong>Mette\u00a0\u00a0\u00a0\u00a0\u00a0\u00a0\u00a0\u00a0\u00a0\u00a0\u00a0\u00a0\u00a0\u00a0\u00a0 <\/strong>Nu er du dum.<br \/>\n<strong>S\u00f8ren\u00a0\u00a0\u00a0\u00a0\u00a0\u00a0\u00a0\u00a0\u00a0\u00a0\u00a0\u00a0\u00a0\u00a0\u00a0 <\/strong>Desuden taler han sikkert ikke dansk.<br \/>\n<strong>Mette\u00a0\u00a0\u00a0\u00a0\u00a0\u00a0\u00a0\u00a0\u00a0\u00a0\u00a0\u00a0\u00a0\u00a0\u00a0 <\/strong>(Vredt) Vel g\u00f8r han s\u00e5! Han er liges\u00e5 dansk som du er og for resten et menneske og en kristen.<br \/>\n<strong>S\u00f8ren\u00a0\u00a0\u00a0\u00a0\u00a0\u00a0\u00a0\u00a0\u00a0\u00a0\u00a0\u00a0\u00a0\u00a0\u00a0 <\/strong>Et menneske! Og kristen! Hvor dum tror du jeg er.<br \/>\n<strong>Mette\u00a0\u00a0\u00a0\u00a0\u00a0\u00a0\u00a0\u00a0\u00a0\u00a0\u00a0\u00a0\u00a0\u00a0\u00a0 <\/strong>\u00c5h nej, S\u00f8ren, der kommer nogen. Skjul dig \u2013 hurtigt. Der bag buskene.<br \/>\n<strong>S\u00f8ren\u00a0\u00a0\u00a0\u00a0\u00a0\u00a0\u00a0\u00a0\u00a0\u00a0\u00a0\u00a0\u00a0\u00a0\u00a0 <\/strong>Nej. N\u00e5r du ikke vil flygte sammen med mig, s\u00e5 kan det hele v\u00e6re lige meget.<br \/>\n<strong>Mette\u00a0\u00a0\u00a0\u00a0\u00a0\u00a0\u00a0\u00a0\u00a0\u00a0\u00a0\u00a0\u00a0\u00a0\u00a0 <\/strong>\u00c5h Gud, det er pr\u00e6sten. S\u00e5 er vi fortabte.<br \/>\n<a href=\"https:\/\/blog.hesselholt.com\/wp-content\/uploads\/2017\/01\/fc.jpg\"><img loading=\"lazy\" decoding=\"async\" class=\"aligncenter size-full wp-image-6290\" title=\"fc\" src=\"https:\/\/blog.hesselholt.com\/wp-content\/uploads\/2017\/01\/fc.jpg\" alt=\"\" width=\"263\" height=\"468\" srcset=\"https:\/\/blog.hesselholt.com\/wp-content\/uploads\/2017\/01\/fc.jpg 263w, https:\/\/blog.hesselholt.com\/wp-content\/uploads\/2017\/01\/fc-169x300.jpg 169w\" sizes=\"auto, (max-width: 263px) 100vw, 263px\" \/><\/a><br \/>\n<strong>Pastor Brandt\u00a0 (<\/strong> med inkvisitionsstemme) Aha! Ser man det! her st\u00e5r du, min pige og gantes fr\u00e6kt i skovens syndige skjul \u2013 men husk: intet er skjult for Herren \u2013 Og hvem er s\u00e5 han?<br \/>\n<strong>S\u00f8ren\u00a0\u00a0\u00a0\u00a0\u00a0\u00a0\u00a0\u00a0\u00a0\u00a0\u00a0\u00a0\u00a0\u00a0\u00a0 <\/strong>Jeg \u2026 jeg \u2026<br \/>\n<strong>Brandt\u00a0\u00a0\u00a0\u00a0\u00a0\u00a0\u00a0\u00a0\u00a0\u00a0\u00a0\u00a0\u00a0 <\/strong>(Afbryder skarpt) Tak, han kan svare, n\u00e5r der tales til ham. Jeg spurgte hende. N\u00e5\u00e5\u00e5hhhh!?<br \/>\n<strong>Mette\u00a0\u00a0\u00a0\u00a0\u00a0\u00a0\u00a0\u00a0\u00a0\u00a0\u00a0\u00a0\u00a0\u00a0\u00a0 <\/strong>(Forsagt) Det \u2026 det er min f\u00e6tter, min f\u00e6tter \u2026 Erik.<br \/>\n<strong>Brandt<\/strong>\u00a0\u00a0\u00a0\u00a0\u00a0\u00a0\u00a0\u00a0\u00a0\u00a0\u00a0\u00a0\u00a0 Jas\u00e5 jas\u00e5, t\u00e6nk er det virkelig? F\u00e6tter Erik? Og hvor kommer s\u00e5 f\u00e6tter Erik fra?<br \/>\n<strong>S\u00f8ren\u00a0\u00a0\u00a0\u00a0\u00a0\u00a0\u00a0\u00a0\u00a0\u00a0\u00a0\u00a0\u00a0\u00a0\u00a0 <\/strong>(hurtigt) Jeg kommer fra Tjele.<br \/>\n<strong>Brandt<\/strong>\u00a0\u00a0\u00a0\u00a0\u00a0\u00a0\u00a0\u00a0\u00a0\u00a0\u00a0\u00a0\u00a0 Hvor interessant \u2013 yderst interessant, m\u00e5 jeg sige. Fra Tjele ( til Mette) du lyver. Du har ingen sl\u00e6gtninge p\u00e5 Tjele. En l\u00f8gnerske er du og det for din pr\u00e6sts hellige \u00e5syn. Det slags g\u00f8r man ikke ustraffet. Og straffen for us\u00e6delighed er tamperretten.<br \/>\n<strong>S\u00f8ren<\/strong>\u00a0\u00a0\u00a0\u00a0\u00a0\u00a0\u00a0\u00a0\u00a0\u00a0\u00a0\u00a0\u00a0\u00a0\u00a0 (Vredt) Der er ingen grund til at straffe Mette. Jeg er hendes trolovede. Jeg er her i lovligt bes\u00f8g.<br \/>\n<strong>Brandt<\/strong>\u00a0\u00a0\u00a0\u00a0\u00a0\u00a0\u00a0\u00a0\u00a0\u00a0\u00a0\u00a0\u00a0 Man trolover sig ikke med sin kusine. S\u00e5 I lyver begge. Men sandheden skal komme for en dag, s\u00e5ledes som alt skal \u00e5benbares for den alm\u00e6gtige p\u00e5 den yderste dag. \u00c5h, dette skarn og s\u00f8le, man m\u00e5 smudse sj\u00e6len med i denne jammerdal!<br \/>\n<strong>Mette<\/strong>\u00a0\u00a0\u00a0\u00a0\u00a0\u00a0\u00a0\u00a0\u00a0\u00a0\u00a0\u00a0\u00a0\u00a0\u00a0 L\u00f8b, S\u00f8ren l\u00f8b!<br \/>\n<strong>Brandt<\/strong>\u00a0\u00a0\u00a0\u00a0\u00a0\u00a0\u00a0\u00a0\u00a0\u00a0\u00a0\u00a0\u00a0 Nej, holdt \u2013 holdt i kirkens navn!<br \/>\nDa S\u00f8ren vender sig og l\u00f8ber, st\u00f8der han ind i fru Agathe Scheel von Plessen.<br \/>\n<strong>Grevinden\u00a0\u00a0\u00a0\u00a0\u00a0\u00a0\u00a0 <\/strong>Hov hov unge mand!<br \/>\n<strong>S\u00f8ren\u00a0\u00a0\u00a0\u00a0\u00a0\u00a0\u00a0\u00a0\u00a0\u00a0\u00a0\u00a0\u00a0\u00a0\u00a0 <\/strong>\u00c5h, om forladelse, n\u00e5dige frue.<br \/>\n<strong>Grevinden\u00a0\u00a0\u00a0\u00a0\u00a0\u00a0\u00a0 <\/strong>Ja, du ligner rigtignok en, der er faldet i un\u00e5de \u2026<br \/>\n<strong>S\u00f8ren\u00a0\u00a0\u00a0\u00a0\u00a0\u00a0\u00a0\u00a0\u00a0\u00a0\u00a0\u00a0\u00a0\u00a0\u00a0 <\/strong>Ja, vi, jeg, vi, det \u2026 ( han g\u00e5r over og tager Mette i h\u00e5nden \u2013 de st\u00e5r lidt, men da ingen tager notits af dem, lister de ud.<br \/>\n<strong>Grevinden\u00a0\u00a0\u00a0\u00a0\u00a0\u00a0\u00a0 <\/strong>Pastor Brandt! \u00a0De her? Det forbavser mig. De er dog ellers kendt for p\u00e5 det kraftigste at tage afstand fra sommerfester.<br \/>\n<strong>Brandt<\/strong>\u00a0\u00a0\u00a0\u00a0\u00a0\u00a0\u00a0\u00a0\u00a0\u00a0\u00a0\u00a0\u00a0 Da kan jeg forsikre grevinden om, at jeg rigtignok ogs\u00e5 udelukkende er her for p\u00e5 det kraftigste at tage afstand!<br \/>\n<strong>Grevinden\u00a0\u00a0\u00a0\u00a0\u00a0\u00a0\u00a0 <\/strong>En noget besynderlig m\u00e5de, m\u00e5 jeg sige. Men hvorfor kan De dog ikke i stedet frydes over ungdommens livsgl\u00e6de?<br \/>\n<strong>Brandt\u00a0\u00a0\u00a0\u00a0\u00a0\u00a0\u00a0\u00a0\u00a0\u00a0\u00a0\u00a0\u00a0 <\/strong>(Med alle tegn p\u00e5 v\u00e6mmelse) Frydes! Nej, jeg gr\u00e6mmes! Hvilken afskyelig tanke: frydes over synden?<br \/>\n<strong>Grevinden\u00a0\u00a0\u00a0\u00a0\u00a0\u00a0\u00a0 <\/strong>Nej, menneske, over sangen. Over dansen og gl\u00e6den.<br \/>\n<strong>Brandt<\/strong>\u00a0\u00a0\u00a0\u00a0\u00a0\u00a0\u00a0\u00a0\u00a0\u00a0\u00a0\u00a0\u00a0 Jeg tror sandt for dyden ikke, at grevinden ret har betragtet disse dansende karle og piger.<br \/>\n<strong>Grevinden\u00a0\u00a0\u00a0\u00a0\u00a0\u00a0\u00a0 <\/strong>Vist har jeg da det. Jeg kunne endda f\u00e5 lyst til at danse med.<br \/>\n<strong>Brandt<\/strong>\u00a0\u00a0\u00a0\u00a0\u00a0\u00a0\u00a0\u00a0\u00a0\u00a0\u00a0\u00a0\u00a0 Grevinde dog! Denne dansen ud og ind er og bliver dog Satans v\u00e6rk. Og t\u00e6nk p\u00e5, hvad dansen kan f\u00f8re med sig af un\u00e6vneligt!<br \/>\n<strong>Grevinden<\/strong>\u00a0\u00a0\u00a0\u00a0\u00a0\u00a0\u00a0 ( Drillende) Ja, hvis De blot ville n\u00e6vne det, k\u00e6re pastor, s\u00e5 skulle jeg gerne t\u00e6nke over det.<br \/>\n<strong>Brandt\u00a0\u00a0\u00a0\u00a0\u00a0\u00a0\u00a0\u00a0\u00a0\u00a0\u00a0\u00a0\u00a0 <\/strong>Jeg tvivler p\u00e5, at grevinden ser alvoren. K\u00f8dets lyster, de syndigste lyster, livet kender, kaster dansen disse primitive piger og karle ud i.<br \/>\n<strong>Grevinden\u00a0\u00a0\u00a0\u00a0\u00a0\u00a0\u00a0 <\/strong>Ved De hvad, pastor Brandt? K\u00f8dets lyster er det, dannede mennesker kalder elskov. Og man beh\u00f8ver ikke v\u00e6re primitiv for at elske.<br \/>\n<strong>Brandt\u00a0\u00a0\u00a0\u00a0\u00a0\u00a0\u00a0\u00a0\u00a0\u00a0\u00a0\u00a0\u00a0 <\/strong>(F\u00e5r problemer med vejrtr\u00e6kningen) Elske? Kalder De det at elske? Og desuden: man b\u00f8r ene elske sin Gud.<br \/>\n<strong>Grevinden\u00a0\u00a0\u00a0\u00a0\u00a0\u00a0\u00a0 <\/strong>Og sin n\u00e6ste, ikke sandt? Men nu De selv pastor Brandt? Elsker De kun Gud?<br \/>\n<strong>Brandt<\/strong>\u00a0\u00a0\u00a0\u00a0\u00a0\u00a0\u00a0\u00a0\u00a0\u00a0\u00a0\u00a0\u00a0 Ja, s\u00e5 sandelig! \u2013 min attr\u00e5 st\u00e5r ene til Herren.<br \/>\n<strong>Grevinden\u00a0\u00a0\u00a0\u00a0\u00a0\u00a0\u00a0 <\/strong>S\u00e5 er jeg bange for, at De har valgt den forkerte gerning, min gode mand. I Bjerregrav og \u00c5lum har vi brug for en pr\u00e6st, der ogs\u00e5 elsker mennesker. Det minder mig om \u2026 De har vel aldrig truffet Deres forg\u00e6nger i embedet, pastor Sinding?<br \/>\n<strong>Brandt\u00a0\u00a0\u00a0\u00a0\u00a0\u00a0\u00a0\u00a0\u00a0\u00a0\u00a0\u00a0\u00a0 <\/strong>Pastor Syndig! \u2026 \u00d8h, forlad mig, Sinding \u2026 ham n\u00e6rer jeg intet \u00f8nske om at tr\u00e6ffe \u2013 han har s\u00e5 aldeles fordrejet hovedet p\u00e5 b\u00f8nderne i Bjerregrav, og jeg har k\u00e6mpet en \u00e6del kamp for at hindre dem i hver m\u00e5ned at age til Randers efter \u00f8l og drikke sig aldeles berusede \u2013 en trafik, som deres pastor Sinding ikke blot tillod, men ved Gud tilmed encouragerede!<br \/>\n<strong>Grevinden\u00a0\u00a0\u00a0\u00a0\u00a0\u00a0\u00a0 <\/strong>\u00c5h ja s\u00e5m\u00e6nd, han kendt dem jo, de gode bjerregravb\u00f8nder og forstod, hvad det bet\u00f8d for dem engang i mellem, blot en enkelt dag, at kunne glemme det h\u00e5rde daglige slid.<br \/>\n<strong>Brandt<\/strong>\u00a0\u00a0\u00a0\u00a0\u00a0\u00a0\u00a0\u00a0\u00a0\u00a0\u00a0\u00a0\u00a0 Slid! Sagde De slid? Ja, da m\u00e5 jeg idelig k\u00e6mpe mod deres dorskhed p\u00e5 markerne, ellers fik jeg s\u00e5 sandelig ikke tilb\u00f8rligt opdyrket pr\u00e6steg\u00e5rdsjorden.<br \/>\n<strong>Grevinden\u00a0\u00a0\u00a0\u00a0\u00a0\u00a0\u00a0 <\/strong>N\u00e5 ja \u2013 men jeg vil nu ikke diskutere bondesag med Dem, pastor, der bliver vi aldrig enige. Men det undrer mig, at De slet ikke synes at have bem\u00e6rket, at tiderne skifter, og at et nyt bondesyn vinder frem \u2026<br \/>\n<strong>Brandt\u00a0\u00a0\u00a0\u00a0\u00a0\u00a0\u00a0\u00a0\u00a0\u00a0\u00a0\u00a0\u00a0 <\/strong>(H\u00e5nligt) Ha! Nyt bondesyn! Jo, mon ikke \u2026 man har endog ymtet om, at visse nu om stunder finder bonden \u00e6del. \u00c6del! Det ender vel med, at man adler ham. Men har grevinden ikke observeret, at de mest slyngelagtige herrem\u00e6nd i dette land er bondeopkomlinge? N\u00e5r bonden kommer til \u00e6re, ved han ikke, hvordan han skal v\u00e6re.<br \/>\n<strong>Grevinden\u00a0\u00a0\u00a0\u00a0\u00a0\u00a0\u00a0 <\/strong>Og det undrer Dem? Kunne det \u00a0da v\u00e6re andet? Er De klar over, hvilken elendig oplysning, der bliver givet b\u00f8nderb\u00f8rn?<br \/>\n<strong>Brandt\u00a0\u00a0\u00a0\u00a0\u00a0\u00a0\u00a0\u00a0\u00a0\u00a0\u00a0\u00a0\u00a0 <\/strong>(Skummende af foragt) Oplysning til b\u00f8nderb\u00f8rn? Nej, men nu g\u00e5r grevinden for vidt! Disse unger b\u00f8r udelukkende l\u00e6re deres kristendom, ja og lidt regning og lidt skrivning, muligvis. Anden videnskab beh\u00f8ver de ikke og er de slet ikke tjent med. Jeg gyser for alt videre, som vore vindige tider har udt\u00e6nkt og kun kan ford\u00e6rve alt med. Mere kundskab vil g\u00f8re bonden hans stand ufordragelig og skabe lede og kedsomhed ved det ensartede arbejde, hvortil alle hans dage n\u00f8dvendigvis skal anvendes.<br \/>\n<strong>Grevinden\u00a0\u00a0\u00a0\u00a0\u00a0\u00a0\u00a0 <\/strong>Ja, De har sikkert ret i, at bonden vil kaste sit \u00e5g af sig, hvis han oplyses. Men uden \u00e5gets tyngde vil han f\u00e5 nye kr\u00e6fter og bruge dem til gl\u00e6de for sig selv og staten.<br \/>\n<strong>Brandt\u00a0\u00a0\u00a0\u00a0\u00a0\u00a0\u00a0\u00a0\u00a0\u00a0\u00a0\u00a0\u00a0 <\/strong>Sandelig, jeg siger Eder, grevinde: bondens \u00e5g kan ingenlunde afkastes, uden at staten m\u00e5 b\u00e6ve i alle sine grundvolde.<br \/>\n<strong>Grevinde\u00a0\u00a0\u00a0\u00a0\u00a0\u00a0\u00a0\u00a0\u00a0 <\/strong>S\u00e5 lad b\u00e6ve, lad grunde skride og lad falde, hvad ikke kan st\u00e5. En ny og bedre stat vil opst\u00e5 p\u00e5 ruinerne.<br \/>\n<strong>Brandt\u00a0\u00a0\u00a0\u00a0\u00a0\u00a0\u00a0\u00a0\u00a0\u00a0\u00a0\u00a0\u00a0 <\/strong>Jeg er dybt rystet. Vil \u2026 vil grevinden statens ruin? Vil \u2026 vil grevinden en \u2026 bondestat?<br \/>\n<strong>Grevinden\u00a0\u00a0\u00a0\u00a0\u00a0\u00a0\u00a0 <\/strong>Naturligvis vil jeg ikke det. Men en stat af frie borgere, det vil jeg. Jeg ved ikke, hvad pastoren vil kalde det?<br \/>\n<strong>Brandt\u00a0\u00a0\u00a0\u00a0\u00a0\u00a0\u00a0\u00a0\u00a0\u00a0\u00a0\u00a0\u00a0 <\/strong>Ragnarok vil jeg kaldet, Sodoma og Gomorra vil jeg kalde det \u2026 kaos og tilintetg\u00f8relse og og og \u2026<br \/>\n<strong>Grevinden\u00a0\u00a0\u00a0\u00a0\u00a0\u00a0\u00a0 <\/strong>Ja, ja, jeg vil som sagt ikke diskutere med Dem. Men formane Dem, det vil jeg. Og minde Dem om Deres pligt som pr\u00e6st i Bjerregrav og \u00c5lum: at forkynde k\u00e6rlighedens og barmhjertighedens evangelium \u2026 ogs\u00e5 for b\u00f8nder. Men nu m\u00e5 De g\u00e5 hjem og t\u00e6nke over det!<br \/>\n<strong>Brandt\u00a0\u00a0\u00a0\u00a0\u00a0\u00a0\u00a0\u00a0\u00a0\u00a0\u00a0\u00a0\u00a0 <\/strong>\u00c5h, der er dog lige en ting, grevinde, som jeg uops\u00e6tteligt m\u00e5 tale med Dem om: bondekn\u00f8sen, som var her for et \u00f8jeblik siden \u2026<br \/>\n<strong>Grevinden\u00a0\u00a0\u00a0\u00a0\u00a0\u00a0\u00a0 <\/strong>\u00c5h ja, drengen lignede jo en forfulgt.<br \/>\n<strong>Brandt\u00a0\u00a0\u00a0\u00a0\u00a0\u00a0\u00a0\u00a0\u00a0\u00a0\u00a0\u00a0\u00a0 <\/strong>(Triumferende) lignede? N\u00e6 \u2026 han v a r det! Det er jeg sikker p\u00e5.<br \/>\n<strong>Grevinden\u00a0\u00a0\u00a0\u00a0\u00a0\u00a0\u00a0 <\/strong>Forklar Dem!<br \/>\n<strong>Brandt\u00a0\u00a0\u00a0\u00a0\u00a0\u00a0\u00a0\u00a0\u00a0\u00a0\u00a0\u00a0\u00a0 <\/strong>(Med s\u00e6nket stemme) Jeg mener: han er en ussel og gemen flygtning!<br \/>\n<strong>Grevinden\u00a0\u00a0\u00a0\u00a0\u00a0\u00a0\u00a0 <\/strong>Jeg forst\u00e5r ikke \u2026<br \/>\n<strong>Brandt\u00a0\u00a0\u00a0\u00a0\u00a0\u00a0\u00a0\u00a0\u00a0\u00a0\u00a0\u00a0\u00a0 <\/strong>Jo, det er klart nok. Han er flygtet fra sit herskab.<br \/>\n<strong>Grevinden\u00a0\u00a0\u00a0\u00a0\u00a0\u00a0\u00a0 <\/strong>(Undrende) fra hvilket herskab?<br \/>\n<strong>Brandt\u00a0\u00a0\u00a0\u00a0\u00a0\u00a0\u00a0\u00a0\u00a0\u00a0\u00a0\u00a0\u00a0 <\/strong>Fra L\u00fcttichaus \u2026 fra Tjele.<br \/>\n<strong>Grevinden\u00a0\u00a0\u00a0\u00a0\u00a0\u00a0\u00a0 <\/strong>Jas\u00e5! Det undrer mig. Kammerherren er dog yderst human, og fru Johanne er jo oprigtigt grebet af Br\u00f8dremenighedens fromme liv. Skulle de plage deres b\u00f8nder?<br \/>\n<strong>Brandt\u00a0\u00a0\u00a0\u00a0\u00a0\u00a0\u00a0\u00a0\u00a0\u00a0\u00a0\u00a0\u00a0 <\/strong>(Vrissent) Nej, naturligvis ikke. Men de unge b\u00f8nderkarle i dag, de kr\u00e6ver jo et liv i syndig lediggang og m\u00e6sket overflod \u2013 og her, just her, k\u00e6re grevinde, har vi et talende eksempel p\u00e5 bondens hele lave og slette karakter.<br \/>\n<strong>Grevinden\u00a0\u00a0\u00a0\u00a0\u00a0\u00a0\u00a0 <\/strong>Jamen, ved De da, hvad der er g\u00e5et for sig?<br \/>\n<strong>Brandt\u00a0\u00a0\u00a0\u00a0\u00a0\u00a0\u00a0\u00a0\u00a0\u00a0\u00a0\u00a0\u00a0 <\/strong>Ved og ved, man ved jo nok, hvad man ved \u2026 og desuden: intet er skjult for Herren.<br \/>\n<strong>Grevinden\u00a0\u00a0\u00a0\u00a0\u00a0\u00a0\u00a0 <\/strong>Nej, nu s\u00e6tter De Dem minsandten lovlig h\u00f8jt!<br \/>\n<strong>Brandt\u00a0\u00a0\u00a0\u00a0\u00a0\u00a0\u00a0\u00a0\u00a0\u00a0\u00a0\u00a0\u00a0 <\/strong>Som Herrens stedfortr\u00e6der p\u00e5 den syndige egn \u2026<br \/>\n<strong>Grevinden\u00a0\u00a0\u00a0\u00a0\u00a0\u00a0\u00a0 <\/strong>( Afbryder) Ja tak! S\u00e5 er det nok! For resten forholder det sig s\u00e5 heldigt, at herskabet p\u00e5 Tjele er budt hertil for at fejre sommerfesten sammen med os. Og s\u00e5 kan vi jo i ro f\u00e5 opklaret den sag.<br \/>\n<strong>Brandt\u00a0\u00a0\u00a0\u00a0\u00a0\u00a0\u00a0\u00a0\u00a0\u00a0\u00a0\u00a0\u00a0 (<\/strong>Ivrigt) Jamen, karlen?<br \/>\n<strong>Grevinden\u00a0\u00a0\u00a0\u00a0\u00a0\u00a0\u00a0 <\/strong>\u00c5h, han l\u00f8ber vel ingen vegne \u2013 jeg s\u00e5 jo, at han havde et godt \u00f8je til Mette, og hun er en god pige, som nok skal vide at holde p\u00e5 ham.<br \/>\nDe forlader scenen, der er tom et \u00f8jeblik, s\u00e5 danser piger og karle ind. \u00a0De danser en stund. En ung pige kommer ind. Hun synger et par sange. Birkeskriver Hempel kommer ind sammen med sin niece Kirstine.<br \/>\n<strong>Kirstine\u00a0\u00a0\u00a0\u00a0\u00a0\u00a0\u00a0\u00a0\u00a0\u00a0\u00a0\u00a0 <\/strong>Ja, onkel, jeg ved, at jeg er meget ung. Og at det er sv\u00e6rt for en pige at f\u00e5 lov at ud\u00f8ve l\u00e6gekunst, og at I alle helst s\u00e5 mig gift. Men jeg vil ikke giftes. Og n\u00e5r nu Gud har givet mig evnen til at helbrede \u2026<br \/>\n<strong>Hempel\u00a0\u00a0\u00a0\u00a0\u00a0\u00a0\u00a0\u00a0\u00a0\u00a0\u00a0\u00a0 <\/strong>Javist, min pige. Jeg ved det. Men nu, hvor min salig bror er borte, har jeg ansvaret for dig \u2013 og tro mig, det er utrygt for en ung ugift pige at ud\u00f8ve den slags. Gift dig, barn! S\u00e5 kan du hj\u00e6lpe, n\u00e5r der er behov. En jordemoder er der altid brug for.<br \/>\n<strong>Kirstine\u00a0\u00a0\u00a0\u00a0\u00a0\u00a0\u00a0\u00a0\u00a0\u00a0\u00a0\u00a0 <\/strong>Jordemoder! Men jeg kan jo s\u00e5 meget mere. Kunne du ikke tale med greven. Hvad onkel? Desuden er der ingen mand, der vil gifte sig med mig. Jeg er ikke rig og ikke engang smuk.<br \/>\n<strong>Hempel\u00a0\u00a0\u00a0\u00a0\u00a0\u00a0\u00a0\u00a0\u00a0\u00a0\u00a0\u00a0 <\/strong>Nej, h\u00f8r nu mit barn. Du er dog s\u00e5 smuk som nogen. Og for resten, det er ikke altid penge og sk\u00f8nhed, der t\u00e6ller i \u00e6gteskabet. En god karakter opvejer mangefold disse flygtige dyder. Du finder nok en mand \u2013 eller han finder dig, eller jeg finder en til dig.<br \/>\n<strong>Kirstine\u00a0\u00a0\u00a0\u00a0\u00a0\u00a0\u00a0\u00a0\u00a0\u00a0\u00a0\u00a0 <\/strong>Jeg vil hellere arbejde. Og m\u00e5ske greven giver mig lov.<br \/>\n<strong>Hempel\u00a0\u00a0\u00a0\u00a0\u00a0\u00a0\u00a0\u00a0\u00a0\u00a0\u00a0\u00a0 <\/strong>Nu f\u00e5r vi se. Men der kommer gamle l\u00e6rer Lemmiche fra Bjerregrav. Ham m\u00e5 du hilse p\u00e5. Han er snart halvfjersindstyve \u00e5r og stadig underviser han b\u00f8rnene. Goddag, l\u00e6rer Lemmiche!<br \/>\n<strong>Lemmiche\u00a0\u00a0\u00a0\u00a0\u00a0\u00a0\u00a0\u00a0 <\/strong>Goddag, min gode m\u00f8ller. N\u00e5, I holder ogs\u00e5 fri i dag.<br \/>\n<strong>Hempel\u00a0\u00a0\u00a0\u00a0\u00a0\u00a0\u00a0\u00a0\u00a0\u00a0\u00a0\u00a0 <\/strong>S\u00e5m\u00e6nd. Alle holder vist fri i dag. Kun min lille niece her br\u00e6nder efter at arbejde.<br \/>\n<strong>Lemmiche\u00a0\u00a0\u00a0\u00a0\u00a0\u00a0\u00a0\u00a0 <\/strong>(Undrende) Arbejde?<br \/>\n<strong>Hempel\u00a0\u00a0\u00a0\u00a0\u00a0\u00a0\u00a0\u00a0\u00a0\u00a0\u00a0\u00a0 <\/strong>Javist. Hun vil s\u00e5 gerne vise sin l\u00e6gekunst, s\u00e5 hun venter ut\u00e5lmodigt p\u00e5, at en af danserne skal br\u00e6kke benet.<br \/>\n<strong>Kirstine\u00a0\u00a0\u00a0\u00a0\u00a0\u00a0\u00a0\u00a0\u00a0\u00a0\u00a0\u00a0 <\/strong>Onkel!<br \/>\n<strong>Hempel\u00a0\u00a0\u00a0\u00a0\u00a0\u00a0\u00a0\u00a0\u00a0\u00a0\u00a0\u00a0 <\/strong>Og i stedet burde hun forlyste sig med de andre unge. Men k\u00e6rlighed og morskab ligger ikke for hende. Ak ja, unge piger nu om stunder!<br \/>\n<strong>Lemmiche\u00a0\u00a0\u00a0\u00a0\u00a0\u00a0\u00a0\u00a0 <\/strong>Ja, ja k\u00e6re m\u00f8ller Hempel, men forvivl nu ikke over hende. Et langt liv som l\u00e6rer for piger og drenge i Bjerregrav har givet mig indsigt i de ting. Og ofte kan piger v\u00e6re de allerdygtigste udi alle videnskaber. Og du, min pige, du skal slet ikke give op. De gaver, Gud har givet os, dem skal vi ingenlunde forsm\u00e5.<br \/>\n<strong>Kirstine\u00a0\u00a0\u00a0\u00a0\u00a0\u00a0\u00a0\u00a0\u00a0\u00a0\u00a0\u00a0 <\/strong>Men fordi jeg er en pige, tror ingen p\u00e5 mig.<br \/>\n<strong>Hempel\u00a0\u00a0\u00a0\u00a0\u00a0\u00a0\u00a0\u00a0\u00a0\u00a0\u00a0\u00a0 <\/strong>Og det kan nu ikke v\u00e6re ufarligt for en kvinde at v\u00e6re for klog p\u00e5 de ting. Og de tider er n\u00e6ppe forbi, hvor det kan \u00f8del\u00e6gge et fruentimmers rygte. S\u00e6re kunster vil folk synes.<br \/>\n<strong>Lemmiche\u00a0\u00a0\u00a0\u00a0\u00a0\u00a0\u00a0\u00a0 <\/strong>\u00c5h, den slags overtro trives d\u00e5rligt her p\u00e5 egnen. Vi har stedse l\u00e6rt b\u00f8rnene, at viden ikke har med troldkunster at g\u00f8re. Vi har villet, at tro og viden skulle sejre over den m\u00f8rke overtro.<br \/>\n<strong>Hempel\u00a0\u00a0\u00a0\u00a0\u00a0\u00a0\u00a0\u00a0\u00a0\u00a0\u00a0\u00a0 <\/strong>Jo. Men folk!<br \/>\n<strong>Lemmiche\u00a0\u00a0\u00a0\u00a0\u00a0\u00a0\u00a0\u00a0 <\/strong>De fleste har g\u00e5et i en god skole.<br \/>\n<strong>Hempel\u00a0\u00a0\u00a0\u00a0\u00a0\u00a0\u00a0\u00a0\u00a0\u00a0\u00a0\u00a0 <\/strong>Men alligevel.<br \/>\n<strong>Lemmiche\u00a0\u00a0\u00a0\u00a0\u00a0\u00a0\u00a0\u00a0 <\/strong>Jeg synes, at du skal v\u00e6re en brav pige og vise, hvad du kan.<br \/>\n<strong>Hempel\u00a0\u00a0\u00a0\u00a0\u00a0\u00a0\u00a0\u00a0\u00a0\u00a0\u00a0\u00a0 <\/strong>Ja, behag venligst at br\u00e6kke benet, hr. l\u00e6rer, s\u00e5 hun kan f\u00e5 sin kurerlyst styret!<br \/>\n<strong>Lemmiche\u00a0\u00a0\u00a0\u00a0\u00a0\u00a0\u00a0\u00a0 <\/strong>Nu m\u00e5 I ikke sp\u00f8ge med en gammel mands helbred. Jeg har skrantet p\u00e5 det seneste, og skulle f\u00f8rst benet br\u00e6kke, da var det ude med mig.<br \/>\n<strong>Hempel\u00a0\u00a0\u00a0\u00a0\u00a0\u00a0\u00a0\u00a0\u00a0\u00a0\u00a0\u00a0 <\/strong>I ser da ellers rask ud.<br \/>\n<strong>Lemmiche\u00a0\u00a0\u00a0\u00a0\u00a0\u00a0\u00a0\u00a0 <\/strong>Jo tak. Men nu m\u00e5 jeg g\u00e5 ad Bjerregrav til Og vejen forekommer mig l\u00e6ngere end den plejer. Farvel m\u00f8ller og fat mod, min pige!<br \/>\nL\u00e6rer Lemmiche ud.<br \/>\n<strong>Hempel\u00a0\u00a0\u00a0\u00a0\u00a0\u00a0\u00a0\u00a0\u00a0\u00a0\u00a0\u00a0 <\/strong>Nej se! Der har vi jo en af mine gode kunder. Christen Andersen fra N\u00f8rre Tulstrup. T\u00e6nk, at han er her i dag. Vel m\u00f8dt, Christen Andersen. I dag kommer I nok ikke efter honning?<br \/>\n<strong>Andersen\u00a0\u00a0\u00a0\u00a0\u00a0\u00a0\u00a0\u00a0\u00a0 <\/strong>( Beruset) Ho \u2026 honning? Nej, i dag d r i k k e r vi honning. Det s\u00f8de mj\u00f8d.<br \/>\n<strong>Hempel\u00a0\u00a0\u00a0\u00a0\u00a0\u00a0\u00a0\u00a0\u00a0\u00a0\u00a0\u00a0 <\/strong>Du m\u00e5 hilse m\u00e5 hilse p\u00e5 min broderdatter, Kirstine.<br \/>\n<strong>Kirstine\u00a0\u00a0\u00a0\u00a0\u00a0\u00a0\u00a0\u00a0\u00a0\u00a0\u00a0\u00a0 <\/strong>(Nejer) Goddag.<br \/>\n<strong>Andersen\u00a0\u00a0\u00a0\u00a0\u00a0\u00a0\u00a0\u00a0\u00a0 <\/strong>Oh\u00f8j! Ohej! Oh \u2026<br \/>\n<strong>Kirstine\u00a0\u00a0\u00a0\u00a0\u00a0\u00a0\u00a0\u00a0\u00a0\u00a0\u00a0\u00a0 <\/strong>(Ler) Tror I, vi er p\u00e5 et skib?<br \/>\n<strong>Andersen\u00a0\u00a0\u00a0\u00a0\u00a0\u00a0\u00a0\u00a0\u00a0 <\/strong>Vist s\u00e5. Et skib. Alle er vi p\u00e5 et skib, og i dag har jeg drukket s\u00e5 meget mj\u00f8d, at der kunne sejle et kongeskib i det. Og kaptajnen \u2013 det mig!<br \/>\n<strong>Hempel\u00a0\u00a0\u00a0\u00a0\u00a0\u00a0\u00a0\u00a0\u00a0\u00a0\u00a0\u00a0 <\/strong>\u00c5h Christen, du er og bliver dog en gemen bonde.<br \/>\n<strong>Andersen\u00a0\u00a0\u00a0\u00a0\u00a0\u00a0\u00a0\u00a0\u00a0 <\/strong>Ge \u2026 gemen. Jo nok, men ser I, en bonde har mange virk \u2026 som \u2026 heder.<br \/>\n<strong>Hempel\u00a0\u00a0\u00a0\u00a0\u00a0\u00a0\u00a0\u00a0\u00a0\u00a0\u00a0\u00a0 <\/strong>(Ler) Du har da vist.<br \/>\n<strong>Andersen\u00a0\u00a0\u00a0\u00a0\u00a0\u00a0\u00a0\u00a0\u00a0 <\/strong>Nemlig. I Tjele k\u00f8ber jeg svin, og i Randers s\u00e6lger jeg saltgr\u00f8n fl\u00e6sk til k\u00f8bmand Velling og k\u00f8ber tran af Dinas Mammon og jern af S\u00f8ren Knabe, og jeg s\u00e6lger jern til k\u00f8bmand Liihme, og i Viborg s\u00e6lger jeg tr\u00e6, og i Randers s\u00e6lger jeg jern til Rasmus Lund og \u2026 og \u2026 og.<br \/>\n<strong>Hempel\u00a0\u00a0\u00a0\u00a0\u00a0\u00a0\u00a0\u00a0\u00a0\u00a0\u00a0\u00a0 <\/strong>Ja, du ender med at blive en holden mand.<br \/>\n<strong>Andersen\u00a0\u00a0\u00a0\u00a0\u00a0\u00a0\u00a0\u00a0\u00a0 <\/strong>Shyyy \u2026 ti stille dermed ( hvisker) men \u00a0mellem os sagt, h\u00f8jst\u00e6rede her. M\u00f8lleskriver,\u00a0 \u00f8h birkem\u00f8ller \u2026 h\u00f8, jeg mener \u2026 jeg er det allerede. Sig det nu ikke til en mors sj\u00e6l. Skatterne kunne komme for skade at stige.<br \/>\n<strong>Hempel\u00a0\u00a0\u00a0\u00a0\u00a0\u00a0\u00a0\u00a0\u00a0\u00a0\u00a0\u00a0 <\/strong>Ja, det var jo skade.<br \/>\n<strong>Andersen\u00a0\u00a0\u00a0\u00a0\u00a0\u00a0\u00a0\u00a0\u00a0 <\/strong>Ja ikke? Og min h\u00f8jst\u00e6rede husbond, Christen Juul til Viskum, han siger selv, at\u00a0 \u2026 ja, hvad er det nu \u2026 vindskibelighed. Ja, der var det rigtige ord, \u00e6rede hr. m\u00f8lleskriver.<br \/>\n<strong>Hempel\u00a0\u00a0\u00a0\u00a0\u00a0\u00a0\u00a0\u00a0\u00a0\u00a0\u00a0\u00a0 <\/strong>Birkeskriver.<br \/>\n<strong>Andersen\u00a0\u00a0\u00a0\u00a0\u00a0\u00a0\u00a0\u00a0\u00a0 <\/strong>( Ser sig omkring og peger i alle retninger \u2013 er ved at falde) Magdalene \u2026 har I set Magdalene?<br \/>\n<strong>Hempel\u00a0\u00a0\u00a0\u00a0\u00a0\u00a0\u00a0\u00a0\u00a0\u00a0\u00a0\u00a0 <\/strong>Nej, vi har ikke set din kone.<br \/>\n<strong>Andersen\u00a0\u00a0\u00a0\u00a0\u00a0\u00a0\u00a0\u00a0\u00a0 <\/strong>Skade, for med hende er det nemlig galt fat.<br \/>\n<strong>Kirstine\u00a0\u00a0\u00a0\u00a0\u00a0\u00a0\u00a0\u00a0\u00a0\u00a0\u00a0\u00a0 <\/strong>(Interesseret) Galt? Hvordan?<br \/>\n<strong>Andersen\u00a0\u00a0\u00a0\u00a0\u00a0\u00a0\u00a0\u00a0\u00a0 <\/strong>Jo \u2013 hun har ondt. S\u00e5dan langt nede i\u00a0 \u2026 i halsen.<br \/>\n<strong>Kirstine\u00a0\u00a0\u00a0\u00a0\u00a0\u00a0\u00a0\u00a0\u00a0\u00a0\u00a0\u00a0 <\/strong>Da m\u00e5 I f\u00e5 hende hjem. Luften er alt for k\u00f8lig nu.<br \/>\n<strong>Andersen\u00a0\u00a0\u00a0\u00a0\u00a0\u00a0\u00a0\u00a0\u00a0 <\/strong>Og hvad ved en bitte pige om det?<br \/>\n<strong>Hempel\u00a0\u00a0\u00a0\u00a0\u00a0\u00a0\u00a0\u00a0\u00a0\u00a0\u00a0\u00a0 <\/strong>Hun er kyndig udi sygdom.<br \/>\n<strong>Andersen\u00a0\u00a0\u00a0\u00a0\u00a0\u00a0\u00a0\u00a0\u00a0 <\/strong>Den klog kone i L\u00f8vskal har ikke kunnet hj\u00e6lpe.<br \/>\n<strong>Kirstine\u00a0\u00a0\u00a0\u00a0\u00a0\u00a0\u00a0\u00a0\u00a0\u00a0\u00a0\u00a0 <\/strong>I skal give hende vineddike blandet med vand og holde linet stedse v\u00e5dt om hendes hals og lade hende \u00e5relade. Dern\u00e6st skal I blande surdej med eddike og binde hende det under f\u00f8dderne. S\u00e5 bliver hun rask.<br \/>\n<strong>Andersen\u00a0\u00a0\u00a0\u00a0\u00a0\u00a0\u00a0\u00a0\u00a0 <\/strong>I morgen lider vi alle af den fulde syge. Kan I ikke skrive mig det op.<br \/>\n<strong>Kirstine\u00a0\u00a0\u00a0\u00a0\u00a0\u00a0\u00a0\u00a0\u00a0\u00a0\u00a0\u00a0 <\/strong>Kan I da l\u00e6se?<br \/>\n<strong>Andersen\u00a0\u00a0\u00a0\u00a0\u00a0\u00a0\u00a0\u00a0\u00a0 <\/strong>Kan I skrive, s\u00e5 kan jeg l\u00e6se.<br \/>\n<strong>Kirstine\u00a0\u00a0\u00a0\u00a0\u00a0\u00a0\u00a0\u00a0\u00a0\u00a0\u00a0\u00a0 <\/strong>Kom med og lad os finde skrivesager.<br \/>\nKirstine og Andersen forlader scenen.<br \/>\n<strong>Hempel\u00a0\u00a0\u00a0\u00a0\u00a0\u00a0\u00a0\u00a0\u00a0\u00a0\u00a0\u00a0 <\/strong>( Bekymret) Kunne jeg blot vide det k\u00e6re barns fremtid sikret.\u00a0 Hun vil f\u00e5 det godt hos mig p\u00e5 m\u00f8llen, men jeg er gammel, og en dag er jeg borte. Men se, der kommer den gode degn fra \u00c5lum. Goddag Peder S\u00f8rensen og goddag til dig, madam S\u00f8rensen.<br \/>\n<strong>S\u00f8rensen\u00a0\u00a0\u00a0\u00a0\u00a0\u00a0\u00a0\u00a0\u00a0\u00a0 <\/strong>Goddag Hempel. Ja, Maren ville jo grumme gerne se festlighederne.<br \/>\n<strong>Maren\u00a0\u00a0\u00a0\u00a0\u00a0\u00a0\u00a0\u00a0\u00a0\u00a0\u00a0\u00a0\u00a0\u00a0 <\/strong>Det er nu ikke bare nyfigenhed. Vi har b\u00f8rnene med, for at de kan forlyste alle med deres dejlige sange.<br \/>\n<strong>S\u00f8rensen\u00a0\u00a0\u00a0\u00a0\u00a0\u00a0\u00a0\u00a0\u00a0\u00a0 <\/strong>Jo, og sk\u00f8nt er det da ogs\u00e5 at se de unge danse. En har jo haft mange af dem i skolen.<br \/>\n<strong>Maren\u00a0\u00a0\u00a0\u00a0\u00a0\u00a0\u00a0\u00a0\u00a0\u00a0\u00a0\u00a0\u00a0\u00a0 <\/strong>Ja, det har vi.<br \/>\n<strong>Hempel\u00a0\u00a0\u00a0\u00a0\u00a0\u00a0\u00a0\u00a0\u00a0\u00a0\u00a0\u00a0 <\/strong>Vi? Men har du da ogs\u00e5 bel\u00e6rt dem, Maren?<br \/>\n<strong>Maren\u00a0\u00a0\u00a0\u00a0\u00a0\u00a0\u00a0\u00a0\u00a0\u00a0\u00a0\u00a0\u00a0\u00a0 I<\/strong>nd imellem har en jo hjulpet i skolestuen.<br \/>\n<strong>Hempel\u00a0\u00a0\u00a0\u00a0\u00a0\u00a0\u00a0\u00a0\u00a0\u00a0\u00a0\u00a0 <\/strong>Hvorudi har du da undervist dem.<br \/>\n<strong>Maren\u00a0\u00a0\u00a0\u00a0\u00a0\u00a0\u00a0\u00a0\u00a0\u00a0\u00a0\u00a0\u00a0\u00a0 <\/strong>I deres kristendom.<br \/>\n<strong>Hempel\u00a0\u00a0\u00a0\u00a0\u00a0\u00a0\u00a0\u00a0\u00a0\u00a0\u00a0\u00a0 <\/strong>Men b\u00f8nderne her kan vist mere end deres fadervor, ved jeg.<br \/>\n<strong>Maren\u00a0\u00a0\u00a0\u00a0\u00a0\u00a0\u00a0\u00a0\u00a0\u00a0\u00a0\u00a0\u00a0\u00a0 <\/strong>Det er sandt og vist. Grevinden har forlangt, at b\u00f8rnene skal opl\u00e6res i alle videnskaber.<br \/>\n<strong>S\u00f8rensen\u00a0\u00a0\u00a0\u00a0\u00a0\u00a0\u00a0\u00a0\u00a0\u00a0 <\/strong>Ja, og pastor Sinding var grumme tilfreds, n\u00e5r han kom til overh\u00f8ring. Men den nye pr\u00e6st, han er snart ligeglad, blot de kan remse deres katekismus op.<br \/>\n<strong>Maren\u00a0\u00a0\u00a0\u00a0\u00a0\u00a0\u00a0\u00a0\u00a0\u00a0\u00a0\u00a0\u00a0\u00a0 <\/strong>Ja, vi savner pastor Sinding. Men nu skal b\u00f8rnene synge.<br \/>\nDegneparret stiller b\u00f8rnene op og de synger nogle sange.<br \/>\nAlle ud. Tom scene. Ind kommer grev Christian Ludvig Scheel v. Plessen i samtale med Hans Helmit L\u00fcttichau til Tjele.<br \/>\n<a href=\"https:\/\/blog.hesselholt.com\/wp-content\/uploads\/2017\/01\/fspil9.jpg\"><img loading=\"lazy\" decoding=\"async\" class=\"aligncenter size-full wp-image-6308\" title=\"fspil9\" src=\"https:\/\/blog.hesselholt.com\/wp-content\/uploads\/2017\/01\/fspil9.jpg\" alt=\"\" width=\"425\" height=\"494\" srcset=\"https:\/\/blog.hesselholt.com\/wp-content\/uploads\/2017\/01\/fspil9.jpg 425w, https:\/\/blog.hesselholt.com\/wp-content\/uploads\/2017\/01\/fspil9-258x300.jpg 258w\" sizes=\"auto, (max-width: 425px) 100vw, 425px\" \/><\/a><br \/>\n&nbsp;<br \/>\n&nbsp;<br \/>\n&nbsp;<br \/>\n<strong>Plessen\u00a0\u00a0\u00a0\u00a0\u00a0\u00a0\u00a0\u00a0\u00a0\u00a0\u00a0\u00a0 <\/strong>Jeg er glad for, at I kunne g\u00e6ste os i dag. Jeg holder meget af denne sommerfest. Det er rart, n\u00e5r gode traditioner holdes i h\u00e6vd, synes jeg.<br \/>\n<strong>L\u00fcttichau\u00a0\u00a0\u00a0\u00a0\u00a0\u00a0\u00a0\u00a0\u00a0 <\/strong>Ja, du har ret. I sommertiden er der i det hele taget smukt p\u00e5 landet, og man bliver n\u00e6sten glad for landlivet.<br \/>\n<strong>Plessen\u00a0\u00a0\u00a0\u00a0\u00a0\u00a0\u00a0\u00a0\u00a0\u00a0\u00a0\u00a0 <\/strong>Jeg har ellers indtryk at, at du trives godt ved hoffet, mens det n\u00e6rmest er omvendt for mit vedkommende. Jeg kan ofte gribe mig selv i ret at l\u00e6nges efter Fussing\u00f8, n\u00e5r jeg er mest optaget af statens sager.<br \/>\n<strong>L\u00fcttichau\u00a0\u00a0\u00a0\u00a0\u00a0\u00a0\u00a0\u00a0\u00a0 <\/strong>Oprigtig talt, ind imellem keder dette landv\u00e6sen mig. Men jeg mener nu ogs\u00e5 at have en habil forvalter, som forst\u00e5r sig bedre p\u00e5 de ting end jeg.<br \/>\n<strong>Plessen\u00a0\u00a0\u00a0\u00a0\u00a0\u00a0\u00a0\u00a0\u00a0\u00a0\u00a0\u00a0 <\/strong>Ja, her p\u00e5 Fussing\u00f8 er vi da ogs\u00e5 velsignet med en ganske fortr\u00e6ffelig forvalter. S\u00e5 jeg kan roligt opholde mig p\u00e5 Lindholm det meste af tiden. Gabriel Tryde kender b\u00e5de sit arbejde og sin egn for ikke at tale om b\u00f8nderne bedre end de fleste. N\u00e5, men jeg er jo ogs\u00e5 optaget af arbejdet med bondesagen snart alle d\u00f8gnets timer.<br \/>\n<strong>L\u00fcttichau\u00a0\u00a0\u00a0\u00a0\u00a0\u00a0\u00a0\u00a0\u00a0 <\/strong>Jo tak! Det ved jeg. Og vi er en del godsejere, som venter sp\u00e6ndt p\u00e5 resultatet af det arbejde.<br \/>\n<strong>Plessen\u00a0\u00a0\u00a0\u00a0\u00a0\u00a0\u00a0\u00a0\u00a0\u00a0\u00a0\u00a0 <\/strong>Mon ikke ogs\u00e5 en del b\u00f8nder venter lige s\u00e5 sp\u00e6ndt?<br \/>\n<strong>L\u00fcttichau\u00a0\u00a0\u00a0\u00a0\u00a0\u00a0\u00a0\u00a0\u00a0 <\/strong>Det kan jeg ikke forestille mig. B\u00f8nderne er heldigvis ikke i stand til at begribe r\u00e6kkevidden af det, I g\u00e5r og p\u00f8nser p\u00e5.<br \/>\n<strong>Plessen\u00a0\u00a0\u00a0\u00a0\u00a0\u00a0\u00a0\u00a0\u00a0\u00a0\u00a0\u00a0 <\/strong>Nej, ved du hvad, Hans? P\u00f8nser p\u00e5? Det var dog et s\u00e6rt udtryk at bruge.<br \/>\n<strong>L\u00fcttichau\u00a0\u00a0\u00a0\u00a0\u00a0\u00a0\u00a0\u00a0\u00a0 <\/strong>Ja, jeg er nu nok ikke den eneste, der i denne tid \u00e6ngstes for, hvad I kan finde p\u00e5.<br \/>\n<strong>Plessen\u00a0\u00a0\u00a0\u00a0\u00a0\u00a0\u00a0\u00a0\u00a0\u00a0\u00a0\u00a0 <\/strong>De kan v\u00e6re ganske rolig. Der er ingen grund til \u00e6ngstelse. Vi t\u00e6nker ikke kun p\u00e5 bondens tarv, men p\u00e5 hele landets fremtid \u2013 og p\u00e5 fremskridtet.<br \/>\n<strong>L\u00fcttichau\u00a0\u00a0\u00a0\u00a0\u00a0\u00a0\u00a0\u00a0\u00a0 <\/strong>I t\u00e6nker sikkert stort og \u00e6delt. Landets fremtid, siger du? Men n\u00e5r I taler om at oph\u00e6ve stavnsb\u00e5ndet, s\u00e5 ved jeg snart ikke, hvis fremtid I t\u00e6nker p\u00e5. En usikker fremtid er det i al fald.<br \/>\n<strong>Plessen\u00a0\u00a0\u00a0\u00a0\u00a0\u00a0\u00a0\u00a0\u00a0\u00a0\u00a0\u00a0 <\/strong>Usikker?<br \/>\n<strong>L\u00fcttichau\u00a0\u00a0\u00a0\u00a0\u00a0\u00a0\u00a0\u00a0\u00a0 <\/strong>Netop! Men forst\u00e5r I da overhovedet ikke, hvilket kaos, I kaster de stakkels b\u00f8nder ud i?<br \/>\n<strong>Plessen\u00a0\u00a0\u00a0\u00a0\u00a0\u00a0\u00a0\u00a0\u00a0\u00a0\u00a0\u00a0 <\/strong><span style=\"font-weight: 300;\">( Fast) Alle mennesker f\u00f8des med retten til frihed. Alle kommer vi til verden med et v\u00e6ld af muligheder og evner.<\/span><br \/>\n<strong>L\u00fcttichau\u00a0\u00a0\u00a0\u00a0\u00a0\u00a0\u00a0\u00a0\u00a0 <\/strong>Med de samme evner?<br \/>\n<strong>Plessen\u00a0\u00a0\u00a0\u00a0\u00a0\u00a0\u00a0\u00a0\u00a0\u00a0\u00a0\u00a0 <\/strong>Nej, naturligvis ikke just de sammen, men \u2026<br \/>\n<strong>L\u00fcttichau\u00a0\u00a0\u00a0\u00a0\u00a0\u00a0\u00a0\u00a0\u00a0 <\/strong>( Afbryder ham) Du skulle holde dig for god til den slags hedensk snak, Christian. Vi har l\u00e6rt, at Gud kalder hver af os til den stand og de k\u00e5r, han finder bedst. Det tror du vel p\u00e5? Du har vel ikke forladt din lutherske tro?<br \/>\n<strong>Plessen\u00a0\u00a0\u00a0\u00a0\u00a0\u00a0\u00a0\u00a0\u00a0\u00a0\u00a0\u00a0 <\/strong>(Lidt t\u00f8vende) \u00c5h du, vi har l\u00e6rt s\u00e5 meget \u2026<br \/>\n<strong>L\u00fcttichau\u00a0\u00a0\u00a0\u00a0\u00a0\u00a0\u00a0\u00a0\u00a0 <\/strong>(Strengt) Christian Ludvig! Se p\u00e5 mig! Du tror vel p\u00e5 Gud den Alm\u00e6gtige?<br \/>\n<strong>Plessen\u00a0\u00a0\u00a0\u00a0\u00a0\u00a0\u00a0\u00a0\u00a0\u00a0\u00a0\u00a0 <\/strong>(M\u00f8der hans blik) Jeg tror p\u00e5 Gud den Barmhjertige. Jeg tror, nej, jeg ved, at Gud ikke skaber noget menneske til lidelse og undertrykkelse. Jeg tror p\u00e5, at alle har samme ret til i frihed at skabe sit eget liv i sk\u00f8nhed og lykke.<br \/>\n<strong>L\u00fcttichau\u00a0\u00a0\u00a0\u00a0\u00a0\u00a0\u00a0\u00a0\u00a0 <\/strong>I sk\u00f8nhed og lykke? Nu taler du jo som et barn. Bonden er jo lykkelig. Ja, p\u00e5 sin m\u00e5de, naturligvis. Han er tilfreds. Han beg\u00e6rer jo slet ikke alle disse nye indretninger, som I finder p\u00e5 derovre i K\u00f8benhavn. Nej, Christian Ludvig, det kommer mig for, at I sv\u00e6ver et sted oppe i skyerne uden forbindelse med den jord, I tr\u00e6der p\u00e5. I ser ikke virkeligheden med dens krav og n\u00f8dvendighed. Kom dog ned p\u00e5 jorden og se bonden. Se ham i al hans tarvelighed. Han er tilfreds med sit h\u00e5rde liv, for han er skabt til det.<br \/>\n<strong>Plessen\u00a0\u00a0\u00a0\u00a0\u00a0\u00a0\u00a0\u00a0\u00a0\u00a0\u00a0\u00a0 <\/strong>Ned p\u00e5 jorden, siger du? Jeg er landmand, Hans, og som landmand har jeg rejst overalt i Europa. Og overalt har jeg set det samme syn. B\u00f8nder i fattigdom og uvidenhed. Vist har du ret Hans: b\u00f8nderne er ofte tr\u00e6ge, kivagtige, ja, undertiden endda uduelige og fordrukne. Men det er i k k e deres natur. Det er deres k\u00e5r, der skaber dem. Jeg kan give dig et eksempel: aldrig s\u00e5 snart har en dygtig bonde arbejdet er god g\u00e5rd op, f\u00f8r han s\u00e6ttes fra den for at tvinges til at begynde forfra p\u00e5 en elendig bedrift. Naturligvis sl\u00f8ves han og opgiver til sidst.<br \/>\n<strong>L\u00fcttichau\u00a0\u00a0\u00a0\u00a0\u00a0\u00a0\u00a0\u00a0\u00a0 <\/strong>Ah, dine b\u00f8nder flyttes da aldrig omkring \u2013 og det sker vel i det hele taget sj\u00e6ldent.<br \/>\n<strong>Plessen\u00a0\u00a0\u00a0\u00a0\u00a0\u00a0\u00a0\u00a0\u00a0\u00a0\u00a0\u00a0 <\/strong>Det er jeg ikke s\u00e5 sikker p\u00e5. Og desuden, retten til at flytte vilk\u00e5rligt rundt med b\u00f8nderne findes. Og s\u00e5 l\u00e6nge vilk\u00e5rligheden hersker, kan ingen bonde vide sig sikker. Derfor m\u00e5 vi \u00e6ndre lovene.<br \/>\n<strong>L\u00fcttichau\u00a0\u00a0\u00a0\u00a0\u00a0\u00a0\u00a0\u00a0\u00a0 <\/strong>Men det nytter ikke.<br \/>\n<strong>Plessen\u00a0\u00a0\u00a0\u00a0\u00a0\u00a0\u00a0\u00a0\u00a0\u00a0\u00a0\u00a0 <\/strong>Jo. Det nytter. Og jeg kan bevise det. Her p\u00e5 Fussing\u00f8 har vi givet b\u00f8nderne deres g\u00e5rde i evig arv og eje, og du finder ikke flittigere b\u00f8nder i hele landet.<br \/>\n<strong>L\u00fcttichau\u00a0\u00a0\u00a0\u00a0\u00a0\u00a0\u00a0\u00a0\u00a0 <\/strong>(Affejende) Ja, ja det er klart, at b\u00f8nderne her er noget s\u00e6rligt. De er skam heller ikke s\u00e5 tossede p\u00e5 Tjele. Men det beviser ikke noget. Og jeg kan love dig \u00e9n ting: oph\u00e6ver I f\u00f8rst stavnsb\u00e5ndet, da slipper i Fanden l\u00f8s. Hvor har vi s\u00e5 bonden? Hvordan skal godser med magre jorder holde p\u00e5 ham? Vist er dine ideer smukke, men p\u00e5 virkeligheden duer de ikke. Brug dem i dine digte! Ligesom din oldefar Mogens Skeel. Ogs\u00e5 han havde h\u00f8jtflyvende tanker, men han holdt dem p\u00e5 papiret, og der gjorde de ingen skade.<br \/>\n<strong>Plessen\u00a0\u00a0\u00a0\u00a0\u00a0\u00a0\u00a0\u00a0\u00a0\u00a0\u00a0\u00a0 <\/strong>Jeg har en dr\u00f8m.<br \/>\n<strong>L\u00fcttichau\u00a0\u00a0\u00a0\u00a0\u00a0\u00a0\u00a0\u00a0\u00a0 <\/strong>(Ler) Ja. En dr\u00f8mmer og en digter, det er du s\u00e5 vist, Christian Ludvig.<br \/>\n<strong>Plessen\u00a0\u00a0\u00a0\u00a0\u00a0\u00a0\u00a0\u00a0\u00a0\u00a0\u00a0\u00a0 <\/strong>(Uanf\u00e6gtet) jeg har en dr\u00f8m om frihed.<br \/>\n<strong>L\u00fcttichau\u00a0\u00a0\u00a0\u00a0\u00a0\u00a0\u00a0\u00a0\u00a0 <\/strong>Ha ha \u2026<br \/>\n<strong>Plessen\u00a0\u00a0\u00a0\u00a0\u00a0\u00a0\u00a0\u00a0\u00a0\u00a0\u00a0\u00a0 <\/strong>Og jeg er overbevist om, at den dr\u00f8m bliver virkelighed en dag. Jeg ser et andet Danmark, hvor en fri bonde dyrker sin egen jord og s\u00e5r og h\u00f8ster dit eget korn. Hvor frihed og ejendom er hver mands ret. Jeg ser et Danmark, hvor alle er borgere med lige ret til viden og velstand. En dag vil du m\u00f8de en ny tids bonde, Hans, en bonde, som er flittig, fordi han har lyst, og som er dygtig, fordi det nytter<br \/>\n<strong>L\u00fcttichau\u00a0\u00a0\u00a0\u00a0\u00a0\u00a0\u00a0\u00a0\u00a0 <\/strong>I river grunden bort under bonden. Frihed t\u00e5ler kun den st\u00e6rke.<br \/>\n<strong>Plessen\u00a0\u00a0\u00a0\u00a0\u00a0\u00a0\u00a0\u00a0\u00a0\u00a0\u00a0\u00a0 <\/strong>S\u00e5 m\u00e5 vi give ham den styrke.<br \/>\n<strong>L\u00fcttichau \u00a0 \u00a0 \u00a0 \u00a0 \u00a0S<\/strong>om det er nu \u2026<br \/>\n<strong>Plessen\u00a0\u00a0\u00a0\u00a0\u00a0\u00a0\u00a0\u00a0\u00a0\u00a0\u00a0\u00a0 <\/strong>(Afbryder ham) Som det er nu, lever han som et dyr, og vi behandler ham som et dyr. Nej, det nytter ikke, at du protesterer Hans. N\u00e5r jeg t\u00e6nker p\u00e5, hvordan I ser p\u00e5 bonden, da m\u00e5 jeg harmes. Jeg har h\u00f8rt, at Guldberg skulle have sagt: <em>hvis bonden ikke er bunden, er han v\u00e6rre end hunden.<\/em><br \/>\n<strong>L\u00fcttichau\u00a0\u00a0\u00a0\u00a0\u00a0\u00a0\u00a0\u00a0\u00a0 <\/strong>Vi st\u00e5r langt fra hinanden \u2026<br \/>\n<strong>Plessen\u00a0\u00a0\u00a0\u00a0\u00a0\u00a0\u00a0\u00a0\u00a0\u00a0\u00a0\u00a0 <\/strong>Ja, det g\u00f8r vi. Men h\u00f8r nu, min ven, i dag er vi sammen for at gl\u00e6de os over sommeren og v\u00e6ksten, og det kan vi vel enes om?<br \/>\n&nbsp;<br \/>\nPiger og karle danser ind. De to adelsm\u00e6nd ser til \u2013 Efter en stund danser b\u00f8nderne ud igen. Greverne st\u00e5r stadig og konverserer. Grevinden kommer ind fra den modsatte side ledsaget af pr\u00e6sten.<br \/>\n<strong>Plessen\u00a0\u00a0\u00a0\u00a0\u00a0\u00a0\u00a0\u00a0\u00a0\u00a0\u00a0\u00a0 <\/strong>Nej se, min frue i selskab med vor lokale gejstlighed. ( L\u00fcttichau og fruen hilser \u2013 pr\u00e6sten tr\u00e6der lidt i baggrunden. \u00a0Plessen vinker ham frem. Henvendt til vennen). Og m\u00e5 jeg pr\u00e6sentere pastor Brandt for dig. Han skulle v\u00e6re nidk\u00e6r i tjenesten.<br \/>\n<strong>Brandt\u00a0\u00a0\u00a0\u00a0\u00a0\u00a0\u00a0\u00a0\u00a0\u00a0\u00a0\u00a0\u00a0 <\/strong>( Bukker dybt) Deres \u00e6rb\u00f8dige tjener \u2013 n\u00e6r Guds.<br \/>\n<strong>L\u00fcttichau\u00a0\u00a0\u00a0\u00a0\u00a0\u00a0\u00a0\u00a0\u00a0 <\/strong>Ja, det er i sandhed en herlig gerning \u2013 at v\u00e6re hyrde for b\u00f8nderne.<br \/>\n<strong>Brandt\u00a0\u00a0\u00a0\u00a0\u00a0\u00a0\u00a0\u00a0\u00a0\u00a0\u00a0\u00a0\u00a0 <\/strong>S\u00e5m\u00e6nd. Desv\u00e6rre er f\u00e5reflokken spredt og p\u00e5 vildsomme veje, og ens gerning b\u00e6rer ikke frugt i denne golde jammerdal.<br \/>\n<strong>L\u00fcttichau\u00a0\u00a0\u00a0\u00a0\u00a0\u00a0\u00a0\u00a0\u00a0 <\/strong>Er det virkelig den smukke N\u00f8rre\u00e5dal, De taler om?<br \/>\n<strong>Plessen\u00a0\u00a0\u00a0\u00a0\u00a0\u00a0\u00a0\u00a0\u00a0\u00a0\u00a0\u00a0 <\/strong>Ha ha \u2026 og her gik jeg lige og roste vore b\u00f8nder for deres dydige levem\u00e5de.<br \/>\n<strong>Brandt\u00a0\u00a0\u00a0\u00a0\u00a0\u00a0\u00a0\u00a0\u00a0\u00a0\u00a0\u00a0\u00a0 <\/strong>Da ved jeg rigtignok bedre end nogen, hvorledes det er fat med den dyd. Disse b\u00f8nder er lastefulde helt ind til marven. Hvis jeg m\u00e5 triste mig til at dryppe malurt i n\u00e5digherrens b\u00e6ger.<br \/>\n<strong>L\u00fcttichau\u00a0\u00a0\u00a0\u00a0\u00a0\u00a0\u00a0\u00a0\u00a0 <\/strong>(Ler hjerteligt) ha ha \u2026 der h\u00f8rer du, Christian, en pr\u00e6st kender sine b\u00f8nder fra den daglige omgang.<br \/>\n<strong>Brandt\u00a0\u00a0\u00a0\u00a0\u00a0\u00a0\u00a0\u00a0\u00a0\u00a0\u00a0\u00a0\u00a0 <\/strong>(St\u00f8dt) Sandt at sige finder jeg kammerherrens latter malplaceret. Alt taget i betragtning.<br \/>\n<strong>L\u00fcttichau\u00a0\u00a0\u00a0\u00a0\u00a0\u00a0\u00a0\u00a0\u00a0 <\/strong>(Studs) Virkelig!<br \/>\n<strong>Brandt\u00a0\u00a0\u00a0\u00a0\u00a0\u00a0\u00a0\u00a0\u00a0\u00a0\u00a0\u00a0\u00a0 <\/strong>Jo. I allerh\u00f8jeste grad. For jeg har nemlig uomtvistelige beviser p\u00e5, at det st\u00e5r om muligt endnu ringere til med b\u00f8ndernes dyd p\u00e5 Tjele.<br \/>\n<strong>L\u00fcttichau\u00a0\u00a0\u00a0\u00a0\u00a0\u00a0\u00a0\u00a0\u00a0 <\/strong>N\u00e6 h\u00f8r nu, min gode mand. Det forekommer mig, at De overskrider deres sognegr\u00e6nser.<br \/>\n<strong>Plessen\u00a0\u00a0\u00a0\u00a0\u00a0\u00a0\u00a0\u00a0\u00a0\u00a0\u00a0\u00a0 <\/strong>Ha ha ha \u2026<br \/>\n<strong>L\u00fcttichau\u00a0\u00a0\u00a0\u00a0\u00a0\u00a0\u00a0\u00a0\u00a0 <\/strong>Jamen, hvad er det, manden fabler om?<br \/>\n<strong>Brandt\u00a0\u00a0\u00a0\u00a0\u00a0\u00a0\u00a0\u00a0\u00a0\u00a0\u00a0\u00a0\u00a0 <\/strong>Jo, for jeg ved, at der netop i disse minutter ufravigeligt sikkert fj\u00e6ler sig en flygtning fra Tjele her. Ja, lige her. N\u00e5digfruen er mit vidne.<br \/>\n<strong>Plessen\u00a0\u00a0\u00a0\u00a0\u00a0\u00a0\u00a0\u00a0\u00a0\u00a0\u00a0\u00a0 <\/strong>Hvad er det, du ved, min ven?<br \/>\n<strong>Grevinden\u00a0\u00a0\u00a0\u00a0\u00a0\u00a0\u00a0 <\/strong>\u00c5h, jeg ved lige s\u00e5 lidt som pastoren noget som helst, og beviser har vi da slet ikke. Men det er sandt, at der er flygtet en karl fra Tjele og at han er her.<br \/>\n<strong>L\u00fcttichau\u00a0\u00a0\u00a0\u00a0\u00a0\u00a0\u00a0\u00a0\u00a0 <\/strong>Sandt? Jamen, da er det en alvorlig sag, og I m\u00e5 straks underrette forvalteren, s\u00e5 fyren kan p\u00e5gribes og tilb\u00f8rligt straffes.<br \/>\n<strong>Brandt\u00a0\u00a0\u00a0\u00a0\u00a0\u00a0\u00a0\u00a0\u00a0\u00a0\u00a0\u00a0\u00a0 <\/strong>Som talt ud af mit hjerte.<br \/>\n<strong>Grevinden\u00a0\u00a0\u00a0\u00a0\u00a0\u00a0\u00a0 <\/strong>Aldeles hjertel\u00f8st.<br \/>\n<strong>Plessen\u00a0\u00a0\u00a0\u00a0\u00a0\u00a0\u00a0\u00a0\u00a0\u00a0\u00a0\u00a0 <\/strong>Men min k\u00e6re! Vi m\u00e5 dog finde karlen og komme til klarhed om sagens rette sammenh\u00e6ng. Vil pastor Brandt underrette forvalteren?<br \/>\n<strong>Brandt\u00a0\u00a0\u00a0\u00a0\u00a0\u00a0\u00a0\u00a0\u00a0\u00a0\u00a0\u00a0\u00a0 <\/strong>Med st\u00f8rste forn\u00f8jelse<br \/>\n&nbsp;<br \/>\nScenen stadig samme. Men en illusion af interieur skabes f.eks. ved, at et bord anbringes \u2013 greven kommer ind \u2013 han s\u00e6tter sig ved bordet og synes optaget af bl\u00e6k og pen. Ind tr\u00e6der forvalteren Gabriel Tryde.<br \/>\n<strong>Tryde\u00a0\u00a0\u00a0\u00a0\u00a0\u00a0\u00a0\u00a0\u00a0\u00a0\u00a0\u00a0\u00a0\u00a0\u00a0 <\/strong>Greven har ladet mig kalde.<br \/>\n<strong>Plessen\u00a0\u00a0\u00a0\u00a0\u00a0\u00a0\u00a0\u00a0\u00a0\u00a0\u00a0\u00a0 <\/strong>Ja, desv\u00e6rre er alt ikke festligheder. Man har sagt mig, at en bondekn\u00f8s er flygtet fra Tjele og nu befinder sig her p\u00e5 Fussing\u00f8.<br \/>\n<strong>Tryde\u00a0\u00a0\u00a0\u00a0\u00a0\u00a0\u00a0\u00a0\u00a0\u00a0\u00a0\u00a0\u00a0\u00a0\u00a0 <\/strong>Og hvorfor er han flygtet?<br \/>\n<strong>Plessen\u00a0\u00a0\u00a0\u00a0\u00a0\u00a0\u00a0\u00a0\u00a0\u00a0\u00a0\u00a0 <\/strong>Tja hvorfor? Min hustru siger, at han n\u00e6ppe er nogen forbryder.<br \/>\n<strong>Tryde\u00a0\u00a0\u00a0\u00a0\u00a0\u00a0\u00a0\u00a0\u00a0\u00a0\u00a0\u00a0\u00a0\u00a0\u00a0 <\/strong>Det er vel en forbrydelse at flygte fra sin g\u00e5rd.<br \/>\n<strong>Plessen\u00a0\u00a0\u00a0\u00a0\u00a0\u00a0\u00a0\u00a0\u00a0\u00a0\u00a0\u00a0 <\/strong>Ja, det siger De. Men det burde v\u00e6re ethvert menneskes ret at f\u00e6rdes frit i sit f\u00e6dreland.<br \/>\n<strong>Tryde\u00a0\u00a0\u00a0\u00a0\u00a0\u00a0\u00a0\u00a0\u00a0\u00a0\u00a0\u00a0\u00a0\u00a0\u00a0 <\/strong>Jeg siger ikke andet. Men loven g\u00f8r, Og lov skal holdes, ikke sandt?<br \/>\n<strong>Plessen\u00a0\u00a0\u00a0\u00a0\u00a0\u00a0\u00a0\u00a0\u00a0\u00a0\u00a0\u00a0 <\/strong>Love har mennesker skabt. Love kan mennesker \u00e6ndre.<br \/>\n<strong>Tryde\u00a0\u00a0\u00a0\u00a0\u00a0\u00a0\u00a0\u00a0\u00a0\u00a0\u00a0\u00a0\u00a0\u00a0\u00a0 <\/strong>Ja, n\u00e5r kongen byder det.<br \/>\n<strong>Plessen\u00a0\u00a0\u00a0\u00a0\u00a0\u00a0\u00a0\u00a0\u00a0\u00a0\u00a0\u00a0 <\/strong>( Han sukker dybt) Kongen ja. Men kongen m\u00e5 have kloge m\u00e6nd omkring sig. Ellers var han ilde faren. Og vi med.<br \/>\n<strong>Tryde\u00a0\u00a0\u00a0\u00a0\u00a0\u00a0\u00a0\u00a0\u00a0\u00a0\u00a0\u00a0\u00a0\u00a0\u00a0 <\/strong>Ja, vi her p\u00e5 Fussing\u00f8 er stolte af grevens arbejde i landbokommissionen. Men er alle herrerne enige i bondesagen?<br \/>\n<strong>Plessen\u00a0\u00a0\u00a0\u00a0\u00a0\u00a0\u00a0\u00a0\u00a0\u00a0\u00a0\u00a0 <\/strong>De bedste. Reventlov, Bernstorff og Schimmelmann.<br \/>\n<strong>Tryde\u00a0\u00a0\u00a0\u00a0\u00a0\u00a0\u00a0\u00a0\u00a0\u00a0\u00a0\u00a0\u00a0\u00a0\u00a0 <\/strong>Undskyld min dristighed, hr. Greve, men man h\u00f8rer jo s\u00e5 meget.<br \/>\n<strong>Plessen\u00a0\u00a0\u00a0\u00a0\u00a0\u00a0\u00a0\u00a0\u00a0\u00a0\u00a0\u00a0 <\/strong>Sig blot frem, min gode Tryde!<br \/>\n<strong>Tryde\u00a0\u00a0\u00a0\u00a0\u00a0\u00a0\u00a0\u00a0\u00a0\u00a0\u00a0\u00a0\u00a0\u00a0\u00a0 <\/strong>Jo. Man siger, at greven og flere andre forbereder en omv\u00e6ltning af landets styre \u2026 men \u2026 kan det \u2026<br \/>\n<strong>Plessen\u00a0\u00a0\u00a0\u00a0\u00a0\u00a0\u00a0\u00a0\u00a0\u00a0\u00a0\u00a0 <\/strong>Siger man virkelig?<br \/>\n<strong>Tryde\u00a0\u00a0\u00a0\u00a0\u00a0\u00a0\u00a0\u00a0\u00a0\u00a0\u00a0\u00a0\u00a0\u00a0\u00a0 <\/strong>Ja. Og hvad med kongen?<br \/>\n<strong>Plessen\u00a0\u00a0\u00a0\u00a0\u00a0\u00a0\u00a0\u00a0\u00a0\u00a0\u00a0\u00a0 <\/strong>Med kongen er det ilde fat. Men det er jo kronprinsen, der regerer nu, og han br\u00e6nder for bondens sag. Men nu m\u00e5 De finde den karl og bringe ham til mig.<br \/>\n<strong>Tryde\u00a0\u00a0\u00a0\u00a0\u00a0\u00a0\u00a0\u00a0\u00a0\u00a0\u00a0\u00a0\u00a0\u00a0\u00a0 <\/strong>Jeg skal finde ham.<br \/>\n&nbsp;<br \/>\nTryde og Plessen ud. Scenen tom et \u00f8jeblik, s\u00e5 danses der atter \u2013 et par bondekoner skiller sig ud fra m\u00e6ngen. Det er Karen Br\u00f8ndum og Anne Hviid. ( En dialektkender \u2013 den gamle kirkesanger i Bjerregrav skrev teksten om til dialekt \u2013 som efter hans udsagn skulle v\u00e6re gammel Bjerregravm\u00e5l)<br \/>\n<strong>Anne\u00a0\u00a0\u00a0\u00a0\u00a0\u00a0\u00a0\u00a0\u00a0\u00a0\u00a0\u00a0\u00a0\u00a0\u00a0\u00a0 <\/strong>Nu \u00e6 de g\u00e5n 4 oer sien den daw we pastor Sinding huer wi fek wor joer skywt u\u2019 \u2013 o de \u00e6 f\u00f8st no wi h\u00e5 w\u00e6nnet wos te\u2019et.<br \/>\n<strong>Karen\u00a0\u00a0\u00a0\u00a0\u00a0\u00a0\u00a0\u00a0\u00a0\u00a0\u00a0\u00a0\u00a0\u00a0\u00a0 <\/strong>Ja, a houer den daw, Kr\u00e6n kam j\u00e6m \u2013 han war ligot n\u00f8 s\u00e6r we\u2019et. Ja, no h\u00e5 di dyrke djer marker i f\u00e6llesskaw i manne hunne oer og s\u00e5 sku\u2019et te o blyw spre\u2019 \u00f8ve(r) hiele einen.<br \/>\n<strong>Anne\u00a0\u00a0\u00a0\u00a0\u00a0\u00a0\u00a0\u00a0\u00a0\u00a0\u00a0\u00a0\u00a0\u00a0\u00a0\u00a0 <\/strong>Ja, wi ka\u2019 grin \u00e5\u2019et i daw n\u00e6 wi tenke po\u2019et. Men den f\u00f8st tij bl\u00f8w Niels we o harre o so hans marker i l\u00e5eng\u2019 strimle akkur\u00e5t som di pleie i f\u00e6lleskawe \u2026<br \/>\n<strong>Karen\u00a0\u00a0\u00a0\u00a0\u00a0\u00a0\u00a0\u00a0\u00a0\u00a0\u00a0\u00a0\u00a0\u00a0\u00a0 <\/strong>Ha ha ha \u2026! \u00a0A troue Niels wa liss\u00e5 towle. Han sku osse pr\u00f8w s\u00e6 fram i l\u00e5ng tij \u2026 men no go\u2019er got m\u00e6 de \u2026<br \/>\n<strong>Anne\u00a0\u00a0\u00a0\u00a0\u00a0\u00a0\u00a0\u00a0\u00a0\u00a0\u00a0\u00a0\u00a0\u00a0\u00a0\u00a0 <\/strong>Jo, det er nok s\u00e5en me di mandfolk: di tenke \u00e6 f\u00f8r di jawer te \u00e5 law n\u00f8 \u2013 o\u2019 s\u00e5 go\u2019er jo de(r)\u00e6tter<br \/>\n<strong>Karen\u00a0\u00a0\u00a0\u00a0\u00a0\u00a0\u00a0\u00a0\u00a0\u00a0\u00a0\u00a0\u00a0\u00a0\u00a0 <\/strong>Men wil do trou, Kr\u00e6n himler op om te wi ska\u2019 fl\u00f8\u2019t gouren u\u2019 po marken. De e(r) n\u00f8 f\u00e5\u00e5\u00e5le snak, t\u00f8kke a<br \/>\n<strong>Anne\u00a0\u00a0\u00a0\u00a0\u00a0\u00a0\u00a0\u00a0\u00a0\u00a0\u00a0\u00a0\u00a0\u00a0\u00a0\u00a0 <\/strong>Ja, a h\u00e5(r) h\u00f8t Niels s\u00e6 n\u00f8 liss\u00e5dan \u2013 men a ku\u2019 da \u00e6 tenk m\u00e6 o bo jenle po marken.<br \/>\n<strong>Karen\u00a0\u00a0\u00a0\u00a0\u00a0\u00a0\u00a0\u00a0\u00a0\u00a0\u00a0\u00a0\u00a0\u00a0\u00a0 <\/strong>N\u00e6j, jen ku\u2019 blyw s\u00e6 ve\u2019et<br \/>\n<strong>Anne<\/strong>\u00a0\u00a0\u00a0\u00a0\u00a0\u00a0\u00a0\u00a0\u00a0\u00a0\u00a0\u00a0\u00a0\u00a0\u00a0\u00a0 Ja, o a troue h\u00e6lle \u00e6 de \u00e6(r) got for b\u00f8nnen. Di ku\u2019 h\u00e6n o blyw hiel b\u00e5ng for o si aje folk te sist, om di sku\u2019 bo jenle po marken.<br \/>\n<strong>Karen\u00a0\u00a0\u00a0\u00a0\u00a0\u00a0\u00a0\u00a0\u00a0\u00a0\u00a0\u00a0\u00a0\u00a0\u00a0 <\/strong>Ja, men do sku\u2019 h\u00f8er Kr\u00e6n, n\u00e6r han snakke om den gouer wi ska\u2019 ha\u2019. Han snakke om hauen og linneall\u00e9en, o jen sku\u2019 trou te de wa(r) e slot han wil byg wos.<br \/>\n<strong>Anne\u00a0\u00a0\u00a0\u00a0\u00a0\u00a0\u00a0\u00a0\u00a0\u00a0\u00a0\u00a0\u00a0\u00a0\u00a0\u00a0 <\/strong>Ja, a ka si ham sidde o regire o w\u00e6er sw\u00e6\u2019t tepas we\u2019et. ( De ler)<br \/>\n<strong>Karen\u00a0\u00a0\u00a0\u00a0\u00a0\u00a0\u00a0\u00a0\u00a0\u00a0\u00a0\u00a0\u00a0\u00a0\u00a0 <\/strong>Forrejsten wa(r) a g\u00e5ngen til Rajs i gue. A h\u00e5d h\u00f8t te k\u00f8man Knabe h\u00e5d billi siev.<br \/>\n<strong>Anne\u00a0\u00a0\u00a0\u00a0\u00a0\u00a0\u00a0\u00a0\u00a0\u00a0\u00a0\u00a0\u00a0\u00a0\u00a0\u00a0 <\/strong>De war l\u00e5nt o go \u00e6tte s\u00e5 lit.<br \/>\n<strong>Karen\u00a0\u00a0\u00a0\u00a0\u00a0\u00a0\u00a0\u00a0\u00a0\u00a0\u00a0\u00a0\u00a0\u00a0\u00a0 <\/strong>Jo, men s\u00e5 soll a \u00e5 n\u00f8 ul te Dines Mammen, med de t\u00f8kke a \u00e6 do ska\u2019 s\u00e6j til Niels<br \/>\n<strong>Anne\u00a0\u00a0\u00a0\u00a0\u00a0\u00a0\u00a0\u00a0\u00a0\u00a0\u00a0\u00a0\u00a0\u00a0\u00a0\u00a0 <\/strong>A forstoer d\u00e6 wal.\u00a0 Wi ajer \u00e6 h\u00e6lle \u00e6 s\u00e5 ring te \u00e5 handl n\u00f8 ul o n\u00f8 fl\u00e6sk, n\u00e6r wi allywal er g\u00e5ngen til Rais. Sist g\u00e5ng t\u00f8t a no de wa tr\u00e6ls. D\u00e6 \u00e6 s\u00e5 f\u00e5\u00e5\u00e5le m\u00f8j spektakel i b\u00f8jen.<br \/>\n<strong>Karen\u00a0\u00a0\u00a0\u00a0\u00a0\u00a0\u00a0\u00a0\u00a0\u00a0\u00a0\u00a0\u00a0\u00a0\u00a0 <\/strong>Ja, wi h\u00e5\u2019er b\u00e6ier wi ajer te wi ska\u2019 \u00e6 h\u00f8er po de hurlumhej \u2013 \u00e5 s\u00e5 l\u00f8jten. F\u00f8j!<br \/>\n<strong>Anne\u00a0\u00a0\u00a0\u00a0\u00a0\u00a0\u00a0\u00a0\u00a0\u00a0\u00a0\u00a0\u00a0\u00a0\u00a0\u00a0 <\/strong>Ja, beskit de \u00e6(r)\u2019t i b\u00f8jen \u2026 jen blywe hiel gl\u00e5 we Bjerregrav. Men si d\u00e6r komme wor nabo, Pier Wammen \u2026<br \/>\n<strong>Peder\u00a0\u00a0\u00a0\u00a0\u00a0\u00a0\u00a0\u00a0\u00a0\u00a0\u00a0\u00a0\u00a0\u00a0\u00a0 <\/strong>H\u00e5(r) I bette kuener sit Kr\u00e6n Eistrup?<br \/>\n<strong>Karen\u00a0\u00a0\u00a0\u00a0\u00a0\u00a0\u00a0\u00a0\u00a0\u00a0\u00a0\u00a0\u00a0\u00a0\u00a0 <\/strong>Han kam g\u00e5ngen m\u00e6 Niels Frih\u00e5nd og Jens Kousted. Men di h\u00e5 vist f\u00e5t en toer for t\u00f8sten.<br \/>\n<strong>Peder\u00a0\u00a0\u00a0\u00a0\u00a0\u00a0\u00a0\u00a0\u00a0\u00a0\u00a0\u00a0\u00a0\u00a0\u00a0 <\/strong>Jow. A vejer\u2019t \u2013 men a h\u00e5 n\u00f8s soll en gris te Kr\u00e6n \u00e5 no \u00e6(r) a b\u00e5nd han glemme(r) \u2019t.<br \/>\n<strong>Karen\u00a0\u00a0\u00a0\u00a0\u00a0\u00a0\u00a0\u00a0\u00a0\u00a0\u00a0\u00a0\u00a0\u00a0\u00a0 <\/strong>S\u00e5 m\u00e5 wi f\u00e5 h\u00e5l i ham \u2013 te I ka\u2019 f\u00e5 h\u00e5ndslaw po den handel.<br \/>\n<strong>Anne\u00a0\u00a0\u00a0\u00a0\u00a0\u00a0\u00a0\u00a0\u00a0\u00a0\u00a0\u00a0\u00a0\u00a0\u00a0\u00a0 <\/strong>A t\u00f8kke nos n\u00e5r \u00e6 te jen sku\u2019 hannel s\u00e5en en f\u00e6stdaw. \u00c5l h\u00e5r jo f\u00e5t for m\u00f8j \u00e5 drik.<br \/>\n<strong>Peder\u00a0\u00a0\u00a0\u00a0\u00a0\u00a0\u00a0\u00a0\u00a0\u00a0\u00a0\u00a0\u00a0\u00a0\u00a0 <\/strong>Jamen, s\u00e5 go\u2019er \u00e5llebejst. A h\u00e5\u2019r sn\u00e5r soll hiele gouern \u2013 jen gris te Kr\u00e6n Eistrup \u00e5 tow te Las Knudsen og 3 te Niels Brask.<br \/>\n<strong>Karen\u00a0\u00a0\u00a0\u00a0\u00a0\u00a0\u00a0\u00a0\u00a0\u00a0\u00a0\u00a0\u00a0\u00a0\u00a0 <\/strong>Jamen, de wa\u2019r da forf\u00e6rli. A troue sn\u00e5r te do sku\u2019 gl\u00e6m den hannel.<br \/>\n<strong>Peder\u00a0\u00a0\u00a0\u00a0\u00a0\u00a0\u00a0\u00a0\u00a0\u00a0\u00a0\u00a0\u00a0\u00a0\u00a0 <\/strong>Gl\u00e6m!? N\u00e6j, houe minne do wal? A wil ha\u2019 mi peng. Og s\u00e5 ka\u2019 de ajer got f\u00e5 gouern \u2013 den er ligegot m\u00f8j ring. Ha ha ha \u2026 forwal bette kuener!<br \/>\nPeder ud<br \/>\n<strong>Karen\u00a0\u00a0\u00a0\u00a0\u00a0\u00a0\u00a0\u00a0\u00a0\u00a0\u00a0\u00a0\u00a0\u00a0\u00a0 <\/strong>A t\u00f8kke han wa(r) h\u00f8vt op.<br \/>\n<strong>Anne\u00a0\u00a0\u00a0\u00a0\u00a0\u00a0\u00a0\u00a0\u00a0\u00a0\u00a0\u00a0\u00a0\u00a0\u00a0\u00a0 <\/strong>Ja, de \u00e6 rajti \u2013 wi m\u00e5 nok helle f\u00e5 h\u00e5l i Niels og Kr\u00e6n. Hels h\u00e5r wi kaske h\u00e6lle injen gouer i muen.<br \/>\nDe ler og g\u00e5r ud. Scenen tom et \u00f8jeblik. Mette og S\u00f8ren ind.<br \/>\n<strong>S\u00f8ren\u00a0\u00a0\u00a0\u00a0\u00a0\u00a0\u00a0\u00a0\u00a0\u00a0\u00a0\u00a0\u00a0\u00a0\u00a0 <\/strong>Du m\u00e5 bestemme dig nu. Men det siger jeg dig: vil du ikke flygte med mig, s\u00e5 g\u00f8r jeg en ulykke p\u00e5 mig selv.<br \/>\n<strong>Mette\u00a0\u00a0\u00a0\u00a0\u00a0\u00a0\u00a0\u00a0\u00a0\u00a0\u00a0\u00a0\u00a0\u00a0\u00a0 <\/strong>Da g\u00f8r du stor uret mod mig. Det er ogs\u00e5 bare en anden m\u00e5de at undg\u00e5 sin sk\u00e6bne p\u00e5. Og S\u00f8ren, det nytter ikke. Man kan nu engang ikke flygte. Ens sk\u00e6bne ligger i Guds h\u00e5nd.<br \/>\n<strong>S\u00f8ren\u00a0\u00a0\u00a0\u00a0\u00a0\u00a0\u00a0\u00a0\u00a0\u00a0\u00a0\u00a0\u00a0\u00a0\u00a0 <\/strong>(Bittert) Ikke min. Den ligger i forvalterens.<br \/>\n<strong>Mette\u00a0\u00a0\u00a0\u00a0\u00a0\u00a0\u00a0\u00a0\u00a0\u00a0\u00a0\u00a0\u00a0\u00a0\u00a0 <\/strong>Du potter Gud, S\u00f8ren. Vi <span style=\"text-decoration: underline;\">m\u00e5<\/span><strong> <\/strong>tale med greven. Det er ham, der bestemmer.<br \/>\n<strong>S\u00f8ren\u00a0\u00a0\u00a0\u00a0\u00a0\u00a0\u00a0\u00a0\u00a0\u00a0\u00a0\u00a0\u00a0\u00a0\u00a0 <\/strong>Men jeg vil selv bestemme over mit liv. Jeg t\u00e5ler ikke andet.<br \/>\n<strong>Mette\u00a0\u00a0\u00a0\u00a0\u00a0\u00a0\u00a0\u00a0\u00a0\u00a0\u00a0\u00a0\u00a0\u00a0\u00a0 <\/strong>Hvad s\u00e5 med mig? Betyder jeg da ikke mere for dig end friheden i et fremmed land?<br \/>\n<strong>S\u00f8ren\u00a0\u00a0\u00a0\u00a0\u00a0\u00a0\u00a0\u00a0\u00a0\u00a0\u00a0\u00a0\u00a0\u00a0\u00a0 <\/strong>Du ved da, at du er mig det k\u00e6reste af alt.<br \/>\n<strong>Mette\u00a0\u00a0\u00a0\u00a0\u00a0\u00a0\u00a0\u00a0\u00a0\u00a0\u00a0\u00a0\u00a0\u00a0\u00a0 <\/strong>S\u00e5 bliv!<br \/>\n<strong>S\u00f8ren\u00a0\u00a0\u00a0\u00a0\u00a0\u00a0\u00a0\u00a0\u00a0\u00a0\u00a0\u00a0\u00a0\u00a0\u00a0 <\/strong>Det kan jeg jo ikke.<br \/>\n<strong>Mette\u00a0\u00a0\u00a0\u00a0\u00a0\u00a0\u00a0\u00a0\u00a0\u00a0\u00a0\u00a0\u00a0\u00a0\u00a0 <\/strong>Gode mennesker vil hj\u00e6lpe os.<br \/>\n<strong>S\u00f8ren\u00a0\u00a0\u00a0\u00a0\u00a0\u00a0\u00a0\u00a0\u00a0\u00a0\u00a0\u00a0\u00a0\u00a0\u00a0 <\/strong>Jeg tror ikke mere p\u00e5 menneskers godhed. Herrem\u00e6ndene er alle ens \u2013 og de andre t\u00e6nker kun p\u00e5 dagen og vejen. Jeg vil noget mere med mit liv.<br \/>\n<strong>Mette\u00a0\u00a0\u00a0\u00a0\u00a0\u00a0\u00a0\u00a0\u00a0\u00a0\u00a0\u00a0\u00a0\u00a0\u00a0 <\/strong><span style=\"text-decoration: underline;\">Dit<\/span> liv og <span style=\"text-decoration: underline;\">dit<\/span> liv. Det er ikke kun dit. Du er ikke kun dig selv. Du er ogs\u00e5 mig og alle de andre.<br \/>\n<strong>S\u00f8ren\u00a0\u00a0\u00a0\u00a0\u00a0\u00a0\u00a0\u00a0\u00a0\u00a0\u00a0\u00a0\u00a0\u00a0\u00a0 <\/strong>Jeg er f\u00f8rst og fremmest mig selv. Og jeg vil ikke tr\u00e6des p\u00e5. Jeg vil \u2026 jeg vil bruge mine kr\u00e6fter og min forstand til noget, der duer.<br \/>\n<strong>Mette\u00a0\u00a0\u00a0\u00a0\u00a0\u00a0\u00a0\u00a0\u00a0\u00a0\u00a0\u00a0\u00a0\u00a0\u00a0 <\/strong>Men jeg er vis p\u00e5, at greven forst\u00e5r dig og vil hj\u00e6lpe \u2026<br \/>\n<strong>S\u00f8ren\u00a0\u00a0\u00a0\u00a0\u00a0\u00a0\u00a0\u00a0\u00a0\u00a0\u00a0\u00a0\u00a0\u00a0\u00a0 <\/strong>Og hvorfor skulle han det? I hans \u00f8jne er jeg bare en gemen bondekn\u00f8s.<br \/>\n<strong>Mette\u00a0\u00a0\u00a0\u00a0\u00a0\u00a0\u00a0\u00a0\u00a0\u00a0\u00a0\u00a0\u00a0\u00a0\u00a0 <\/strong>Jamen, det er du da ogs\u00e5, S\u00f8ren. I mine \u00f8jne er du ogs\u00e5 en bondekn\u00f8s. Men for greven er b\u00f8nder ikke ringere end andre mennesker. Det ved jeg. Og derfor vil han hj\u00e6lpe dig.<br \/>\n<strong>S\u00f8ren\u00a0\u00a0\u00a0\u00a0\u00a0\u00a0\u00a0\u00a0\u00a0\u00a0\u00a0\u00a0\u00a0\u00a0\u00a0 <\/strong>Tror du?<br \/>\n<strong>Mette\u00a0\u00a0\u00a0\u00a0\u00a0\u00a0\u00a0\u00a0\u00a0\u00a0\u00a0\u00a0\u00a0\u00a0\u00a0 <\/strong>Ja. Det tror jeg.<br \/>\n<strong>S\u00f8ren\u00a0\u00a0\u00a0\u00a0\u00a0\u00a0\u00a0\u00a0\u00a0\u00a0\u00a0\u00a0\u00a0\u00a0\u00a0 <\/strong>Hvordan kan du v\u00e6re s\u00e5 sikker?<br \/>\n<strong>Mette\u00a0\u00a0\u00a0\u00a0\u00a0\u00a0\u00a0\u00a0\u00a0\u00a0\u00a0\u00a0\u00a0\u00a0\u00a0 <\/strong>Fordi alt det, du taler om: ret til at bestemme og bruge sine kr\u00e6fter. Og alt det andet. Det er jo det, han arbejder for derovre i K\u00f8benhavn. Han arbejder for os.<br \/>\n<strong>S\u00f8ren\u00a0\u00a0\u00a0\u00a0\u00a0\u00a0\u00a0\u00a0\u00a0\u00a0\u00a0\u00a0\u00a0\u00a0\u00a0 <\/strong>(Tvivlende) For os?<br \/>\n<strong>Mette\u00a0\u00a0\u00a0\u00a0\u00a0\u00a0\u00a0\u00a0\u00a0\u00a0\u00a0\u00a0\u00a0\u00a0\u00a0 <\/strong>Ja. G\u00e5r du s\u00e5 med?<br \/>\n<strong>S\u00f8ren\u00a0\u00a0\u00a0\u00a0\u00a0\u00a0\u00a0\u00a0\u00a0\u00a0\u00a0\u00a0\u00a0\u00a0\u00a0 <\/strong>Og indr\u00f8mmer, at jeg er flygtet.<br \/>\n<strong>Mette\u00a0\u00a0\u00a0\u00a0\u00a0\u00a0\u00a0\u00a0\u00a0\u00a0\u00a0\u00a0\u00a0\u00a0\u00a0 <\/strong>Ja.<br \/>\n<strong>S\u00f8ren\u00a0\u00a0\u00a0\u00a0\u00a0\u00a0\u00a0\u00a0\u00a0\u00a0\u00a0\u00a0\u00a0\u00a0\u00a0 <\/strong>Jeg ved ikke \u2026 m\u00e5ske \u2026<br \/>\nI det samme kommer forvalteren sammen med en karl. De omringer S\u00f8ren. Det kommer til slagsm\u00e5l. Det lykkes S\u00f8ren at g\u00f8re sig fri og flygte. Tryde ligger p\u00e5 gr\u00e6sset og jamrer. Karlen l\u00f8ber efter S\u00f8ren.<br \/>\n<strong>Tryde\u00a0\u00a0\u00a0\u00a0\u00a0\u00a0\u00a0\u00a0\u00a0\u00a0\u00a0\u00a0\u00a0\u00a0\u00a0 <\/strong>Fang ham!<br \/>\n<strong>Mette\u00a0\u00a0\u00a0\u00a0\u00a0\u00a0\u00a0\u00a0\u00a0\u00a0\u00a0\u00a0\u00a0\u00a0\u00a0 <\/strong>Hvorfor kunne I ikke lade ham i fred. Nu er alt h\u00e5bl\u00f8st.<br \/>\n<strong>Tryde\u00a0\u00a0\u00a0\u00a0\u00a0\u00a0\u00a0\u00a0\u00a0\u00a0\u00a0\u00a0\u00a0\u00a0\u00a0 <\/strong>Lade ham i fred? Hvad mener du? Jeg skulle jo hente ham.<br \/>\n<strong>Mette\u00a0\u00a0\u00a0\u00a0\u00a0\u00a0\u00a0\u00a0\u00a0\u00a0\u00a0\u00a0\u00a0\u00a0\u00a0 <\/strong>S\u00e5 kunne I vel have gjort det p\u00e5 en ordentlig m\u00e5de. Han er ikke et vildt dyr.<br \/>\n<strong>Tryde\u00a0\u00a0\u00a0\u00a0\u00a0\u00a0\u00a0\u00a0\u00a0\u00a0\u00a0\u00a0\u00a0\u00a0\u00a0 <\/strong>N\u00e5, jeg ved nu ikke. ( Han \u00f8mmer sig) Vild er han da. \u00c5h, jeg tror, min fod er br\u00e6kket. ( Fors\u00f8ger at rejse sig, men kan ikke) Du kommer til at hente hj\u00e6lp, Mette.<br \/>\n<strong>Mette\u00a0\u00a0\u00a0\u00a0\u00a0\u00a0\u00a0\u00a0\u00a0\u00a0\u00a0\u00a0\u00a0\u00a0\u00a0 <\/strong>Jeg har s\u00e5dan en lyst til at lade Jer ligge, Gabriel Tryde.<br \/>\nMette l\u00f8ber ud. I det samme kommer Kirstine ind sammen med en ung pige<br \/>\n<strong>Maria\u00a0\u00a0\u00a0\u00a0\u00a0\u00a0\u00a0\u00a0\u00a0\u00a0\u00a0\u00a0\u00a0\u00a0\u00a0 <\/strong>Se Kirstine! Er det ikke forvalteren? Hvorfor ligger han her?<br \/>\n<strong>Kirstine\u00a0\u00a0\u00a0\u00a0\u00a0\u00a0\u00a0\u00a0\u00a0\u00a0\u00a0\u00a0 <\/strong>Hvad er der sket?<br \/>\n<strong>Tryde\u00a0\u00a0\u00a0\u00a0\u00a0\u00a0\u00a0\u00a0\u00a0\u00a0\u00a0\u00a0\u00a0\u00a0\u00a0 <\/strong>Det er en l\u00e6ngere historie. Men jeg beh\u00f8ver hj\u00e6lp. Det g\u00f8r forbandet ondt i foden.<br \/>\n<strong>Kirstine\u00a0\u00a0\u00a0\u00a0\u00a0\u00a0\u00a0\u00a0\u00a0\u00a0\u00a0\u00a0 <\/strong>M\u00e5 jeg se?<br \/>\n<strong>Tryde\u00a0\u00a0\u00a0\u00a0\u00a0\u00a0\u00a0\u00a0\u00a0\u00a0\u00a0\u00a0\u00a0\u00a0\u00a0 <\/strong>Jomfruen skulle hellere hente hj\u00e6lp.<br \/>\n<strong>Maria\u00a0\u00a0\u00a0\u00a0\u00a0\u00a0\u00a0\u00a0\u00a0\u00a0\u00a0\u00a0\u00a0\u00a0\u00a0 <\/strong>Men Kirstine kan hj\u00e6lpe.<br \/>\n<strong>Tryde\u00a0\u00a0\u00a0\u00a0\u00a0\u00a0\u00a0\u00a0\u00a0\u00a0\u00a0\u00a0\u00a0\u00a0\u00a0 <\/strong>Ja, hun m\u00e5 gerne hj\u00e6lpe. Blot hun ikke r\u00f8rer foden.<br \/>\n<strong>Kirstine\u00a0\u00a0\u00a0\u00a0\u00a0\u00a0\u00a0\u00a0\u00a0\u00a0\u00a0\u00a0 J<\/strong>eg er l\u00e6ge.<br \/>\n<strong>Tryde\u00a0\u00a0\u00a0\u00a0\u00a0\u00a0\u00a0\u00a0\u00a0\u00a0\u00a0\u00a0\u00a0\u00a0\u00a0 <\/strong>Ha ha ha. L\u00e6ge? S\u00e5 er jeg kejser.<br \/>\n<strong>Kirstine\u00a0\u00a0\u00a0\u00a0\u00a0\u00a0\u00a0\u00a0\u00a0\u00a0\u00a0\u00a0 <\/strong>Jeg troede blot, I var forvalter.<br \/>\n<strong>Tryde\u00a0\u00a0\u00a0\u00a0\u00a0\u00a0\u00a0\u00a0\u00a0\u00a0\u00a0\u00a0\u00a0\u00a0\u00a0 <\/strong>Og jeg troede blot, I var en smuk pige.<br \/>\n<strong>Kirstine\u00a0\u00a0\u00a0\u00a0\u00a0\u00a0\u00a0\u00a0\u00a0\u00a0\u00a0\u00a0 <\/strong>( Genert) Synes I da, jeg er smuk?<br \/>\n<strong>Tryde\u00a0\u00a0\u00a0\u00a0\u00a0\u00a0\u00a0\u00a0\u00a0\u00a0\u00a0\u00a0\u00a0\u00a0\u00a0 <\/strong>Var jeg ikke s\u00e5 gammel, ville jeg fluks fri til jer \u2026<br \/>\n<strong>Kirstine\u00a0\u00a0\u00a0\u00a0\u00a0\u00a0\u00a0\u00a0\u00a0\u00a0\u00a0\u00a0 <\/strong>I er ikke gammel \u2026 vel Maria?<br \/>\n<strong>Maria\u00a0\u00a0\u00a0\u00a0\u00a0\u00a0\u00a0\u00a0\u00a0\u00a0\u00a0\u00a0\u00a0\u00a0\u00a0 <\/strong>\u00d8h \u2026 n e e j \u2013 ikke helt<br \/>\n<strong>Tryde\u00a0\u00a0\u00a0\u00a0\u00a0\u00a0\u00a0\u00a0\u00a0\u00a0\u00a0\u00a0\u00a0\u00a0\u00a0 <\/strong>Synes jomfruen ikke, at jeg er gammel?<br \/>\n<a href=\"https:\/\/blog.hesselholt.com\/wp-content\/uploads\/2017\/01\/fspil7.jpg\"><img loading=\"lazy\" decoding=\"async\" class=\"aligncenter size-full wp-image-6313\" title=\"fspil7\" src=\"https:\/\/blog.hesselholt.com\/wp-content\/uploads\/2017\/01\/fspil7.jpg\" alt=\"\" width=\"723\" height=\"529\" srcset=\"https:\/\/blog.hesselholt.com\/wp-content\/uploads\/2017\/01\/fspil7.jpg 723w, https:\/\/blog.hesselholt.com\/wp-content\/uploads\/2017\/01\/fspil7-300x220.jpg 300w\" sizes=\"auto, (max-width: 723px) 100vw, 723px\" \/><\/a><br \/>\n<strong>\u00a0 \u00a0<\/strong><br \/>\n<strong>Kirstine\u00a0\u00a0\u00a0\u00a0\u00a0\u00a0\u00a0\u00a0\u00a0\u00a0\u00a0\u00a0 <\/strong>Nej<br \/>\n<strong>Tryde\u00a0\u00a0\u00a0\u00a0\u00a0\u00a0\u00a0\u00a0\u00a0\u00a0\u00a0\u00a0\u00a0\u00a0\u00a0 <\/strong>Ikke for gammel til \u2026 til \u2026<br \/>\n<strong>Kirstine\u00a0\u00a0\u00a0\u00a0\u00a0\u00a0\u00a0\u00a0\u00a0\u00a0\u00a0\u00a0 <\/strong>Til \u2026 hvad?<br \/>\n<strong>Tryde\u00a0\u00a0\u00a0\u00a0\u00a0\u00a0\u00a0\u00a0\u00a0\u00a0\u00a0\u00a0\u00a0\u00a0\u00a0 <\/strong> Er jomfruen trolovet?<br \/>\n<strong>Kirstine\u00a0\u00a0\u00a0\u00a0\u00a0\u00a0\u00a0\u00a0\u00a0\u00a0\u00a0\u00a0 <\/strong>Nej.<br \/>\n<strong>Tryde\u00a0\u00a0\u00a0\u00a0\u00a0\u00a0\u00a0\u00a0\u00a0\u00a0\u00a0\u00a0\u00a0\u00a0\u00a0 <\/strong>Men har hun en hjertensk\u00e6r?<br \/>\n<strong>Kirstine\u00a0\u00a0\u00a0\u00a0\u00a0\u00a0\u00a0\u00a0\u00a0\u00a0\u00a0\u00a0 <\/strong>Nej<br \/>\n<strong>Tryde\u00a0\u00a0\u00a0\u00a0\u00a0\u00a0\u00a0\u00a0\u00a0\u00a0\u00a0\u00a0\u00a0\u00a0\u00a0 <\/strong>Jeg skulle ikke stille alle disse sp\u00f8rgsm\u00e5l. Jeg er ingen ung mand. Snart fyrretyve \u00e5r. Kunne v\u00e6re Jeres far.<br \/>\n<strong>Kirstine\u00a0\u00a0\u00a0\u00a0\u00a0\u00a0\u00a0\u00a0\u00a0\u00a0\u00a0\u00a0 <\/strong>Sp\u00f8rg I blot. Og jeg er ligeglad med Jeres alder.<br \/>\n<strong>Tryde\u00a0\u00a0\u00a0\u00a0\u00a0\u00a0\u00a0\u00a0\u00a0\u00a0\u00a0\u00a0\u00a0\u00a0\u00a0 <\/strong>Hvem er Jeres far?<br \/>\n<strong>Kirstine\u00a0\u00a0\u00a0\u00a0\u00a0\u00a0\u00a0\u00a0\u00a0\u00a0\u00a0\u00a0 <\/strong>Min far er d\u00f8d.<br \/>\n<strong>Tryde\u00a0\u00a0\u00a0\u00a0\u00a0\u00a0\u00a0\u00a0\u00a0\u00a0\u00a0\u00a0\u00a0\u00a0\u00a0 <\/strong>Jeg hedder Gabriel Tryde. Jeg er ugift.<br \/>\n<strong>Kirstine\u00a0\u00a0\u00a0\u00a0\u00a0\u00a0\u00a0\u00a0\u00a0\u00a0\u00a0\u00a0 <\/strong>(Lidt forlegen) Jeg m\u00e5 hellere se p\u00e5 benet.<br \/>\n<strong>Tryde\u00a0\u00a0\u00a0\u00a0\u00a0\u00a0\u00a0\u00a0\u00a0\u00a0\u00a0\u00a0\u00a0\u00a0\u00a0 <\/strong>Ja.<br \/>\n<strong>Kirstine\u00a0\u00a0\u00a0\u00a0\u00a0\u00a0\u00a0\u00a0\u00a0\u00a0\u00a0\u00a0 <\/strong>Maria, hj\u00e6lp mig med at holde hans ben. ( Til Tryde) det vil g\u00f8re lidt ondt.<br \/>\nHun unders\u00f8ger benet.<br \/>\n<strong>Kirstine\u00a0\u00a0\u00a0\u00a0\u00a0\u00a0\u00a0\u00a0\u00a0\u00a0\u00a0\u00a0 <\/strong>Det er blot en forstuvning. Ingenting af betydning. Men jeg l\u00e6gger en stram forbinding, og s\u00e5 m\u00e5 I ikke g\u00e5 p\u00e5 foden i nogle dage. Men jeg vil komme hver dag og se til Jer. Maria, giv mig tasken!<br \/>\n&nbsp;<br \/>\nMarie r\u00e6kker hende tasken. Hun l\u00e6gger en forbinding. Tryde ser p\u00e5 hende imens \u2013 forelsket \u2013 hun ser stj\u00e5lent p\u00e5 hans ansigt ind imellem \u2013 mindst liges\u00e5 forelsket.<br \/>\n<strong>Tryde\u00a0\u00a0\u00a0\u00a0\u00a0\u00a0\u00a0\u00a0\u00a0\u00a0\u00a0\u00a0\u00a0\u00a0\u00a0 <\/strong>Jeg vil gl\u00e6de mig til hver dag, I kommer. Og jeg h\u00e5ber, at foden l\u00e6ges sent.<br \/>\n<strong>Kirstine\u00a0\u00a0\u00a0\u00a0\u00a0\u00a0\u00a0\u00a0\u00a0\u00a0\u00a0\u00a0 <\/strong>\u00c5h, I bliver snart rask \u2026 men \u2026<br \/>\n<strong>Tryde\u00a0\u00a0\u00a0\u00a0\u00a0\u00a0\u00a0\u00a0\u00a0\u00a0\u00a0\u00a0\u00a0\u00a0\u00a0 <\/strong>Men?<br \/>\n<strong>Kirstine\u00a0\u00a0\u00a0\u00a0\u00a0\u00a0\u00a0\u00a0\u00a0\u00a0\u00a0\u00a0 <\/strong>Jeg bliver boende p\u00e5 m\u00f8llen.<br \/>\n<strong>Maria\u00a0\u00a0\u00a0\u00a0\u00a0\u00a0\u00a0\u00a0\u00a0\u00a0\u00a0\u00a0\u00a0\u00a0\u00a0 <\/strong>Kirstine. Vi kan da ikke blive siddende her. Din onkel \u00a0\u2026<br \/>\n<strong>Kirstine\u00a0\u00a0\u00a0\u00a0\u00a0\u00a0\u00a0\u00a0\u00a0\u00a0\u00a0\u00a0 <\/strong>Jeg er voksen nok til selv at bestemme, hvor jeg vil sidde.<br \/>\n<strong>Maria\u00a0\u00a0\u00a0\u00a0\u00a0\u00a0\u00a0\u00a0\u00a0\u00a0\u00a0\u00a0\u00a0\u00a0\u00a0 <\/strong>Kirstine!<br \/>\n<strong>Kirstine\u00a0\u00a0\u00a0\u00a0\u00a0\u00a0\u00a0\u00a0\u00a0\u00a0\u00a0\u00a0 <\/strong>Jeg er ikke noget barn.<br \/>\n<strong>Tryde\u00a0\u00a0\u00a0\u00a0\u00a0\u00a0\u00a0\u00a0\u00a0\u00a0\u00a0\u00a0\u00a0\u00a0\u00a0 <\/strong>Det er I ikke. S\u00e5 bliv blot siddende en stund.<br \/>\n<strong>Kirstine\u00a0\u00a0\u00a0\u00a0\u00a0\u00a0\u00a0\u00a0\u00a0\u00a0\u00a0\u00a0 <\/strong>Nej. Jeg m\u00e5 g\u00e5.<br \/>\nKirstine og Maria g\u00e5r ud. Scenen tom et \u00f8jeblik. Ind fru Agathe v. Plessen i samtale med kammerherreinde L\u00fcttichau til Tjele.<br \/>\n<strong>Fru Agatha\u00a0\u00a0\u00a0\u00a0\u00a0\u00a0 <\/strong>Ja, alt det fortalte hun mig. Og Mette er en \u00e6rlig pige. Hun siger sandheden. S\u00e5 nu forst\u00e5r du vel, at vi m\u00e5 hj\u00e6lpe de unge?<br \/>\n<strong>Fru L.\u00a0\u00a0\u00a0\u00a0\u00a0\u00a0\u00a0\u00a0\u00a0\u00a0\u00a0\u00a0\u00a0\u00a0\u00a0 <\/strong>Jo, men blot begriber jeg ikke, at S\u00f8ren ikke kom til os i stedet for at l\u00f8be sin vej. ( Efter en pause og med lidt \u00e6rgrelse i stemmen) Sandt at sige, kender jeg ham ikke for det gode.<br \/>\n<strong>Fru A\u00a0\u00a0\u00a0\u00a0\u00a0\u00a0\u00a0\u00a0\u00a0\u00a0\u00a0\u00a0\u00a0\u00a0\u00a0 <\/strong>Hvad siger du?<br \/>\n<strong>Fru L\u00a0\u00a0\u00a0\u00a0\u00a0\u00a0\u00a0\u00a0\u00a0\u00a0\u00a0\u00a0\u00a0\u00a0\u00a0\u00a0 <\/strong>Ja, der har v\u00e6ret klaget over ham.<br \/>\n<strong>Fru K\u00a0\u00a0\u00a0\u00a0\u00a0\u00a0\u00a0\u00a0\u00a0\u00a0\u00a0\u00a0\u00a0\u00a0\u00a0 <\/strong>Klaget?<br \/>\n<strong>Fru L\u00a0\u00a0\u00a0\u00a0\u00a0\u00a0\u00a0\u00a0\u00a0\u00a0\u00a0\u00a0\u00a0\u00a0\u00a0\u00a0 <\/strong>Ja, b\u00e5de forvalteren og vor degn har haft problemer med S\u00f8ren. P\u00e5 hovmarken er han ikke nem. Og degnen mener, at drengen l\u00e6ser mere end godt er.<br \/>\n<strong>Fru A\u00a0\u00a0\u00a0\u00a0\u00a0\u00a0\u00a0\u00a0\u00a0\u00a0\u00a0\u00a0\u00a0\u00a0\u00a0 <\/strong>Kan man det?<br \/>\n<strong>Fru L\u00a0\u00a0\u00a0\u00a0\u00a0\u00a0\u00a0\u00a0\u00a0\u00a0\u00a0\u00a0\u00a0\u00a0\u00a0\u00a0 <\/strong>Ja, n\u00e5r det er ugudelige skrifter: tidender og almanakker og den slags, som ikke er skrevet for b\u00f8nderb\u00f8rn.<br \/>\n<strong>Fru A\u00a0\u00a0\u00a0\u00a0\u00a0\u00a0\u00a0\u00a0\u00a0\u00a0\u00a0\u00a0\u00a0\u00a0\u00a0 <\/strong>Men en duelig landmand \u2013 det er han vel?<br \/>\n<strong>Fru L\u00a0\u00a0\u00a0\u00a0\u00a0\u00a0\u00a0\u00a0\u00a0\u00a0\u00a0\u00a0\u00a0\u00a0\u00a0\u00a0 <\/strong>Vist er han dygtig. Men genstridig.<br \/>\n<strong>Fru A\u00a0\u00a0\u00a0\u00a0\u00a0\u00a0\u00a0\u00a0\u00a0\u00a0\u00a0\u00a0\u00a0\u00a0\u00a0 <\/strong>S\u00e5 er det vel synd at behandle ham d\u00e5rligt.<br \/>\n<strong>Fru L\u00a0\u00a0\u00a0\u00a0\u00a0\u00a0\u00a0\u00a0\u00a0\u00a0\u00a0\u00a0\u00a0\u00a0\u00a0\u00a0 <\/strong>Ved du hvad Agathe, den slags overlader vi til forvalteren. Men naturligvis, er her sket uret, s\u00e5 skal den g\u00f8res god igen. Blot m\u00e5 vi huske, at karlen m\u00e5 l\u00e6re at kende sin plads. Det er ikke let.<br \/>\n<strong>Agathe\u00a0\u00a0\u00a0\u00a0\u00a0\u00a0\u00a0\u00a0\u00a0\u00a0\u00a0\u00a0\u00a0 <\/strong>Bare de finder ham, inden han g\u00f8r en ulykke p\u00e5 sig selv.<br \/>\n<strong>Fru L\u00a0\u00a0\u00a0\u00a0\u00a0\u00a0\u00a0\u00a0\u00a0\u00a0\u00a0\u00a0\u00a0\u00a0\u00a0\u00a0 <\/strong>\u00c5h \u2013 det slags g\u00f8r b\u00f8nder ikke. Dertil er de for tr\u00e6ge.<br \/>\n<strong>Fru A\u00a0\u00a0\u00a0\u00a0\u00a0\u00a0\u00a0\u00a0\u00a0\u00a0\u00a0\u00a0\u00a0\u00a0\u00a0 <\/strong>Sig ikke det. Der er mange b\u00f8nderkarle, som leml\u00e6ster sig selv for at slippe for soldatertjeneste. Ja, det har jeg h\u00f8rt af Reventlow.<br \/>\n<strong>Fru L\u00a0\u00a0\u00a0\u00a0\u00a0\u00a0\u00a0\u00a0\u00a0\u00a0\u00a0\u00a0\u00a0\u00a0\u00a0\u00a0 <\/strong>Denne Reventlow \u2013 er han ikke temmelig oversp\u00e6ndt? Jeg har nu aldrig spekuleret over disse bondesp\u00f8rgsm\u00e5l, m\u00e5 jeg indr\u00f8mme. Hans Helmut siger, at alle disse nye indretninger er tegn p\u00e5 s\u00e6dernes forfald.<br \/>\nEn bondepige kommer l\u00f8bende. Hun har meget travlt. Fru Agathe r\u00e5ber hende an.<br \/>\n<strong>Fru A\u00a0\u00a0\u00a0\u00a0\u00a0\u00a0\u00a0\u00a0\u00a0\u00a0\u00a0\u00a0\u00a0\u00a0\u00a0 <\/strong>H\u00f8r, hvor skal du hen i den fart?<br \/>\n<strong>Pigen\u00a0\u00a0\u00a0\u00a0\u00a0\u00a0\u00a0\u00a0\u00a0\u00a0\u00a0\u00a0\u00a0\u00a0\u00a0\u00a0 <\/strong>Jeg m\u00e5 skynde mig at finde forvalteren.<br \/>\n<strong>Fru A\u00a0\u00a0\u00a0\u00a0\u00a0\u00a0\u00a0\u00a0\u00a0\u00a0\u00a0\u00a0\u00a0\u00a0\u00a0 <\/strong>N\u00e5, s\u00e5 meget haster det vel ikke.<br \/>\n<strong>Pigen\u00a0\u00a0\u00a0\u00a0\u00a0\u00a0\u00a0\u00a0\u00a0\u00a0\u00a0\u00a0\u00a0\u00a0\u00a0\u00a0 <\/strong>Jo, det g\u00f8r. Det g\u00e6lder liv og d\u00f8d.<br \/>\n<strong>Fru A\u00a0\u00a0\u00a0\u00a0\u00a0\u00a0\u00a0\u00a0\u00a0\u00a0\u00a0\u00a0\u00a0\u00a0\u00a0 <\/strong>Hvad er det du siger, barn?<br \/>\n<strong>Pigen\u00a0\u00a0\u00a0\u00a0\u00a0\u00a0\u00a0\u00a0\u00a0\u00a0\u00a0\u00a0\u00a0\u00a0\u00a0\u00a0 <\/strong>Ja. Der er sket en ulykke. Jeg m\u00e5 l\u00f8be.<br \/>\n<strong>Fru A\u00a0\u00a0\u00a0\u00a0\u00a0\u00a0\u00a0\u00a0\u00a0\u00a0\u00a0\u00a0\u00a0\u00a0\u00a0 <\/strong>( Hun holder fast i pigen) En ulykke! Jamen s\u00e5 fort\u00e6l dog!<br \/>\n<strong>Pigen\u00a0\u00a0\u00a0\u00a0\u00a0\u00a0\u00a0\u00a0\u00a0\u00a0\u00a0\u00a0\u00a0\u00a0\u00a0\u00a0 <\/strong>De \u2026 de har funder en karl i s\u00f8en. Han har vist druknet sig.<br \/>\n<strong>Fru A\u00a0\u00a0\u00a0\u00a0\u00a0\u00a0\u00a0\u00a0\u00a0\u00a0\u00a0\u00a0\u00a0\u00a0\u00a0 <\/strong>Og hvor er han nu?<br \/>\n<strong>Pigen\u00a0\u00a0\u00a0\u00a0\u00a0\u00a0\u00a0\u00a0\u00a0\u00a0\u00a0\u00a0\u00a0\u00a0\u00a0\u00a0 <\/strong>Jo. De kommer b\u00e6rende p\u00e5 ham nede fra s\u00f8en, men \u2026<br \/>\n<strong>Fru A\u00a0\u00a0\u00a0\u00a0\u00a0\u00a0\u00a0\u00a0\u00a0\u00a0\u00a0\u00a0\u00a0\u00a0\u00a0 <\/strong>G\u00e5 tilbage! Bed dem b\u00e6re karlen herhen! Straks!<br \/>\n<strong>Pigen\u00a0\u00a0\u00a0\u00a0\u00a0\u00a0\u00a0\u00a0\u00a0\u00a0\u00a0\u00a0\u00a0\u00a0\u00a0\u00a0 <\/strong>Jamen, de sagde, at jeg skulle hente forvalteren \u2026<br \/>\n<strong>Fru A\u00a0\u00a0\u00a0\u00a0\u00a0\u00a0\u00a0\u00a0\u00a0\u00a0\u00a0\u00a0\u00a0\u00a0\u00a0 <\/strong>Ham f\u00e5r vi ikke brug for. Skynd dig nu!<br \/>\nPigen vender om og l\u00f8ber tilbage.<br \/>\n<strong>Fru A\u00a0\u00a0\u00a0\u00a0\u00a0\u00a0\u00a0\u00a0\u00a0\u00a0\u00a0\u00a0\u00a0\u00a0\u00a0 <\/strong>S\u00e5 er det m\u00e5ske for sent.<br \/>\n<strong>Fru L\u00a0\u00a0\u00a0\u00a0\u00a0\u00a0\u00a0\u00a0\u00a0\u00a0\u00a0\u00a0\u00a0\u00a0\u00a0\u00a0 <\/strong>Ja, det er stor skade.<br \/>\nNogle b\u00f8nder kommer b\u00e6rende p\u00e5 S\u00f8ren. De l\u00e6gger ham i gr\u00e6sset foran grevinden og kammerherrerinden og g\u00e5r til side. Den unge pige fra f\u00f8r kommer l\u00f8bende sammen med Mette.<br \/>\n<strong>Mette\u00a0\u00a0\u00a0\u00a0\u00a0\u00a0\u00a0\u00a0\u00a0\u00a0\u00a0\u00a0\u00a0\u00a0\u00a0 <\/strong>\u00c5h S\u00f8ren! ( Hun gr\u00e6der)<br \/>\nDer er blevet sendt bud efter Kirstine, som skubber Mette til side og g\u00e5r i gang med at genoplive S\u00f8ren. Efter en tid lykkes det. Fru L kn\u00e6ler ved hans side.<br \/>\n<strong>Fru L\u00a0\u00a0\u00a0\u00a0\u00a0\u00a0\u00a0\u00a0\u00a0\u00a0\u00a0\u00a0\u00a0\u00a0\u00a0\u00a0 <\/strong>S\u00f8ren! Hvorfor har du ikke fortalt os om den uret, der er beg\u00e5et imod dig.<br \/>\n<strong>S\u00f8ren\u00a0\u00a0\u00a0\u00a0\u00a0\u00a0\u00a0\u00a0\u00a0\u00a0\u00a0\u00a0\u00a0\u00a0\u00a0 <\/strong>( Han jamrer)\u00c5h \u2026<br \/>\n<strong>Fru K\u00a0\u00a0\u00a0\u00a0\u00a0\u00a0\u00a0\u00a0\u00a0\u00a0\u00a0\u00a0\u00a0\u00a0\u00a0 <\/strong>Ja, det er mig, S\u00f8ren. Og jeg er vred. Du burde v\u00e6re kommet til os.<br \/>\n<strong>S\u00f8ren\u00a0\u00a0\u00a0\u00a0\u00a0\u00a0\u00a0\u00a0\u00a0\u00a0\u00a0\u00a0\u00a0\u00a0\u00a0 <\/strong>(S\u00e6tter sig op og ser ned i gr\u00e6sset) \u00c5h, det havde aldrig nyttet.<br \/>\n<strong>Fru L\u00a0\u00a0\u00a0\u00a0\u00a0\u00a0\u00a0\u00a0\u00a0\u00a0\u00a0\u00a0\u00a0\u00a0\u00a0\u00a0 <\/strong>Vr\u00f8vl. Vist havde det s\u00e5. Vi er ikke umennesker. Vi ser i alle mennesker br\u00f8dre og s\u00f8stre. Ogs\u00e5 du har en plads blandt Guds k\u00e6re b\u00f8rn.<br \/>\n<strong>S\u00f8ren\u00a0\u00a0\u00a0\u00a0\u00a0\u00a0\u00a0\u00a0\u00a0\u00a0\u00a0\u00a0\u00a0\u00a0\u00a0 <\/strong>( Trodsigt) Det har jeg aldrig m\u00e6rket.<br \/>\n<strong>Fru L\u00a0\u00a0\u00a0\u00a0\u00a0\u00a0\u00a0\u00a0\u00a0\u00a0\u00a0\u00a0\u00a0\u00a0\u00a0\u00a0 <\/strong>Vi har jo ingenting vidst. Derfor.<br \/>\n<strong>S\u00f8ren\u00a0\u00a0\u00a0\u00a0\u00a0\u00a0\u00a0\u00a0\u00a0\u00a0\u00a0\u00a0\u00a0\u00a0\u00a0 <\/strong>S\u00e5dan er der meget, der aldrig vides.<br \/>\nPlessen kommer ind i selskab med L\u00fcttichau<br \/>\n<strong>Plessen\u00a0\u00a0\u00a0\u00a0\u00a0\u00a0\u00a0\u00a0\u00a0\u00a0\u00a0\u00a0 <\/strong>Ser man det! Der har vi nok kn\u00f8sen.<br \/>\n<strong>L\u00fcttichau\u00a0\u00a0\u00a0\u00a0\u00a0\u00a0\u00a0\u00a0\u00a0 <\/strong>Ja, vi har netop h\u00f8rt S\u00f8ren og Mettes historie, og jeg er glad for, at det ikke er for sent.<br \/>\n<strong>Plessen\u00a0\u00a0\u00a0\u00a0\u00a0\u00a0\u00a0\u00a0\u00a0\u00a0\u00a0\u00a0 <\/strong>Lige mine ord. Og nu har vi vist ogs\u00e5 fundet en l\u00f8sning.<br \/>\nS\u00f8ren rejser sig og g\u00e5r hen til Mette<br \/>\n<strong>S\u00f8ren\u00a0\u00a0\u00a0\u00a0\u00a0\u00a0\u00a0\u00a0\u00a0\u00a0\u00a0\u00a0\u00a0\u00a0\u00a0 <\/strong>(Med mistro) En \u2026 en l\u00f8sning?<br \/>\n<strong>Plessen\u00a0\u00a0\u00a0\u00a0\u00a0\u00a0\u00a0\u00a0\u00a0\u00a0\u00a0\u00a0 <\/strong>Netop. Jeg har talt med forvalteren. Og nu er det s\u00e5dan, at vi har en f\u00e6steg\u00e5rd p\u00e5 Fussing\u00f8, som er ledig, og den er slet ikke ringe, men selvf\u00f8lgelig: den tr\u00e6nger til en dygtig landmand. Hvad siger du til det S\u00f8ren?<br \/>\n<strong>S\u00f8ren \u00a0 \u00a0 \u00a0 \u00a0 \u00a0 \u00a0 \u00a0 \u00a0(<\/strong> Trodsigt) Har jeg noget valg?<br \/>\n<strong>Mette\u00a0\u00a0\u00a0\u00a0\u00a0\u00a0\u00a0\u00a0\u00a0\u00a0\u00a0\u00a0\u00a0\u00a0\u00a0 <\/strong>( Vredt) S\u00f8ren!<br \/>\n<strong>Plessen\u00a0\u00a0\u00a0\u00a0\u00a0\u00a0\u00a0\u00a0\u00a0\u00a0\u00a0\u00a0 <\/strong>H\u00f8r nu her S\u00f8ren: g\u00e5rden ligger i Gjandrup. Der er 6 t\u00f8nder harkorn og velholdte bygninger. Og jeg betaler sammen med kammerherren din indf\u00e6stning. Hvad siger du s\u00e5?<br \/>\n<strong>S\u00f8ren\u00a0\u00a0\u00a0\u00a0\u00a0\u00a0\u00a0\u00a0\u00a0\u00a0\u00a0\u00a0\u00a0\u00a0\u00a0 <\/strong>( Stadig med trods i stemmen) Ja, s\u00e5 har jeg vel at sige tak.<br \/>\n<strong>Mette\u00a0\u00a0\u00a0\u00a0\u00a0\u00a0\u00a0\u00a0\u00a0\u00a0\u00a0\u00a0\u00a0\u00a0\u00a0 <\/strong>( Endnu vredere) S\u00f8ren!<br \/>\n<strong>S\u00f8ren\u00a0\u00a0\u00a0\u00a0\u00a0\u00a0\u00a0\u00a0\u00a0\u00a0\u00a0\u00a0\u00a0\u00a0\u00a0 <\/strong>(Sluger en kamel) Jeg siger \u2026 tak.<br \/>\n<strong>Plessen\u00a0\u00a0\u00a0\u00a0\u00a0\u00a0\u00a0\u00a0\u00a0\u00a0\u00a0\u00a0 <\/strong>Det t\u00e6nkte jeg du ville. Og for at du ikke fortsat skal t\u00e6nke ilde om mig, har jeg sendt bud efter birkeskriveren, og du vil i alles p\u00e5h\u00f8r f\u00e5 overdraget f\u00e6stebrevet.<br \/>\n<strong>Mette\u00a0\u00a0\u00a0\u00a0\u00a0\u00a0\u00a0\u00a0\u00a0\u00a0\u00a0\u00a0\u00a0\u00a0\u00a0 <\/strong>( Glad) \u00c5h S\u00f8ren! Greven skal have s\u00e5 hjerteligt mange tak.<br \/>\n<strong>S\u00f8ren\u00a0\u00a0\u00a0\u00a0\u00a0\u00a0\u00a0\u00a0\u00a0\u00a0\u00a0\u00a0\u00a0\u00a0\u00a0 <\/strong>(Vredt) Mette!<br \/>\n<strong>Plessen\u00a0\u00a0\u00a0\u00a0\u00a0\u00a0\u00a0\u00a0\u00a0\u00a0\u00a0\u00a0 <\/strong>Ja, v\u00e6r du glad for hende. G\u00e5rden er god, men hun er det bedste, du f\u00e5r.<br \/>\n<strong>S\u00f8ren\u00a0\u00a0\u00a0\u00a0\u00a0\u00a0\u00a0\u00a0\u00a0\u00a0\u00a0\u00a0\u00a0\u00a0\u00a0 <\/strong>Det er i det mindste sandt.<br \/>\n<strong>Fru A\u00a0\u00a0\u00a0\u00a0\u00a0\u00a0\u00a0\u00a0\u00a0\u00a0\u00a0\u00a0\u00a0\u00a0\u00a0 <\/strong>Der kommer birkeskriveren.<br \/>\n<strong>Hempel\u00a0\u00a0\u00a0\u00a0\u00a0\u00a0\u00a0\u00a0\u00a0\u00a0\u00a0\u00a0 <\/strong>Ja, jeg kommer med det f\u00e6stebrev til S\u00f8ren Nielsen, som greven bad mig udf\u00e6rdige. Nu vil jeg l\u00e6se det h\u00f8jt for dig, S\u00f8ren.<br \/>\nHan folder brevet ud og l\u00e6ser<br \/>\n<strong>Hempel\u00a0\u00a0\u00a0\u00a0\u00a0\u00a0\u00a0\u00a0\u00a0\u00a0\u00a0\u00a0 <\/strong>JEG CHRISTIAN LUDVIG SCHEEL VON PLESSEN, STAMHERRE TIL FUSSING\u00d8 OG SELS\u00d8, HERRE TIL SALT\u00d8 HARRESTED OG LIDHOLM G\u00c5RDE, HANS MAJEST\u00c6TS TIL DANMARK OG NORGE BESTALTEDE KAMMERHERRE OG DEPUTEREDE UDI DET KONGELIGE GENERALV\u00c6SENS KOLLEGIO, G\u00d8R HERVED VITTERLIGT:<br \/>\nHerefter opl\u00e6ses det originale f\u00e6stebrev til S\u00f8ren Nielsen Gjandrup, som befinder sig p\u00e5 lokalhistorisk arkiv \u2013 en kopi kan skaffes.<br \/>\nDet originale spil sluttede som et rammespil, hvor man igen m\u00f8dte den lille nutidige familie ( mor, far, S\u00f8ren og Mette anno 1988) \u2013 men den virker nu lidt un\u00f8dvendig og p\u00e5klistret, synes jeg, s\u00e5 den udelades.<br \/>\nVi n\u00f8jes med den lykkelige slutning, der h\u00f8rer sig til i et s\u00e5dant spil anno 1988 som jo skulle v\u00e6re en fejring af 200\u00e5ret for stavnsb\u00e5ndets oph\u00e6velse.<br \/>\nHer et lille citat fra Danmarkshistorien.dk<br \/>\n<em>Stavnsb\u00e5ndet blev indf\u00f8rt med en forordning af 4. februar 1733 som en del af genindf\u00f8rslen af nationale udskrivninger til milit\u00e6rtjeneste. Det indebar, at de unge m\u00e6nd p\u00e5 landet ikke uden godsejerens tilladelse kunne forlade det gods, hvor de var f\u00f8dt. Stavnsb\u00e5ndet blev officielt oph\u00e6vet i 1788, men var f\u00f8rst helt afviklet i 1800.<\/em><br \/>\n<a href=\"https:\/\/blog.hesselholt.com\/wp-content\/uploads\/2017\/01\/fspil5.jpg\"><img loading=\"lazy\" decoding=\"async\" class=\"aligncenter size-full wp-image-6316\" title=\"fspil5\" src=\"https:\/\/blog.hesselholt.com\/wp-content\/uploads\/2017\/01\/fspil5.jpg\" alt=\"\" width=\"886\" height=\"588\" srcset=\"https:\/\/blog.hesselholt.com\/wp-content\/uploads\/2017\/01\/fspil5.jpg 886w, https:\/\/blog.hesselholt.com\/wp-content\/uploads\/2017\/01\/fspil5-300x199.jpg 300w, https:\/\/blog.hesselholt.com\/wp-content\/uploads\/2017\/01\/fspil5-768x510.jpg 768w\" sizes=\"auto, (max-width: 886px) 100vw, 886px\" \/><\/a>\u00a0<a href=\"https:\/\/blog.hesselholt.com\/wp-content\/uploads\/2017\/01\/fspil8.jpg\"><img loading=\"lazy\" decoding=\"async\" class=\"aligncenter size-full wp-image-6317\" title=\"fspil8\" src=\"https:\/\/blog.hesselholt.com\/wp-content\/uploads\/2017\/01\/fspil8.jpg\" alt=\"\" width=\"884\" height=\"586\" srcset=\"https:\/\/blog.hesselholt.com\/wp-content\/uploads\/2017\/01\/fspil8.jpg 884w, https:\/\/blog.hesselholt.com\/wp-content\/uploads\/2017\/01\/fspil8-300x199.jpg 300w, https:\/\/blog.hesselholt.com\/wp-content\/uploads\/2017\/01\/fspil8-768x509.jpg 768w\" sizes=\"auto, (max-width: 884px) 100vw, 884px\" \/><\/a><br \/>\n<strong>\u00a0 \u00a0 \u00a0 \u00a0 \u00a0 \u00a0 \u00a0\u00a0<\/strong><br \/>\n<strong>\u00a0 \u00a0 Jeg vil slutte dette indl\u00e6g med at l\u00e6gge den tale p\u00e5, som jeg holdt efter den sidste forestilling i juli 1988:<\/strong><br \/>\n<strong>\u00a0 \u00a0\u00a0<\/strong><span style=\"font-weight: 300;\">Jeg vil gerne sige tak til alle, der har v\u00e6ret med til at virkeligg\u00f8re dr\u00f8mmen om et festspil her p\u00e5 det smukke Fussing\u00f8 i anledning af bondens frig\u00f8relse for snart 200 \u00e5r siden. Det var en begivenhed, hvori \u201dvores\u201d greve, Christian Ludvig Scheel von Plessen, spillede en hovedrolle.<\/span><br \/>\n<span style=\"font-weight: 300;\">Tak for jeres flotte spil, tak for dans og musik. Det smukke resultat skyldes sikkert talent for og gl\u00e6de ved at optr\u00e6de, men jeg tvivler ikke p\u00e5, at det ogs\u00e5 har kr\u00e6vet h\u00e5rdt arbejde af jer alle sammen.<\/span><br \/>\nJeg har f.eks. h\u00f8rt Ketty J\u00f8rgensen (hun spiller Kirstine) fort\u00e6lle, hvordan hun, n\u00e5r hun lavede mad derhjemme, undertiden gik et par skridt tilbage og \u00f8vede sig p\u00e5 f\u00f8rst at vende frikadellerne ryggen, men dern\u00e6st at vende sig om og stirre dem lige ind i farsen og indsmigrende sp\u00f8rge dem: \u201dsynes I virkelig, at jeg er smuk.\u201d<br \/>\nAt vi har f\u00e5et s\u00e5 dygtige skuespillere er lidt af et lykketr\u00e6f. Ganske vist var det ikke ganske grebet ud i den bl\u00e5 luft, n\u00e5r jeg henvendte mig til snart en og snart en anden og spurgte, om de ville lege med.<br \/>\nMen alligevel \u2013 at de passede s\u00e5 fint ind i rollerne, det vidste jeg ikke. F.eks. valgte jeg Thyge Jensen og Jens Christian Weidanz\u00a0 og Dick Webb p\u00e5 grund af deres udseende og stemmepragt.<br \/>\nValget af Hans Kaltoft som den nidk\u00e6re pastor Brandt kom sig af en erindring, jeg havde fra flere \u00e5r tilbage. Jeg huskede nemlig, hvordan han midt i en l\u00e6rerfest tog ordet og holdt en dundrende v\u00e6kkelsestale.\u00a0 Den var s\u00e5 morsom, og han var s\u00e5 overbevisende salvelsesfuld, at det m\u00e5tte blive ham til den rolle. Han sagde heldigvis ja, sk\u00f8nt rollen ikke just er sympatisk.<br \/>\nOg Niels Arne Hansen, den gode forvalter Tryde til Fussing\u00f8, ja ham er jeg jo i familie med, og han er en rigtig jyde med begge ben p\u00e5 jorden. Niels Arne tr\u00e5dte til i sidste \u00f8jeblik og klarede rollen smukt. Vi havde et par stykker f\u00f8r ham, som sprang fra. Den ene var italiener og ville s\u00e5 gerne give k\u00e6rligheden flere erotiske hedeb\u00f8lger, end min tekst kunne b\u00e6re.<br \/>\nResten af personerne kom til p\u00e5 anden vis: nogle fra vores hjemlige dillettantforening, andre, fordi Jytte Nielsen kendte dem som habile amat\u00f8rskuespillere.<br \/>\nNu h\u00e5ber jeg s\u00e5, at rollerne kan afl\u00e6gges igen \u2013 I blev jo alle s\u00e5 hjemme i dem \u2013 forh\u00e5bentlig har Kaltoft ikke levet sig s\u00e5 grundigt ind i sin, at han vedblivende vil tage afstand fra fester og andet syndigt tant og fjant. For Jens Christian kan man jo godt v\u00e6re lidt bekymret. Han spillede sin rolle som ind\u00e6dt aristokrat s\u00e5 naturligt og overbevisende, at man kan tvivle p\u00e5, at hans politiske karriere kan forts\u00e6tte i samme spor efter dette. Han kan vist liges\u00e5 godt straks melde sig ind i Det konservative Folkeparti. Hmm \u2026<br \/>\nDet f\u00e5r mig til at t\u00e6nke p\u00e5 en sjov lille episode den l\u00f8rdag, hvor vi spillede om eftermiddagen. Da kom der en mand hen til mig i pausen og fortalte, at hans familie omg\u00e5s privat med familien L\u00fcttichau p\u00e5 Tjele ( efterkommere af vores aristokratiske adelsmand i stykket) og \u201djeg kan jo se\u201d sagde han til mig \u201dat du ogs\u00e5 kender familien rigtig godt.\u201d Det ben\u00e6gtede jeg. Desv\u00e6rre nej. Har faktisk kun v\u00e6ret som \u201dkigger\u201d p\u00e5 Tjele en dag, hvor der var \u00e5bent for publikum. \u201dJa, da har du taget ham lige p\u00e5 kornet. Hans Helmuth, han blev da spillet pr\u00e6cis som den nuv\u00e6rende greve til Tjele.\u201d<br \/>\nEn anden kom og fortalte mig, at han var s\u00e5 imponeret over, hvor ubesv\u00e6ret Dick Webb klarede den lette tyske accent. S\u00e5dan har greven helt sikkert talt dengang, sagde manden. Jeg mente nu ikke, det havde v\u00e6ret s\u00e5 sv\u00e6rt for Dick. Han er engl\u00e6nder. Men det sagde jeg ikke. Al \u00e6ren skal v\u00e6re skuespillerne vel undt.<br \/>\nEn gammel dame kom hen til mig og fortalte mig noget om Trydernes videre liv p\u00e5 egnen. \u201dNu ved jeg ikke, om der lever flere,\u201d sagde hun, \u201dmen da jeg var lille, gjorde der, og vi m\u00e5tte ikke lege med Trydeb\u00f8rnene, for de var altid s\u00e5 fulde af lus.<br \/>\nJeg synes alt i alt, at vi har haft en sk\u00f8n tid sammen det her for\u00e5r, og jeg foresl\u00e5r, at vi opf\u00f8rer stykket igen om 10 \u00e5r. Det har ingen gl\u00e6de af at ligge i m\u00f8lposen.<br \/>\nEller, det skulle m\u00e5ske v\u00e6re et helt andet Fussing\u00f8spil til den tid?<br \/>\nDet kunne f.eks. handle om de mystiske begivenheder, der tvang pr\u00e6sten i Torning til midt om natten at n\u00f8dd\u00f8be et lille barn, som var blevet f\u00f8dt i d\u00f8lgsm\u00e5l p\u00e5 Fussing\u00f8 Slot. Der ligger en tragisk k\u00e6rlighedshistorie bag al den mystik.<br \/>\nForel\u00f8big skal I alle have tak endnu engang, fordi I satte alt andet til side i flere m\u00e5neder for at give jeres kr\u00e6fter til spillet og lege med af hjertens lyst.<br \/>\n&nbsp;<br \/>\n&nbsp;<\/p>\n","protected":false},"excerpt":{"rendered":"<p>Velkommen til min blog,\u00a0der er en blanding af mangt og meget. Du kan orientere dig om indholdet p\u00e5 emnelisten ude til h\u00f8jre. Her kan du klikke dig ind p\u00e5 det emne, der m\u00e5ske kunne have din interesse. Jeg fort\u00e6ller f\u00f8rst &hellip; <a href=\"https:\/\/blog.hesselholt.com\/index.php\/2017\/01\/11\/og-dagen-opringer-spillet-om-fussingo\/\">L\u00e6s resten <span class=\"meta-nav\">&rarr;<\/span><\/a><\/p>\n","protected":false},"author":3,"featured_media":0,"comment_status":"open","ping_status":"open","sticky":false,"template":"","format":"standard","meta":{"footnotes":""},"categories":[12],"tags":[158,283,299,465],"class_list":["post-6258","post","type-post","status-publish","format-standard","hentry","category-fussingo","tag-fussingo","tag-lttichau","tag-ludvig-scheel-von-plessen","tag-tryde"],"_links":{"self":[{"href":"https:\/\/blog.hesselholt.com\/index.php\/wp-json\/wp\/v2\/posts\/6258","targetHints":{"allow":["GET"]}}],"collection":[{"href":"https:\/\/blog.hesselholt.com\/index.php\/wp-json\/wp\/v2\/posts"}],"about":[{"href":"https:\/\/blog.hesselholt.com\/index.php\/wp-json\/wp\/v2\/types\/post"}],"author":[{"embeddable":true,"href":"https:\/\/blog.hesselholt.com\/index.php\/wp-json\/wp\/v2\/users\/3"}],"replies":[{"embeddable":true,"href":"https:\/\/blog.hesselholt.com\/index.php\/wp-json\/wp\/v2\/comments?post=6258"}],"version-history":[{"count":0,"href":"https:\/\/blog.hesselholt.com\/index.php\/wp-json\/wp\/v2\/posts\/6258\/revisions"}],"wp:attachment":[{"href":"https:\/\/blog.hesselholt.com\/index.php\/wp-json\/wp\/v2\/media?parent=6258"}],"wp:term":[{"taxonomy":"category","embeddable":true,"href":"https:\/\/blog.hesselholt.com\/index.php\/wp-json\/wp\/v2\/categories?post=6258"},{"taxonomy":"post_tag","embeddable":true,"href":"https:\/\/blog.hesselholt.com\/index.php\/wp-json\/wp\/v2\/tags?post=6258"}],"curies":[{"name":"wp","href":"https:\/\/api.w.org\/{rel}","templated":true}]}}