{"id":5649,"date":"2016-04-16T16:02:09","date_gmt":"2016-04-16T16:02:09","guid":{"rendered":"http:\/\/blog.hesselholt.com\/?p=5649"},"modified":"2016-04-16T16:02:09","modified_gmt":"2016-04-16T16:02:09","slug":"og-hvad-sa","status":"publish","type":"post","link":"https:\/\/blog.hesselholt.com\/index.php\/2016\/04\/16\/og-hvad-sa\/","title":{"rendered":"OG HVAD S\u00c5 &#8230;?"},"content":{"rendered":"<p><img decoding=\"async\" class=\"aligncenter\" src=\"https:\/\/blog.hesselholt.com\/wp-content\/uploads\/2015\/11\/630cd425-23f1-42b5-ba1e-281ea601858a3.jpg\" alt=\"\" \/><br \/>\nVelkommen til min blog, der er en blanding af mangt og meget. Du kan orientere dig om indholdet p\u00e5 emnelisten ude til h\u00f8jre. Her kan du klikke dig ind p\u00e5 det emne, der m\u00e5ske kunne have din interesse. Jeg fort\u00e6ller f\u00f8rst og fremmest om de b\u00f8ger, jeg har skrevet, skriver p\u00e5 og vil skrive. Du kan finde researchsider og fors\u00f8gssider og meget andet. Vil du vide mere om forfatteren, er der ogs\u00e5 en rubrik til det, &#8220;forfatteren&#8221; s\u00e5m\u00e6nd, men ellers fort\u00e6ller min hjemmeside ogs\u00e5 noget om den person: www.hesselholt.com<br \/>\nTja &#8230; hvad bruger man sin blog til? hvad bruger man sit liv til? kan det overhovedet bruges som en anden artikel. Den bestemte artikel: mit liv.<br \/>\nJeg har t\u00e6nkt, at jeg for fremtiden vil skrive alle mine b\u00f8ger p\u00e5 bloggen. S\u00e5 kan dem, der har lyst l\u00e6se dem. Og tr\u00e6kke dem ned og skrive dem ud. Og alt det b\u00f8vl med penge og skatteuv\u00e6sen og markedsf\u00f8ring, der alligevel ikke f\u00f8rer nogen steder hen, kan nok s\u00e5 nydeligt forsvinde ud af mit liv.<br \/>\nOg jeg har nogle planer:<br \/>\nFor det f\u00f8rste vil jeg g\u00f8re Tobias og Englen f\u00e6rdig, og den udkommer som bog &#8211; min ABSOLUT sidste bog.<br \/>\nDern\u00e6st har jeg en underlig og endnu temmelig uafklaret lyst til at skrive en bog om Christen Kold. Ja, vi lever i en kold tid, og det gjorde han sandelig ogs\u00e5 &#8211; endnu koldere tror jeg, og han fr\u00f8s ikke kun i \u00e5ndelig forstand, men ogs\u00e5 fysisk og helt ind til marven.<br \/>\nDet er ikke bare en kold tid. Det er KOLD TID i \u00e5r. Han bliver nemlig 200 \u00e5r i \u00e5r. Og jeg t\u00e6nker, at der er mere ber\u00f8mte forfattere med bedre forlagsforbindelser end jeg, der i \u00e5r vil blive bedt om at skrive en bog om ham. Det ville da v\u00e6re s\u00e6rt andet. Men jeg vil trods det og p\u00e5 eget initiativ skrive en bog om ham (ogs\u00e5) &#8211; s\u00e5 f\u00e5r vi se. Forel\u00f8big vil jeg oprette en ny kategori i samlingen af emner, og den vil logisk nok f\u00e5 titlen: KOLD.<br \/>\nJeg vil ikke skrive en bog om ham, fordi han bliver 200 \u00e5r i \u00e5r, det er der jo s\u00e5 mange, der g\u00f8r, men fordi han fik mindst liges\u00e5 stor betydning for det danske skolev\u00e6sen som Grundtvig, men jo altid har st\u00e5et i skyggen af den v\u00e6ldige k\u00e6mpe, der havde det med at bl\u00e6se sine medspillere omkuld, s\u00e5 det s\u00e5 ud, som om de aldrig ramte bolden.<br \/>\nMen KOLD ramte bolden &#8211; og mere pr\u00e6cist end Grundtvig, n\u00e5r det drejer sig om barneskolen &#8211; han fik bare ingen Koldianere i sit k\u00f8lvand. M\u00e5ske er vi nu nogle stykker ( i al fald en) som vil fors\u00f8ge at rette op p\u00e5 det misforhold.<br \/>\nEn af KOLDs mange kloge ord lyder s\u00e5dan her og rummer essensen af det, han ville med sit liv: B\u00d8RN ER IKKE FLASKER DER SKAL FYLDES MEN B\u00c5L DER SKAL T\u00c6NDES. Jeg skriver efter hukommelsen, men jeg tror, det var s\u00e5dan, han udtrykte det. S\u00e5 forst\u00e5r du sikkert, at jeg vil skrive om ham.<br \/>\nDer er endnu en grund, nemlig, at de Koldske tanker synes i stor miskredit i den nyere tids skolepolitik: Nu betragtes b\u00f8rn netop igen som flasker, der skal fyldes, og bestemt ikke som b\u00e5l, der skal t\u00e6ndes. Man er bange for branden. Den kan jo ogs\u00e5 v\u00e6re farlig. Den kan endda v\u00e6re omv\u00e6ltende &#8211; og det skal vi ikke have noget af. Nej, nu skal b\u00f8rn testes p\u00e5 alverdens paratviden. Sjask kalder jeg det.<br \/>\nDer er et f\u00f8r og et efter. F\u00f8r og efter KOLD. Men selvf\u00f8lgelig: der var mange faktorer, der spillede sammen i den forvandling, der skete, dog synes jeg at en af f\u00f8rsteviolinisterne var den fattige skomagers\u00f8n fra Thisted &#8211; den bitte Kristen, der famlede sig ind i tilv\u00e6relsen uden ret mange odds med hensyn til at lykkes.<br \/>\n&nbsp;<br \/>\nDet er ret sjovt, at jeg faktisk har skrevet to b\u00f8ger om en anden fattig skomagerdreng fra samme periode, hvis liv ogs\u00e5 lignede en ulykke, da han blev f\u00f8dt, men som str\u00e6bte af alle kr\u00e6fter og lykkedes i Argentina, hvor han er ret kendt stadigv\u00e6k: HANS FUGL.<br \/>\nHANS FUGL og CHRISTEN KOLD var begge m\u00f8nsterbrydere og de blev banebrydende p\u00e5 hver sit felt: FUGL som industrimand, KOLD som skolemand (p\u00e6dagog) &#8211; de kendte hinanden, for de gik samtidig p\u00e5 seminariet i Snedsted. De blev begge l\u00e6rere. De ville begge noget mere. Og s\u00e5 var de jo samtidig med en anden skomagerdreng: H.C.ANDERSEN. Han blev s\u00e5 lidt mere ber\u00f8mt.<br \/>\nET F\u00d8R OG ET EFTER:<br \/>\nJa, og jeg vil illustrere det med nogle billeder af b\u00f8rn, og det mest n\u00e6rliggende er at tage nogle gamle klassebilleder frem. Men f\u00f8rst et billede af en anden b\u00f8rneflok: her er det min svigerfar, Marius Bertel Hansen, der poserer som den yngste i flokken. Og han blev ligesom de 4 \u00e6ldste m\u00f8nsterbryder. Han kom i realen og fik eksamen og blev senere plant\u00f8r. Det var et stort skridt opad p\u00e5 stigen, og han havde ikke kunnet tage det, hvis det ikke havde v\u00e6ret for KOLD og hans tanker om, at b\u00f8rn er b\u00e5l, der skal t\u00e6ndes. Den vakte kn\u00e6gt sugede til sig s\u00e5 frydefuldt, at han aldrig glemte det. I 1983 var han sammen med os i Paris, og han talte fransk! &#8211; det havde han ikke haft brug for i sit virke, men aldrig glemt. Og han introducerede mig for flodromanernes paradis, da jeg var ung studerende: &#8220;Du skal l\u00e6se Romain Rolland, sagde han og pegede p\u00e5 reolen, hvor &#8221; \u00a0&#8221; stod.<br \/>\nHer ser vi billedet af flokken og det m\u00e5 v\u00e6re fra \u00e5rhundredets begyndelse:<br \/>\n<a href=\"https:\/\/blog.hesselholt.com\/wp-content\/uploads\/2016\/04\/marius-og-hans-soskende.jpg\"><img loading=\"lazy\" decoding=\"async\" class=\"aligncenter size-full wp-image-5664\" title=\"marius og hans s\u00f8skende\" src=\"https:\/\/blog.hesselholt.com\/wp-content\/uploads\/2016\/04\/marius-og-hans-soskende.jpg\" alt=\"\" width=\"528\" height=\"354\" srcset=\"https:\/\/blog.hesselholt.com\/wp-content\/uploads\/2016\/04\/marius-og-hans-soskende.jpg 528w, https:\/\/blog.hesselholt.com\/wp-content\/uploads\/2016\/04\/marius-og-hans-soskende-300x201.jpg 300w\" sizes=\"auto, (max-width: 528px) 100vw, 528px\" \/><\/a><br \/>\nBetuttede, men ikke forkuede og med mod p\u00e5 livet.<br \/>\nHer f\u00f8lger nogle skolebillder fra perioden efter KOLD men ikke alle l\u00e6rere har fattet ideerne og mange af b\u00f8rnene ser forkuede ud, synes jeg. Det var s\u00e5danne b\u00f8rn, KOLD vil &#8220;v\u00e6kke til live&#8221; &#8211; og ikke bare fylde p\u00e5, som var de tomme flasker. Senere vil jeg finde bedre billeder &#8211; nu bliver disse her st\u00e5ende en stund.<br \/>\n<a href=\"https:\/\/blog.hesselholt.com\/wp-content\/uploads\/2016\/04\/sma-skolepiger-i-Skagen.jpg\"><img loading=\"lazy\" decoding=\"async\" class=\"aligncenter size-full wp-image-5667\" title=\"sm\u00e5 skolepiger i Skagen\" src=\"https:\/\/blog.hesselholt.com\/wp-content\/uploads\/2016\/04\/sma-skolepiger-i-Skagen.jpg\" alt=\"\" width=\"1600\" height=\"1200\" srcset=\"https:\/\/blog.hesselholt.com\/wp-content\/uploads\/2016\/04\/sma-skolepiger-i-Skagen.jpg 1600w, https:\/\/blog.hesselholt.com\/wp-content\/uploads\/2016\/04\/sma-skolepiger-i-Skagen-300x225.jpg 300w, https:\/\/blog.hesselholt.com\/wp-content\/uploads\/2016\/04\/sma-skolepiger-i-Skagen-1024x768.jpg 1024w, https:\/\/blog.hesselholt.com\/wp-content\/uploads\/2016\/04\/sma-skolepiger-i-Skagen-768x576.jpg 768w, https:\/\/blog.hesselholt.com\/wp-content\/uploads\/2016\/04\/sma-skolepiger-i-Skagen-1536x1152.jpg 1536w\" sizes=\"auto, (max-width: 1600px) 100vw, 1600px\" \/><\/a><br \/>\nSkoleb\u00f8rn i Skagen &#8211; fra Tinghusets arkiv i Skagen. Billedet er lidt utydeligt, og jeg husker ikke \u00e5rstallet, men det er i al fald f\u00f8rst i \u00e5rhundredet.<br \/>\n<a href=\"https:\/\/blog.hesselholt.com\/wp-content\/uploads\/2016\/04\/skoleklasse-1906.jpg\"><img loading=\"lazy\" decoding=\"async\" class=\"aligncenter size-full wp-image-5669\" title=\"skoleklasse 1906\" src=\"https:\/\/blog.hesselholt.com\/wp-content\/uploads\/2016\/04\/skoleklasse-1906.jpg\" alt=\"\" width=\"784\" height=\"696\" srcset=\"https:\/\/blog.hesselholt.com\/wp-content\/uploads\/2016\/04\/skoleklasse-1906.jpg 784w, https:\/\/blog.hesselholt.com\/wp-content\/uploads\/2016\/04\/skoleklasse-1906-300x266.jpg 300w, https:\/\/blog.hesselholt.com\/wp-content\/uploads\/2016\/04\/skoleklasse-1906-768x682.jpg 768w\" sizes=\"auto, (max-width: 784px) 100vw, 784px\" \/><\/a><br \/>\nBilledet her er fra 1906 &#8211; og Pinholt var ingen stor p\u00e6dagog, men han havde ikke noget imod b\u00f8rn &#8211; synes blot, de var lidt kedelige. Og han s\u00f8gte v\u00e6k. Efter ham kom en slavepisker.<br \/>\n&nbsp;<br \/>\n<a href=\"https:\/\/blog.hesselholt.com\/wp-content\/uploads\/2016\/04\/Haendelser-37.jpg\"><img loading=\"lazy\" decoding=\"async\" class=\"aligncenter size-full wp-image-5671\" title=\"H\u00e6ndelser-37\" src=\"https:\/\/blog.hesselholt.com\/wp-content\/uploads\/2016\/04\/Haendelser-37.jpg\" alt=\"\" width=\"1600\" height=\"1035\" srcset=\"https:\/\/blog.hesselholt.com\/wp-content\/uploads\/2016\/04\/Haendelser-37.jpg 1600w, https:\/\/blog.hesselholt.com\/wp-content\/uploads\/2016\/04\/Haendelser-37-300x194.jpg 300w, https:\/\/blog.hesselholt.com\/wp-content\/uploads\/2016\/04\/Haendelser-37-1024x662.jpg 1024w, https:\/\/blog.hesselholt.com\/wp-content\/uploads\/2016\/04\/Haendelser-37-768x497.jpg 768w, https:\/\/blog.hesselholt.com\/wp-content\/uploads\/2016\/04\/Haendelser-37-1536x994.jpg 1536w\" sizes=\"auto, (max-width: 1600px) 100vw, 1600px\" \/><\/a><br \/>\nMen det var ikke l\u00e6reren Wilhelmsen, som vi ser har, for trods alt hvad man ellers kan sige om ham, s\u00e5 var han elsket for sin forst\u00e5else for og k\u00e6rlighed til b\u00f8rn, og jeg synes, at de ser glade ud her p\u00e5 billedet. Og vi er stadig p\u00e5 Ranner\u00f8d Skole i Hulsig. Wilhelmsen var l\u00e6rer p\u00e5 skolen igennem n\u00e6sten et halvt \u00e5rhundrede. Min mor havde ham. Om skolen og dens historie kan man l\u00e6se i H\u00e6ndelser fra Hulsig.<br \/>\n&nbsp;<br \/>\n&nbsp;<\/p>\n","protected":false},"excerpt":{"rendered":"<p>Velkommen til min blog, der er en blanding af mangt og meget. Du kan orientere dig om indholdet p\u00e5 emnelisten ude til h\u00f8jre. Her kan du klikke dig ind p\u00e5 det emne, der m\u00e5ske kunne have din interesse. Jeg fort\u00e6ller &hellip; <a href=\"https:\/\/blog.hesselholt.com\/index.php\/2016\/04\/16\/og-hvad-sa\/\">L\u00e6s resten <span class=\"meta-nav\">&rarr;<\/span><\/a><\/p>\n","protected":false},"author":3,"featured_media":0,"comment_status":"open","ping_status":"open","sticky":false,"template":"","format":"standard","meta":{"footnotes":""},"categories":[17],"tags":[89,269],"class_list":["post-5649","post","type-post","status-publish","format-standard","hentry","category-kold","tag-christen-kold","tag-kold"],"_links":{"self":[{"href":"https:\/\/blog.hesselholt.com\/index.php\/wp-json\/wp\/v2\/posts\/5649","targetHints":{"allow":["GET"]}}],"collection":[{"href":"https:\/\/blog.hesselholt.com\/index.php\/wp-json\/wp\/v2\/posts"}],"about":[{"href":"https:\/\/blog.hesselholt.com\/index.php\/wp-json\/wp\/v2\/types\/post"}],"author":[{"embeddable":true,"href":"https:\/\/blog.hesselholt.com\/index.php\/wp-json\/wp\/v2\/users\/3"}],"replies":[{"embeddable":true,"href":"https:\/\/blog.hesselholt.com\/index.php\/wp-json\/wp\/v2\/comments?post=5649"}],"version-history":[{"count":0,"href":"https:\/\/blog.hesselholt.com\/index.php\/wp-json\/wp\/v2\/posts\/5649\/revisions"}],"wp:attachment":[{"href":"https:\/\/blog.hesselholt.com\/index.php\/wp-json\/wp\/v2\/media?parent=5649"}],"wp:term":[{"taxonomy":"category","embeddable":true,"href":"https:\/\/blog.hesselholt.com\/index.php\/wp-json\/wp\/v2\/categories?post=5649"},{"taxonomy":"post_tag","embeddable":true,"href":"https:\/\/blog.hesselholt.com\/index.php\/wp-json\/wp\/v2\/tags?post=5649"}],"curies":[{"name":"wp","href":"https:\/\/api.w.org\/{rel}","templated":true}]}}