{"id":5548,"date":"2016-04-02T06:25:56","date_gmt":"2016-04-02T06:25:56","guid":{"rendered":"http:\/\/blog.hesselholt.com\/?p=5548"},"modified":"2016-04-02T06:25:56","modified_gmt":"2016-04-02T06:25:56","slug":"som-jeg-husker-det-4-dagene","status":"publish","type":"post","link":"https:\/\/blog.hesselholt.com\/index.php\/2016\/04\/02\/som-jeg-husker-det-4-dagene\/","title":{"rendered":"SOM JEG HUSKER DET 4 &#8211; DAGENE I SILKEBORG"},"content":{"rendered":"<p><img decoding=\"async\" class=\"aligncenter\" src=\"https:\/\/blog.hesselholt.com\/wp-content\/uploads\/2015\/11\/630cd425-23f1-42b5-ba1e-281ea601858a3.jpg\" alt=\"\" \/><br \/>\nVelkommen til min blog, der er en blanding af mangt og meget. Du kan orientere dig om indholdet p\u00e5 emnelisten ude til h\u00f8jre. Her kan du klikke dig ind p\u00e5 det emne, der m\u00e5ske kunne have din interesse. Jeg fort\u00e6ller f\u00f8rst og fremmest om de b\u00f8ger, jeg har skrevet, skriver p\u00e5 og vil skrive. Du kan finde researchsider og fors\u00f8gssider og meget andet. Vil du vide mere om forfatteren, er der ogs\u00e5 en rubrik til det, &#8220;forfatteren&#8221; s\u00e5m\u00e6nd, men ellers fort\u00e6ller min hjemmeside ogs\u00e5 noget om den person: www.hesselholt.com<br \/>\n&nbsp;<br \/>\n<strong>AFSNIT 3<\/strong><br \/>\n<strong>DAGE I SILKEBORG<\/strong><br \/>\n<span style=\"font-weight: 300;\">\u00a0<\/span><br \/>\nJeg var 15 \u00e5r, da jeg kom til skolen, og det var i 1959. Suzanne Br\u00f8gger var der fra 1962 -65 og kom som 17 \u00e5rig. Vi gik alts\u00e5 kun sammen p\u00e5 skolen i 1 enkelt \u00e5r, og jeg synes ikke, jeg l\u00e6ser ret meget om skolen i hendes beretning fra tiden. &#8220;Cr\u00e8me Fraiche&#8221; er ganske vist selvbiografisk (som de fleste af hendes b\u00f8ger), og en del af handlingen udspiller sig i Silkeborg og p\u00e5 kostskolen.<br \/>\nHun var verdensdame. Jeg var fiskerpigen fra Strandby og vores ber\u00f8ringsflade var lig nul. Det er KUN de ydre rammer, vi har f\u00e6lles. Til n\u00f8d endda, for vi ser og husker ikke det samme \u00a0fra den skole.<br \/>\nJeg husker bedre hendes lilles\u00f8ster Barbara. En glad pige, der m\u00f8dte andre p\u00e5 en naturlig og venlig m\u00e5de.<br \/>\n<span style=\"font-weight: 300;\">Jeg tror ikke, de l\u00e6rte mig at blive en rigtig pige p\u00e5 den skole. N\u00e5r jeg stak af til s\u00f8en og skoven \u2013 og det gjorde jeg helst &#8211; s\u00e5 var jeg fri.<\/span><br \/>\nFrihed havde vi ellers ikke meget af i hverdagen.<br \/>\nOm eftermiddagen f\u00e6lles kaffebord. Derefter en times udgangstilladelse. Kl.16.00 skulle man v\u00e6re p\u00e5 v\u00e6relset. Og studere. Klokken 18.00 var der middag. Vi skiftedes til at hj\u00e6lpe til med oprydning og opvask. Derefter kunne man n\u00e5 en enkelt lille spadseretur. Kl. 20 var der igen l\u00e6setid. Kl.21 kunne man lave te i det lille tek\u00f8kken. Klokken 22.00 skulle man ligge i sin seng, og lyset skulle v\u00e6re slukket.<br \/>\nDet var virkelig et ophidsende ungdomsliv!<br \/>\nFri \u2013 jo, vi havde fri om s\u00f8ndagen. Gik jo i skole om l\u00f8rdagen, men fra l\u00f8rdag eftermiddag og til s\u00f8ndag aften var tiden vor egen. M\u00e5ltiderne skulle overholdes. Men fritiden kunne bruges til strejfture i omegnen. Og det blev de. Jeg kender Silkeborgskovene \u2013 ja, en overgang hvert blad p\u00e5 hvert tr\u00e6, synes jeg. Og n\u00e5r det en gang i mellem stormede, lukkede jeg \u00f8jnene og kunne bilde mig ind, at tr\u00e6erne forsvandt og at jeg h\u00f8rte havet.\u00a0<span style=\"font-weight: 300;\">At jeg kunne springe lige udi b\u00f8lgerne og forsvinde ned til fiskene og tangen og saltet og sorgl\u00f8sheden og v\u00e6re mig selv.<\/span><br \/>\n<span style=\"font-weight: 300;\">Jeg skrev selvf\u00f8lgelig digte p\u00e5 skolen. Digte, som jeg aldrig viste nogen. Jo, en enkelt gang til min danskl\u00e6rer Hr. Nordentoft, men han syntes, at jeg plagierede. <\/span><br \/>\n<span style=\"font-weight: 300;\">De fleste er jo v\u00e6k nu og heldigvis. Men enkelte findes stadig hist og pist. Nogle digte om barndommen var for resten vellykkede &#8211; h\u00e5ber, jeg finder dem.<\/span><br \/>\n&nbsp;<br \/>\n<span style=\"font-weight: 300;\">Her er et par stykker fra den tid, hvor jeg l\u00e6ngtes mest hjem til havet. De var (er) i et gammelt hefte med danske stile.<\/span><br \/>\nSkrevet p\u00e5 kostskolen i 1959:<br \/>\n<span style=\"font-weight: 300;\">\u00a0<\/span><strong><em>NU FANGER LYDEN AF HAV<\/em><\/strong><br \/>\n<strong><em>MINE SANSER<\/em><\/strong><br \/>\n<strong><em>BR\u00c6NDINGEN KV\u00c6LER STORMEN <\/em><\/strong><br \/>\n<strong><em>FRA ANDRE STEDER<\/em><\/strong><br \/>\n<strong><em>HAVET KYSSER MIN KIND<\/em><\/strong><br \/>\n<strong><em>HAVET ER ST\u00c6RKT OG SALT<\/em><\/strong><br \/>\n<strong><em>VINDEN ER VARM<\/em><\/strong><br \/>\n<strong><em>SOM LUFT FRA FUGLENES FJER<\/em><\/strong><br \/>\n<strong><em>KLITTERNE STR\u00c6KKER SIG STOLTE<\/em><\/strong><br \/>\n<strong><em>TAVSE OG UDEN B\u00d8N<\/em><\/strong><\/p>\n<div>\n<strong><em>HER ST\u00c5R JEG <\/em><\/strong><br \/>\n<strong><em>ALENE <\/em><\/strong><br \/>\n<strong><em>OG ER MENNESKE<\/em><\/strong>\n<\/div>\n<p><strong><em>\u00a0<\/em><\/strong><br \/>\n<strong><em>STRANDE BLI\u2019R FULDE AF VRAG<\/em><\/strong><br \/>\n<strong><em>TAVS TEGNER HIMLEN SIN SANDHED<\/em><\/strong><br \/>\n<strong><em>LYSENDE L\u00d8FTER OM LIV<\/em><\/strong><br \/>\n<strong><em>HAVET HUSKER I S\u00d8VNL\u00d8S RO<\/em><\/strong><br \/>\n<strong><em>I DET OG OVER DET<\/em><\/strong><br \/>\n<strong><em>ALT ER DET SAMME SOM F\u00d8R<\/em><\/strong><br \/>\n<strong><em>VI ER DE SAMME SOM F\u00d8R<\/em><\/strong><br \/>\nSkrevet i 1960 (her plagierer jeg \u00e5benbart mig selv):<br \/>\n&nbsp;<br \/>\n<strong><em>RESTER AF STRANDEDE SKIBE<\/em><\/strong><br \/>\n<strong><em>MINDER OM DYBE SAVN<\/em><\/strong><br \/>\n<strong><em>TAVS TEGNER HIMLEN SIN SANDHED<\/em><\/strong><br \/>\n<strong><em>LYSENDE L\u00d8FTER OM LIV<\/em><\/strong><br \/>\n<strong><em>HAVET HUSKER I S\u00d8VNL\u00d8S RO<\/em><\/strong><br \/>\n<strong><em>OVER DET<\/em><\/strong><br \/>\n<strong><em>OG I DET<\/em><\/strong><br \/>\n<strong><em>SYNGER EN SANSEL\u00d8S M\u00c5NE<\/em><\/strong><br \/>\n<strong><em>ALT ER DET SAMME SOM F\u00d8R<\/em><\/strong><br \/>\n<strong><em>OG VI ER DE SAMME<\/em><\/strong><br \/>\n<strong><em>SAMMEN VED HAVETS BRED\u00a0<\/em><\/strong><br \/>\nskrevet i 60 eller 61:<br \/>\n<em><strong>UNDSTRAKT UNDER SOLEN<\/strong><\/em><br \/>\n<strong>LIGGER ET LANDSKAB<\/strong><br \/>\n<em><strong>ET MALERI<\/strong><\/em><br \/>\n<em><strong>ET DIGT<\/strong><\/em><br \/>\n<em><strong>EN LILLE FORT\u00c6LLING<\/strong><\/em><br \/>\n<em><strong>AF GR\u00d8NT GR\u00c6S<\/strong><\/em><br \/>\n<em><strong>ET DYR<\/strong><\/em><br \/>\n<em><strong>DRIVER<\/strong><\/em><br \/>\n<em><strong>ALENE<\/strong><\/em><br \/>\n<em><strong>OG I RO<\/strong><\/em><br \/>\n<a href=\"https:\/\/blog.hesselholt.com\/wp-content\/uploads\/2016\/04\/DSC01686.jpg\"><img loading=\"lazy\" decoding=\"async\" class=\"aligncenter size-full wp-image-5635\" title=\"DSC01686\" src=\"https:\/\/blog.hesselholt.com\/wp-content\/uploads\/2016\/04\/DSC01686.jpg\" alt=\"\" width=\"1600\" height=\"1200\" srcset=\"https:\/\/blog.hesselholt.com\/wp-content\/uploads\/2016\/04\/DSC01686.jpg 1600w, https:\/\/blog.hesselholt.com\/wp-content\/uploads\/2016\/04\/DSC01686-300x225.jpg 300w, https:\/\/blog.hesselholt.com\/wp-content\/uploads\/2016\/04\/DSC01686-1024x768.jpg 1024w, https:\/\/blog.hesselholt.com\/wp-content\/uploads\/2016\/04\/DSC01686-768x576.jpg 768w, https:\/\/blog.hesselholt.com\/wp-content\/uploads\/2016\/04\/DSC01686-1536x1152.jpg 1536w\" sizes=\"auto, (max-width: 1600px) 100vw, 1600px\" \/><\/a><br \/>\n&nbsp;<br \/>\n&nbsp;<\/p>\n","protected":false},"excerpt":{"rendered":"<p>Velkommen til min blog, der er en blanding af mangt og meget. Du kan orientere dig om indholdet p\u00e5 emnelisten ude til h\u00f8jre. Her kan du klikke dig ind p\u00e5 det emne, der m\u00e5ske kunne have din interesse. Jeg fort\u00e6ller &hellip; <a href=\"https:\/\/blog.hesselholt.com\/index.php\/2016\/04\/02\/som-jeg-husker-det-4-dagene\/\">L\u00e6s resten <span class=\"meta-nav\">&rarr;<\/span><\/a><\/p>\n","protected":false},"author":3,"featured_media":0,"comment_status":"open","ping_status":"open","sticky":false,"template":"","format":"standard","meta":{"footnotes":""},"categories":[10],"tags":[143,400],"class_list":["post-5548","post","type-post","status-publish","format-standard","hentry","category-erindringer","tag-fiola","tag-silkeborg"],"_links":{"self":[{"href":"https:\/\/blog.hesselholt.com\/index.php\/wp-json\/wp\/v2\/posts\/5548","targetHints":{"allow":["GET"]}}],"collection":[{"href":"https:\/\/blog.hesselholt.com\/index.php\/wp-json\/wp\/v2\/posts"}],"about":[{"href":"https:\/\/blog.hesselholt.com\/index.php\/wp-json\/wp\/v2\/types\/post"}],"author":[{"embeddable":true,"href":"https:\/\/blog.hesselholt.com\/index.php\/wp-json\/wp\/v2\/users\/3"}],"replies":[{"embeddable":true,"href":"https:\/\/blog.hesselholt.com\/index.php\/wp-json\/wp\/v2\/comments?post=5548"}],"version-history":[{"count":0,"href":"https:\/\/blog.hesselholt.com\/index.php\/wp-json\/wp\/v2\/posts\/5548\/revisions"}],"wp:attachment":[{"href":"https:\/\/blog.hesselholt.com\/index.php\/wp-json\/wp\/v2\/media?parent=5548"}],"wp:term":[{"taxonomy":"category","embeddable":true,"href":"https:\/\/blog.hesselholt.com\/index.php\/wp-json\/wp\/v2\/categories?post=5548"},{"taxonomy":"post_tag","embeddable":true,"href":"https:\/\/blog.hesselholt.com\/index.php\/wp-json\/wp\/v2\/tags?post=5548"}],"curies":[{"name":"wp","href":"https:\/\/api.w.org\/{rel}","templated":true}]}}