{"id":5263,"date":"2015-11-25T11:13:18","date_gmt":"2015-11-25T11:13:18","guid":{"rendered":"http:\/\/blog.hesselholt.com\/?p=5263"},"modified":"2015-11-25T11:13:18","modified_gmt":"2015-11-25T11:13:18","slug":"5263","status":"publish","type":"post","link":"https:\/\/blog.hesselholt.com\/index.php\/2015\/11\/25\/5263\/","title":{"rendered":"Lidt ajourskriveri om H\u00e6ndelser og hvad der i \u00f8vrigt h\u00e6ndte mig p\u00e5 en cykeltur"},"content":{"rendered":"<p><img decoding=\"async\" class=\"aligncenter\" src=\"https:\/\/blog.hesselholt.com\/wp-content\/uploads\/2014\/12\/marianne-p%C3%A5-talerstol.jpg\" alt=\"\" \/><\/p>\n<p style=\"text-align: center;\">St\u00f8vring 1999<img decoding=\"async\" class=\"aligncenter\" src=\"https:\/\/blog.hesselholt.com\/wp-content\/uploads\/2015\/11\/630cd425-23f1-42b5-ba1e-281ea601858a3.jpg\" alt=\"\" \/><\/p>\n<p style=\"text-align: center;\">Skagen 2015<\/p>\n<p>Her ser du ind i mit forfatterv\u00e6rksted, en slags vindue til arbejdsv\u00e6relset, hvor der i den seneste tid desv\u00e6rre ikke har v\u00e6ret meget at komme efter, idet alle redskaber har ligget aldeles ur\u00f8rte hen. En brakmark uden lige. Og hvad er det for et v\u00e6rksted, hvor der ikke produceres den mindste splint til noget af betydning?<br \/>\nMen netop i dag har jeg cyklet en indsigtstur. S\u00e5dan en skal man foretage en gang imellem og helst i november, og n\u00e5r solen skinner. S\u00e5 kan det h\u00e6nde, at der i solglimtene mellem skovens sorte tr\u00e6er viser sig noget forunderligt. Som giver h\u00e5b. Det vender jeg tilbage til.<br \/>\nHer et billede, som m\u00e5ske alligevel r\u00f8ber et og andet:<br \/>\n<a href=\"https:\/\/blog.hesselholt.com\/wp-content\/uploads\/2015\/11\/DSC01127.jpg\"><img loading=\"lazy\" decoding=\"async\" class=\"aligncenter size-full wp-image-5270\" title=\"DSC01127\" src=\"https:\/\/blog.hesselholt.com\/wp-content\/uploads\/2015\/11\/DSC01127.jpg\" alt=\"\" width=\"1600\" height=\"1200\" srcset=\"https:\/\/blog.hesselholt.com\/wp-content\/uploads\/2015\/11\/DSC01127.jpg 1600w, https:\/\/blog.hesselholt.com\/wp-content\/uploads\/2015\/11\/DSC01127-300x225.jpg 300w, https:\/\/blog.hesselholt.com\/wp-content\/uploads\/2015\/11\/DSC01127-1024x768.jpg 1024w, https:\/\/blog.hesselholt.com\/wp-content\/uploads\/2015\/11\/DSC01127-768x576.jpg 768w, https:\/\/blog.hesselholt.com\/wp-content\/uploads\/2015\/11\/DSC01127-1536x1152.jpg 1536w\" sizes=\"auto, (max-width: 1600px) 100vw, 1600px\" \/><\/a><br \/>\n<span style=\"font-weight: 300;\">Men det mystiske lader vi ligge &#8211; det er alligevel uforklarligt. Og nu bliver vi ganske \u00a0jordn\u00e6re igen. Som cykeld\u00e6kkene, der p\u00e5 den lange cykeltur ikke et \u00f8jeblik forlod forbindelsen til den mudrede skovsti. Lad os holde os i d\u00e6kh\u00f8jde.<\/span><br \/>\n<span style=\"font-weight: 300;\">Og det er en slags status over H\u00e6ndelser ved Hulsig, som jeg ville g\u00f8re her ( ikke til Skattev\u00e6snet) men til alle andre v\u00e6sner og skatter. Og dem har jeg heldigvis!\u00a0<\/span><br \/>\n<span style=\"font-weight: 300;\">Som nogen af jer husker, s\u00e5 gr\u00e6d jeg gr\u00f8nne v\u00e6sker af vrede og sorg, da bibliotekerne n\u00e6gtede mig en lekt\u00f8rudtalelse, fordi man uden overhovedet at l\u00e6se bogen ( m\u00e5ske knap nok \u00e5bne den) katalogiserede den som \u00a0&#8220;alt for privat&#8221; til at kunne interessere et st\u00f8rre publikum end lige de i bogen ber\u00f8rte personer. <\/span><br \/>\n<span style=\"font-weight: 300;\">Det var ubegribeligt for mig &#8211; og det var uretf\u00e6rdigt. Bogen er netop ikke privat. Den handler om en hel egns historie lagt ind i en fiktiv ramme. Og hvis det skulle v\u00e6re privat og uden interesse, s\u00e5 ville det samme jo kunne siges om Knausgaards b\u00f8ger og Ida Jessens og Erling Jepsens og Sm\u00e6rup S\u00f8rensens og mange andre, som har brugt samme model. Og andet argument havde man ikke.<\/span><br \/>\nLyder jeg bitter. Ja. Og det er jeg ogs\u00e5.<br \/>\nOg s\u00e5 alligevel ikke. For bogen fik en fin modtagelse alle andre steder end ovenn\u00e6vnte, og jeg kan nu melde H\u00e6ndelser ved Hulsig n\u00e6sten udsolgt &#8211; den fik alts\u00e5 l\u00e6sere &#8211; det bedste en bog kan f\u00e5.<br \/>\n&nbsp;<br \/>\n<span style=\"font-weight: 300;\">Her et billede fra Randers Bibliotek, hvor jeg fik lov at pr\u00e6sentere bogen, mens den endnu lugtede at tryksv\u00e6rte:<\/span><br \/>\n<a href=\"https:\/\/blog.hesselholt.com\/wp-content\/uploads\/2015\/11\/DSCN4331.jpg\"><img loading=\"lazy\" decoding=\"async\" class=\"aligncenter size-full wp-image-5275\" title=\"DSCN4331\" src=\"https:\/\/blog.hesselholt.com\/wp-content\/uploads\/2015\/11\/DSCN4331.jpg\" alt=\"\" width=\"1600\" height=\"1200\" srcset=\"https:\/\/blog.hesselholt.com\/wp-content\/uploads\/2015\/11\/DSCN4331.jpg 1600w, https:\/\/blog.hesselholt.com\/wp-content\/uploads\/2015\/11\/DSCN4331-300x225.jpg 300w, https:\/\/blog.hesselholt.com\/wp-content\/uploads\/2015\/11\/DSCN4331-1024x768.jpg 1024w, https:\/\/blog.hesselholt.com\/wp-content\/uploads\/2015\/11\/DSCN4331-768x576.jpg 768w, https:\/\/blog.hesselholt.com\/wp-content\/uploads\/2015\/11\/DSCN4331-1536x1152.jpg 1536w\" sizes=\"auto, (max-width: 1600px) 100vw, 1600px\" \/><\/a><br \/>\n<span style=\"font-weight: 300;\">\u00a0Jeg er meget taknemmelig over for de to biblioteker og i \u00f8vrigt har mange andre biblioteker ogs\u00e5 k\u00f8bt bogen, selv om de ingen anbefaling fik fra deres udvalg.\u00a0<\/span><br \/>\nDet n\u00e6ste billede er taget p\u00e5 Skagen Bibliotek:<br \/>\n&nbsp;<br \/>\n<a href=\"https:\/\/blog.hesselholt.com\/wp-content\/uploads\/2015\/11\/5075b6a0-4c13-4cdd-b176-006755bcc9bd.jpg\"><img loading=\"lazy\" decoding=\"async\" class=\"aligncenter size-full wp-image-5282\" title=\"5075b6a0-4c13-4cdd-b176-006755bcc9bd\" src=\"https:\/\/blog.hesselholt.com\/wp-content\/uploads\/2015\/11\/5075b6a0-4c13-4cdd-b176-006755bcc9bd.jpg\" alt=\"\" width=\"369\" height=\"382\" srcset=\"https:\/\/blog.hesselholt.com\/wp-content\/uploads\/2015\/11\/5075b6a0-4c13-4cdd-b176-006755bcc9bd.jpg 369w, https:\/\/blog.hesselholt.com\/wp-content\/uploads\/2015\/11\/5075b6a0-4c13-4cdd-b176-006755bcc9bd-290x300.jpg 290w\" sizes=\"auto, (max-width: 369px) 100vw, 369px\" \/><\/a><br \/>\nFotograf: Mette Hesselholt Henne Hansen &#8211; ligesom det \u00f8verste billede fra Skagen Bibliotek.<br \/>\n&nbsp;<br \/>\n&nbsp;<\/p>\n","protected":false},"excerpt":{"rendered":"<p>St\u00f8vring 1999 Skagen 2015 Her ser du ind i mit forfatterv\u00e6rksted, en slags vindue til arbejdsv\u00e6relset, hvor der i den seneste tid desv\u00e6rre ikke har v\u00e6ret meget at komme efter, idet alle redskaber har ligget aldeles ur\u00f8rte hen. En brakmark &hellip; <a href=\"https:\/\/blog.hesselholt.com\/index.php\/2015\/11\/25\/5263\/\">L\u00e6s resten <span class=\"meta-nav\">&rarr;<\/span><\/a><\/p>\n","protected":false},"author":3,"featured_media":0,"comment_status":"open","ping_status":"open","sticky":false,"template":"","format":"standard","meta":{"footnotes":""},"categories":[14],"tags":[],"class_list":["post-5263","post","type-post","status-publish","format-standard","hentry","category-hjemstavnsroman"],"_links":{"self":[{"href":"https:\/\/blog.hesselholt.com\/index.php\/wp-json\/wp\/v2\/posts\/5263","targetHints":{"allow":["GET"]}}],"collection":[{"href":"https:\/\/blog.hesselholt.com\/index.php\/wp-json\/wp\/v2\/posts"}],"about":[{"href":"https:\/\/blog.hesselholt.com\/index.php\/wp-json\/wp\/v2\/types\/post"}],"author":[{"embeddable":true,"href":"https:\/\/blog.hesselholt.com\/index.php\/wp-json\/wp\/v2\/users\/3"}],"replies":[{"embeddable":true,"href":"https:\/\/blog.hesselholt.com\/index.php\/wp-json\/wp\/v2\/comments?post=5263"}],"version-history":[{"count":0,"href":"https:\/\/blog.hesselholt.com\/index.php\/wp-json\/wp\/v2\/posts\/5263\/revisions"}],"wp:attachment":[{"href":"https:\/\/blog.hesselholt.com\/index.php\/wp-json\/wp\/v2\/media?parent=5263"}],"wp:term":[{"taxonomy":"category","embeddable":true,"href":"https:\/\/blog.hesselholt.com\/index.php\/wp-json\/wp\/v2\/categories?post=5263"},{"taxonomy":"post_tag","embeddable":true,"href":"https:\/\/blog.hesselholt.com\/index.php\/wp-json\/wp\/v2\/tags?post=5263"}],"curies":[{"name":"wp","href":"https:\/\/api.w.org\/{rel}","templated":true}]}}