{"id":4692,"date":"2014-12-15T22:46:22","date_gmt":"2014-12-15T22:46:22","guid":{"rendered":"http:\/\/blog.hesselholt.com\/?p=4692"},"modified":"2014-12-15T22:46:22","modified_gmt":"2014-12-15T22:46:22","slug":"intermezzo-42","status":"publish","type":"post","link":"https:\/\/blog.hesselholt.com\/index.php\/2014\/12\/15\/intermezzo-42\/","title":{"rendered":"Intermezzo"},"content":{"rendered":"<p><a href=\"https:\/\/blog.hesselholt.com\/wp-content\/uploads\/2014\/12\/DSCN4403.jpg\"><img loading=\"lazy\" decoding=\"async\" class=\"alignnone size-large wp-image-4694\" title=\"Bonde p\u00c3\u00a5 Karredg\u00c3\u00a5rden\" src=\"https:\/\/blog.hesselholt.com\/wp-content\/uploads\/2014\/12\/DSCN4403-880x1024.jpg\" alt=\"\" width=\"584\" height=\"679\" \/><\/a><br \/>\nDisse to er jeg ikke i familie med. Ikke s\u00e5 vidt jeg ved i al fald. Men jeg kender dem \u00a0alligevel en smule, for de boede i begyndelsen af 1800 tallet p\u00e5 den store Karredg\u00e5rd. Omkring midten af \u00e5rhundredet flyttede de til Skagen, hvor han blev fisker. De har ikke v\u00e6ret s\u00e6rlig velbesl\u00e5ede, men billedet her er taget i K\u00f8benhavn, s\u00e5 en tur til hovedstaden har de alts\u00e5 haft r\u00e5d til.<br \/>\nOg m\u00e5ske er jeg i familie med dem alligevel. Hulsigfamilierne v\u00e6ver sig ind i hinanden i sindrige m\u00f8nstre, og i sidste ende er vi vist alle i familie med hinanden.<br \/>\nDet er selvf\u00f8lgelig en p\u00e5stand, men jeg har t\u00e6nkt at kaste mig over forn\u00f8jelig sl\u00e6gtsforskning, n\u00e5r jeg til marts f\u00e5r afskibet min Hulsigbog, der har ligget og hugget i havnen s\u00e5 l\u00e6nge. S\u00e5 skal jeg l\u00e6gge mine resultater p\u00e5 bloggen. Selv om det jo kun kan interessere min familie. Men det er jo ogs\u00e5 hele Hulsig.<br \/>\nHelst vil jeg, at Hulsigbogen skal udkomme d. 13 marts, for det er min fars f\u00f8dselsdag. Hans 114 \u00e5rs dag.<br \/>\nMen det er jeg jo ikke helt alene om at bestemme.<\/p>\n","protected":false},"excerpt":{"rendered":"<p>Disse to er jeg ikke i familie med. Ikke s\u00e5 vidt jeg ved i al fald. Men jeg kender dem \u00a0alligevel en smule, for de boede i begyndelsen af 1800 tallet p\u00e5 den store Karredg\u00e5rd. Omkring midten af \u00e5rhundredet flyttede &hellip; <a href=\"https:\/\/blog.hesselholt.com\/index.php\/2014\/12\/15\/intermezzo-42\/\">L\u00e6s resten <span class=\"meta-nav\">&rarr;<\/span><\/a><\/p>\n","protected":false},"author":3,"featured_media":0,"comment_status":"open","ping_status":"open","sticky":false,"template":"","format":"standard","meta":{"footnotes":""},"categories":[14],"tags":[],"class_list":["post-4692","post","type-post","status-publish","format-standard","hentry","category-hjemstavnsroman"],"_links":{"self":[{"href":"https:\/\/blog.hesselholt.com\/index.php\/wp-json\/wp\/v2\/posts\/4692","targetHints":{"allow":["GET"]}}],"collection":[{"href":"https:\/\/blog.hesselholt.com\/index.php\/wp-json\/wp\/v2\/posts"}],"about":[{"href":"https:\/\/blog.hesselholt.com\/index.php\/wp-json\/wp\/v2\/types\/post"}],"author":[{"embeddable":true,"href":"https:\/\/blog.hesselholt.com\/index.php\/wp-json\/wp\/v2\/users\/3"}],"replies":[{"embeddable":true,"href":"https:\/\/blog.hesselholt.com\/index.php\/wp-json\/wp\/v2\/comments?post=4692"}],"version-history":[{"count":0,"href":"https:\/\/blog.hesselholt.com\/index.php\/wp-json\/wp\/v2\/posts\/4692\/revisions"}],"wp:attachment":[{"href":"https:\/\/blog.hesselholt.com\/index.php\/wp-json\/wp\/v2\/media?parent=4692"}],"wp:term":[{"taxonomy":"category","embeddable":true,"href":"https:\/\/blog.hesselholt.com\/index.php\/wp-json\/wp\/v2\/categories?post=4692"},{"taxonomy":"post_tag","embeddable":true,"href":"https:\/\/blog.hesselholt.com\/index.php\/wp-json\/wp\/v2\/tags?post=4692"}],"curies":[{"name":"wp","href":"https:\/\/api.w.org\/{rel}","templated":true}]}}