{"id":4672,"date":"2014-12-04T09:18:55","date_gmt":"2014-12-04T09:18:55","guid":{"rendered":"http:\/\/blog.hesselholt.com\/?p=4672"},"modified":"2014-12-04T09:18:55","modified_gmt":"2014-12-04T09:18:55","slug":"han-naede-at-leve","status":"publish","type":"post","link":"https:\/\/blog.hesselholt.com\/index.php\/2014\/12\/04\/han-naede-at-leve\/","title":{"rendered":"Han n\u00e5ede at leve"},"content":{"rendered":"<p>&nbsp;<br \/>\n<a href=\"https:\/\/blog.hesselholt.com\/wp-content\/uploads\/2014\/12\/lys-i-skov.jpg\"><img loading=\"lazy\" decoding=\"async\" class=\"alignnone size-full wp-image-4680\" title=\"lys i skov\" src=\"https:\/\/blog.hesselholt.com\/wp-content\/uploads\/2014\/12\/lys-i-skov.jpg\" alt=\"\" width=\"800\" height=\"600\" srcset=\"https:\/\/blog.hesselholt.com\/wp-content\/uploads\/2014\/12\/lys-i-skov.jpg 800w, https:\/\/blog.hesselholt.com\/wp-content\/uploads\/2014\/12\/lys-i-skov-300x225.jpg 300w, https:\/\/blog.hesselholt.com\/wp-content\/uploads\/2014\/12\/lys-i-skov-768x576.jpg 768w\" sizes=\"auto, (max-width: 800px) 100vw, 800px\" \/><\/a><br \/>\n&nbsp;<br \/>\nVi g\u00e5r omkring til daglig og t\u00e6nker p\u00e5 alt det, vi skal n\u00e5 i livet uden at reflektere over, at det h\u00f8rer op, \u00a0livet. Selv om vi ved, at det h\u00f8rer op. Og selv om vi aldrig synes, at vi n\u00e5r nok. At vi overhovedet KAN n\u00e5 nok.<br \/>\nI nat kom Boris Vians digt om flygtningen til mig. Kun en s\u00e6tning, for resten havde jeg glemt &#8211; jeg stod op og googlede digtet &#8211; da jeg l\u00e6ste det igen, huskede jeg helt klart hvert ord. Og jeg vil gerne dele digtet med jer.<br \/>\nIl avait eu le temps de vivre = han n\u00e5ede at leve.<br \/>\nJeg skriver digtet i min overs\u00e6ttelse. Og derunder den franske version, s\u00e5 nogen af jer kan gl\u00e6des over, hvor smukt Vian skriver:<br \/>\nFLYGTNINGEN<br \/>\nHan styrtede nedad mod dalen<br \/>\nUnder ham rullede stenene<br \/>\nOver ham sang sirenen<br \/>\ngl\u00e6desl\u00f8st<br \/>\nHan ind\u00e5ndede tr\u00e6ernes dufte<br \/>\nEn bl\u00e6seb\u00e6lg i hans bryst<br \/>\nLyset fulgte ham<br \/>\nOg satte hans skygge i dans<br \/>\nBare de giver mig tid<br \/>\nHans sprang gennem det h\u00f8je gr\u00e6s<br \/>\nHan plukkede to gule blade<br \/>\nSp\u00e6ndte af saft og sol<br \/>\nDe st\u00e5lbl\u00e5 kanoner spyttede<br \/>\nkorte flammer af ild<br \/>\nBare de giver mig tid<br \/>\nS\u00e5 var han ved vandet<br \/>\nHan v\u00e6dede sit ansigt<br \/>\nOg lo af gl\u00e6de han drak<br \/>\nHan rejste sig for at springe<br \/>\nBare de giver mig tid<br \/>\nEn glohed kobberhveps<br \/>\nMejede ham ned<br \/>\nP\u00e5 den anden bred<br \/>\nBlod og vand fl\u00f8d sammen<br \/>\nHan fik tid til at se<br \/>\nTid til at drikke af floden<br \/>\nTid til at kysse to blade<br \/>\nSp\u00e6ndte af saft og sol<br \/>\nTid til at n\u00e5 den anden bred<br \/>\nTid til at le ad dr\u00e6berne<br \/>\nTid til at l\u00f8be mod kvinden<br \/>\nHan fik tid til at leve<br \/>\n&#8212;&#8212;&#8212;&#8212;&#8212;&#8211;<br \/>\nJa, og det f\u00e5r de fleste af os jo: TID TIL AT LEVE<br \/>\nOg Vians ord:<br \/>\n<a title=\"Lien permanent vers L\u2019Evad\u00e9\" href=\"http:\/\/www.poetica.fr\/poeme-425\/boris-vian-evade\/\">L\u2019Evad\u00e9<\/a><br \/>\nIl a d\u00e9val\u00e9 la colline<br \/>\n<em>Ses pas faisaient rouler les pierres<\/em><br \/>\n<em> L\u00e0-haut entre les quatre murs<\/em><br \/>\n<em> La sir\u00e8ne chantait sans joie<\/em><br \/>\n<em>Il respirait l\u2019odeur des arbres<\/em><br \/>\n<em> Avec son corps comme une forge<\/em><br \/>\n<em> La lumi\u00e8re l\u2019accompagnait<\/em><br \/>\n<em> Et lui faisait danser son ombre<\/em><br \/>\n<em>Pourvu qu\u2019ils me laissent le temps<\/em><br \/>\n<em> Il sautait \u00e0 travers les herbes<\/em><br \/>\n<em> Il a cueilli deux feuilles jaunes<\/em><br \/>\n<em> Gorg\u00e9es de s\u00e8ve et de soleil<\/em><br \/>\n<em>Les canons d\u2019acier bleu crachaient<\/em><br \/>\n<em> De courtes flammes de feu sec<\/em><br \/>\n<em> Pourvu qu\u2019ils me laissent le temps<\/em><br \/>\n<em> Il est arriv\u00e9 pr\u00e8s de l\u2019eau<\/em><br \/>\n<em>Il y a plong\u00e9 son visage<\/em><br \/>\n<em> Il riait de joie il a bu<\/em><br \/>\n<em> Pourvu qu\u2019ils me laissent le temps<\/em><br \/>\n<em> Il s\u2019est relev\u00e9 pour sauter<\/em><br \/>\n<em>Pourvu qu\u2019ils me laissent le temps<\/em><br \/>\n<em> Une abeille de cuivre chaud<\/em><br \/>\n<em> L\u2019a foudroy\u00e9 sur l\u2019autre rive<\/em><br \/>\n<em> Le sang et l\u2019eau se sont m\u00eal\u00e9s<\/em><br \/>\n<em>Il avait eu le temps de voir<\/em><br \/>\n<em> Le temps de boire \u00e0 ce ruisseau<\/em><br \/>\n<em> Le temps de porter \u00e0 sa bouche<\/em><br \/>\n<em> Deux feuilles gorg\u00e9es de soleil<\/em><br \/>\n<em>Le temps d\u2019atteindre l\u2019autre rive<\/em><br \/>\n<em> Le temps de rire aux assassins<\/em><br \/>\n<em> Le temps de courir vers la femme<\/em><br \/>\n<em>Il avait eu le temps de vivre.<\/em><br \/>\nBoris Vian,\u00a0<em>Chansons et Po\u00e8mes<\/em><br \/>\nDet her lille digt er n\u00e6rmest en b\u00f8n. Men den har ligget p\u00e5 mit skrivebord i nogen tid, nu er den lagret i mit hoved. Men I f\u00e5r den lige her. Ophavsmanden er \u00a0Carsten Johansen &#8211; og ordene beh\u00f8ver heldigvis ingen overs\u00e6ttelse.<br \/>\n<em>Her mellem modenhed og d\u00f8d\/ velsign os med den sidste gl\u00f8d\/ af jordens lyse sommer\/ og bryd s\u00e5 sindets fr\u00f8skal ned\/ s\u00e5 alt i os er k\u00e6rlighed\/ den nat da kulden kommer.<\/em><br \/>\n&nbsp;<br \/>\n&nbsp;<br \/>\n&nbsp;<br \/>\n&nbsp;<br \/>\n&nbsp;<br \/>\n&nbsp;<br \/>\n&nbsp;<br \/>\n&nbsp;<\/p>\n","protected":false},"excerpt":{"rendered":"<p>&nbsp; &nbsp; Vi g\u00e5r omkring til daglig og t\u00e6nker p\u00e5 alt det, vi skal n\u00e5 i livet uden at reflektere over, at det h\u00f8rer op, \u00a0livet. Selv om vi ved, at det h\u00f8rer op. Og selv om vi aldrig synes, &hellip; <a href=\"https:\/\/blog.hesselholt.com\/index.php\/2014\/12\/04\/han-naede-at-leve\/\">L\u00e6s resten <span class=\"meta-nav\">&rarr;<\/span><\/a><\/p>\n","protected":false},"author":3,"featured_media":0,"comment_status":"open","ping_status":"open","sticky":false,"template":"","format":"standard","meta":{"footnotes":""},"categories":[24],"tags":[],"class_list":["post-4672","post","type-post","status-publish","format-standard","hentry","category-stort-og-smat-om-lidt-forskelligt"],"_links":{"self":[{"href":"https:\/\/blog.hesselholt.com\/index.php\/wp-json\/wp\/v2\/posts\/4672","targetHints":{"allow":["GET"]}}],"collection":[{"href":"https:\/\/blog.hesselholt.com\/index.php\/wp-json\/wp\/v2\/posts"}],"about":[{"href":"https:\/\/blog.hesselholt.com\/index.php\/wp-json\/wp\/v2\/types\/post"}],"author":[{"embeddable":true,"href":"https:\/\/blog.hesselholt.com\/index.php\/wp-json\/wp\/v2\/users\/3"}],"replies":[{"embeddable":true,"href":"https:\/\/blog.hesselholt.com\/index.php\/wp-json\/wp\/v2\/comments?post=4672"}],"version-history":[{"count":0,"href":"https:\/\/blog.hesselholt.com\/index.php\/wp-json\/wp\/v2\/posts\/4672\/revisions"}],"wp:attachment":[{"href":"https:\/\/blog.hesselholt.com\/index.php\/wp-json\/wp\/v2\/media?parent=4672"}],"wp:term":[{"taxonomy":"category","embeddable":true,"href":"https:\/\/blog.hesselholt.com\/index.php\/wp-json\/wp\/v2\/categories?post=4672"},{"taxonomy":"post_tag","embeddable":true,"href":"https:\/\/blog.hesselholt.com\/index.php\/wp-json\/wp\/v2\/tags?post=4672"}],"curies":[{"name":"wp","href":"https:\/\/api.w.org\/{rel}","templated":true}]}}