{"id":3099,"date":"2013-01-08T11:12:13","date_gmt":"2013-01-08T11:12:13","guid":{"rendered":"http:\/\/blog.hesselholt.com\/?p=3099"},"modified":"2013-01-08T11:12:13","modified_gmt":"2013-01-08T11:12:13","slug":"intermezzo-ny-kategori","status":"publish","type":"post","link":"https:\/\/blog.hesselholt.com\/index.php\/2013\/01\/08\/intermezzo-ny-kategori\/","title":{"rendered":"Argentina &#8211; ny kategori"},"content":{"rendered":"<p style=\"text-align: center;\"><em><strong>Velkommen til min blog. Et vindue til mit forfatterskab \u2013 et forum for diskussion af emner, jeg finder interessante og aktuelle<\/strong><\/em><\/p>\n<p style=\"text-align: left;\">Vi forlader for en tid hjemstavnsromanen og retter blikket andre steder hen. Som\u00a0overskriften s\u00e5 rigtigt siger, s\u00e5\u00a0er meningen med min blog at \u00e5bne et vindue til forfatterskabet &#8211; eller en d\u00f8r, om man vil, for man kan jo frit g\u00e5 ud og ind i mit ( forfatter)skab, og desuden: hvem vil bryde sig om at kravle gennem et vindue?<\/p>\n<p style=\"text-align: left;\">Og der er en side af mit skriveri, som jeg slet ikke har ber\u00f8rt p\u00e5 denne blog. Nemlig de b\u00f8ger, jeg har skrevet om danskernes udvandring til Argentina i 1800 tallet. Nu har jeg netop f\u00e5et et par foredrag i forbindelse med mit virke p\u00e5 det felt, s\u00e5 jeg synes, at det er p\u00e5 tide at indlemme Argentina og udvandrerne i blog-galleriet.<\/p>\n<p style=\"text-align: left;\">For nogle \u00e5r tilbage tilbragte jeg sammen med min mand tre m\u00e5neder p\u00e5 den argentinske Pampa for at samle materiale til en bog om de danske udvandrere. Det blev til to b\u00f8ger, der begge handlede om Hans Fugl, den f\u00f8rste egentlige emigrant, og i al fald ham, der satte gang i danskernes udvandring til Argentina. B\u00f8lge fulgte p\u00e5 b\u00f8lge, og i dag lever der ca. 50.000 efterkommere af disse danske emigranter.<\/p>\n<p style=\"text-align: left;\">B\u00f8gerne kan ses herunder:<\/p>\n<p style=\"text-align: left;\"><a href=\"https:\/\/blog.hesselholt.com\/wp-content\/uploads\/2013\/01\/billed-til-presse1.jpg\"><img loading=\"lazy\" decoding=\"async\" class=\"alignnone size-medium wp-image-3112\" title=\"billed til presse\" src=\"https:\/\/blog.hesselholt.com\/wp-content\/uploads\/2013\/01\/billed-til-presse1-201x300.jpg\" alt=\"\" width=\"201\" height=\"300\" srcset=\"https:\/\/blog.hesselholt.com\/wp-content\/uploads\/2013\/01\/billed-til-presse1-201x300.jpg 201w, https:\/\/blog.hesselholt.com\/wp-content\/uploads\/2013\/01\/billed-til-presse1.jpg 536w\" sizes=\"auto, (max-width: 201px) 100vw, 201px\" \/><\/a>\u00a0 <a href=\"https:\/\/blog.hesselholt.com\/wp-content\/uploads\/2013\/01\/Forside-af-Fugl-i-A1.jpg\"><img loading=\"lazy\" decoding=\"async\" class=\"alignnone size-medium wp-image-3113\" title=\"Forside af Fugl i A\" src=\"https:\/\/blog.hesselholt.com\/wp-content\/uploads\/2013\/01\/Forside-af-Fugl-i-A1-212x300.jpg\" alt=\"\" width=\"212\" height=\"300\" srcset=\"https:\/\/blog.hesselholt.com\/wp-content\/uploads\/2013\/01\/Forside-af-Fugl-i-A1-212x300.jpg 212w, https:\/\/blog.hesselholt.com\/wp-content\/uploads\/2013\/01\/Forside-af-Fugl-i-A1.jpg 566w\" sizes=\"auto, (max-width: 212px) 100vw, 212px\" \/><\/a><\/p>\n<p style=\"text-align: left;\">For en god ordens skyld kan jeg tilf\u00f8je, at der stadig findes et lille restlager af b\u00f8gerne og at de kan erhverves for 100 kr. pr. stk. Man skal blot sende mig en mail med navn og adresse og anf\u00f8re antallet af\u00a0\u00f8nskede b\u00f8ger.<\/p>\n<p style=\"text-align: left;\">Herunder ses Fugl med familie. Billedet er taget i 1880. P\u00e5 det tidspunkt er familien vendt tilbage til Danmark. Da Dorthea Fugl som ung rejser til Argentina for at blive gift med Hans, bliver hun meget syg og mister f.eks. alle sine t\u00e6nder. Billedet har afsl\u00f8rer, at hun faktisk aldrig fik nye t\u00e6nder.<\/p>\n<p style=\"text-align: left;\"><a href=\"https:\/\/blog.hesselholt.com\/wp-content\/uploads\/2013\/01\/fugl-med-familie1.jpg\"><img loading=\"lazy\" decoding=\"async\" class=\"alignnone size-full wp-image-3115\" title=\"fugl med familie\" src=\"https:\/\/blog.hesselholt.com\/wp-content\/uploads\/2013\/01\/fugl-med-familie1.jpg\" alt=\"\" width=\"450\" height=\"424\" srcset=\"https:\/\/blog.hesselholt.com\/wp-content\/uploads\/2013\/01\/fugl-med-familie1.jpg 450w, https:\/\/blog.hesselholt.com\/wp-content\/uploads\/2013\/01\/fugl-med-familie1-300x283.jpg 300w\" sizes=\"auto, (max-width: 450px) 100vw, 450px\" \/><\/a><\/p>\n<p style=\"text-align: left;\">Og herunder den statue, der er rejst af ham i byen Tandil, en af Argentinas storbyer, men da Fugl kom dertil i midten af 1800 tallet, var den en lille fl\u00e6kke, og det var ham, der var med til at give byen voksev\u00e6rk, dels ved\u00a0som den f\u00f8rste at dyrke hvede og dels ved at bygge de f\u00f8rste virksomheder &#8211; m\u00f8ller og bagerier.<\/p>\n<p style=\"text-align: left;\"><a href=\"https:\/\/blog.hesselholt.com\/wp-content\/uploads\/2013\/01\/Fugl11.jpg\"><img loading=\"lazy\" decoding=\"async\" class=\"alignnone  wp-image-3117\" title=\"Fugl1\" src=\"https:\/\/blog.hesselholt.com\/wp-content\/uploads\/2013\/01\/Fugl11.jpg\" alt=\"\" width=\"369\" height=\"563\" \/><\/a><\/p>\n<p style=\"text-align: left;\">For m\u00e6ndene har de f\u00f8rste udvandrings\u00e5r v\u00e6ret en n\u00e6sten umenneskelig kamp &#8211; men dem, der klarede sig, var stridbare, og de tog kampen op og det lykkedes mange af dem at skabe gode rammer for de n\u00e6ste generationer.<\/p>\n<p style=\"text-align: left;\">For kvinderne har det ofte v\u00e6ret et liv i afsavn og h\u00e5bl\u00f8shed, og mange af dem var knugede af stor ensomhed og hjeml\u00e6ngsel. De levede isoleret derude p\u00e5 pampaen.\u00a0Jeg fik af en gammel dame i Tandil fortalt historien om en kvinde, der boede udenfor Tandil. Hun havde en lille b\u00f8rneflok.\u00a0En dag\u00a0s\u00e5 man hende l\u00f8be skrigende ned mod byen, helt oversmurt af blod &#8211; hun havde dr\u00e6bt alle sine b\u00f8rn. Men selv dem, der ikke blev vanvittige, havde det ofte sv\u00e6rt i koloniens f\u00f8rste \u00e5r. Kvindernes historie er aldrig blevet skrevet ned. Den kunne ellers v\u00e6re interessant.<\/p>\n<p style=\"text-align: left;\">Hans Fugl rejste hjem til Danmark, da han blev gammel, og han skriver i sine erindringer, at det var for Dortheas skyld. Hun l\u00e6ngtes. Men nye t\u00e6nder fik hun alts\u00e5 ikke.<\/p>\n<p style=\"text-align: left;\">Vi rejste til Argentina i 2004 for at samle materiale til Fugl b\u00f8gerne, men allerede i 2000 bes\u00f8gte vi landet og dengang var det for at finde og hilse p\u00e5 Oles f\u00e6tre og kusiner. Engang i 1920&#8217;erne rejste 3 af Oles onkler til Argentina for at begynde et nyt liv der. To af dem: Hans og Mette giftede sig og fik b\u00f8rn. Herunder ser vi disse 4 s\u00f8skende p\u00e5 et foto taget, da de allerede ikke mere var unge:<\/p>\n<p style=\"text-align: left;\"><a href=\"https:\/\/blog.hesselholt.com\/wp-content\/uploads\/2013\/01\/Fars-soskende-i-Argentina-0011.jpg\"><img loading=\"lazy\" decoding=\"async\" class=\"alignnone size-full wp-image-3136\" title=\"Fars s\u00f8skende i Argentina 001\" src=\"https:\/\/blog.hesselholt.com\/wp-content\/uploads\/2013\/01\/Fars-soskende-i-Argentina-0011.jpg\" alt=\"\" width=\"800\" height=\"551\" srcset=\"https:\/\/blog.hesselholt.com\/wp-content\/uploads\/2013\/01\/Fars-soskende-i-Argentina-0011.jpg 800w, https:\/\/blog.hesselholt.com\/wp-content\/uploads\/2013\/01\/Fars-soskende-i-Argentina-0011-300x207.jpg 300w, https:\/\/blog.hesselholt.com\/wp-content\/uploads\/2013\/01\/Fars-soskende-i-Argentina-0011-768x529.jpg 768w\" sizes=\"auto, (max-width: 800px) 100vw, 800px\" \/><\/a><\/p>\n<p style=\"text-align: left;\">\n","protected":false},"excerpt":{"rendered":"<p>Velkommen til min blog. Et vindue til mit forfatterskab \u2013 et forum for diskussion af emner, jeg finder interessante og aktuelle Vi forlader for en tid hjemstavnsromanen og retter blikket andre steder hen. Som\u00a0overskriften s\u00e5 rigtigt siger, s\u00e5\u00a0er meningen med &hellip; <a href=\"https:\/\/blog.hesselholt.com\/index.php\/2013\/01\/08\/intermezzo-ny-kategori\/\">L\u00e6s resten <span class=\"meta-nav\">&rarr;<\/span><\/a><\/p>\n","protected":false},"author":3,"featured_media":0,"comment_status":"open","ping_status":"open","sticky":false,"template":"","format":"standard","meta":{"footnotes":""},"categories":[2],"tags":[65,177,468,469],"class_list":["post-3099","post","type-post","status-publish","format-standard","hentry","category-argentina","tag-argentina","tag-hans-fugl","tag-udvandrere","tag-udvandring"],"_links":{"self":[{"href":"https:\/\/blog.hesselholt.com\/index.php\/wp-json\/wp\/v2\/posts\/3099","targetHints":{"allow":["GET"]}}],"collection":[{"href":"https:\/\/blog.hesselholt.com\/index.php\/wp-json\/wp\/v2\/posts"}],"about":[{"href":"https:\/\/blog.hesselholt.com\/index.php\/wp-json\/wp\/v2\/types\/post"}],"author":[{"embeddable":true,"href":"https:\/\/blog.hesselholt.com\/index.php\/wp-json\/wp\/v2\/users\/3"}],"replies":[{"embeddable":true,"href":"https:\/\/blog.hesselholt.com\/index.php\/wp-json\/wp\/v2\/comments?post=3099"}],"version-history":[{"count":0,"href":"https:\/\/blog.hesselholt.com\/index.php\/wp-json\/wp\/v2\/posts\/3099\/revisions"}],"wp:attachment":[{"href":"https:\/\/blog.hesselholt.com\/index.php\/wp-json\/wp\/v2\/media?parent=3099"}],"wp:term":[{"taxonomy":"category","embeddable":true,"href":"https:\/\/blog.hesselholt.com\/index.php\/wp-json\/wp\/v2\/categories?post=3099"},{"taxonomy":"post_tag","embeddable":true,"href":"https:\/\/blog.hesselholt.com\/index.php\/wp-json\/wp\/v2\/tags?post=3099"}],"curies":[{"name":"wp","href":"https:\/\/api.w.org\/{rel}","templated":true}]}}