{"id":3079,"date":"2013-01-07T10:50:59","date_gmt":"2013-01-07T10:50:59","guid":{"rendered":"http:\/\/blog.hesselholt.com\/?p=3079"},"modified":"2013-01-07T10:50:59","modified_gmt":"2013-01-07T10:50:59","slug":"102-i-begyndelsen-var-sandet","status":"publish","type":"post","link":"https:\/\/blog.hesselholt.com\/index.php\/2013\/01\/07\/102-i-begyndelsen-var-sandet\/","title":{"rendered":"102 &#8211; i begyndelsen var sandet"},"content":{"rendered":"<p style=\"text-align: center;\"><strong>Velkommen til min blog. Et vindue til mit forfatterskab \u2013 et forum for diskussion af emner, jeg finder interessante og aktuelle<\/strong><\/p>\n<p style=\"text-align: left;\"><a href=\"https:\/\/blog.hesselholt.com\/wp-content\/uploads\/2013\/01\/P4080099.jpg\"><img loading=\"lazy\" decoding=\"async\" class=\"alignnone size-medium wp-image-3121\" title=\"OLYMPUS DIGITAL CAMERA\" src=\"https:\/\/blog.hesselholt.com\/wp-content\/uploads\/2013\/01\/P4080099-300x225.jpg\" alt=\"\" width=\"300\" height=\"225\" srcset=\"https:\/\/blog.hesselholt.com\/wp-content\/uploads\/2013\/01\/P4080099-300x225.jpg 300w, https:\/\/blog.hesselholt.com\/wp-content\/uploads\/2013\/01\/P4080099-768x576.jpg 768w, https:\/\/blog.hesselholt.com\/wp-content\/uploads\/2013\/01\/P4080099.jpg 800w\" sizes=\"auto, (max-width: 300px) 100vw, 300px\" \/><\/a><\/p>\n<p style=\"text-align: left;\">Foto: Ole Henne Hansen: SAND<\/p>\n<p style=\"text-align: left;\">I begyndelsen var sandet.<\/p>\n<p style=\"text-align: left;\">I begyndelsen. Lad os se.\u00a0Med \u00f8rne\u00f8jne m\u00e5ske. For overblikkets skyld.<\/p>\n<p style=\"text-align: left;\">Tiden kr\u00e6ver, at vi skriver i datid. Det g\u00f8r vi s\u00e5.<\/p>\n<p style=\"text-align: left;\">Hav\u00f8rnen\u00a0foldede sine v\u00e6ldige vinger\u00a0ud og satte af fra de norske fjelde, og med kraftige vingeslag l\u00f8ftede den sig himmelh\u00f8jt\u00a0over\u00a0havet og tog kurs\u00a0mod danskekystens nordligste spids. I glideflugt sejlede den ind over den smalle tange, mens den med sit skarpe blik inspicerede landskabet under sig. Og hvad s\u00e5 den? Sand og sand og atter sand. Gulligt eller hvidligt og med spredte gr\u00e5tonede pletter,fra hav til hav. Lignede mest af alt\u00a0et snusket liglagen,\u00a0der sk\u00f8desl\u00f8st var kastet hen over den smalle landtange som for at d\u00e6kke over en skam.<\/p>\n<p style=\"text-align: left;\">Med de ord kunne en bog om Skagen Landsogn begynde. Helt forkert ville det ikke v\u00e6re. Jeg l\u00e6ser ordene igen og ryster p\u00e5 hovedet, desv\u00e6rre, det g\u00e5r ikke.\u00a0S\u00e5dan kan den umuligt begynde. S\u00e5 knudret, s\u00e5 lidt\u00a0mundret. Ikke en indledning til en bog, der gerne skulle emme af liv og s\u00e5 let som ingenting krybe ind i l\u00e6seren og finde lagerplads i hendes bevidsthed.<\/p>\n<p style=\"text-align: left;\">Den her indledning skramler. Og desuden, ved n\u00f8jere eftersyn er den ukorrekt.<\/p>\n<p style=\"text-align: left;\">For det begyndte ikke med sandet.<\/p>\n<p style=\"text-align: left;\">Der var en tid f\u00f8r og en tid efter.<\/p>\n<p style=\"text-align: left;\"><a href=\"https:\/\/blog.hesselholt.com\/wp-content\/uploads\/2013\/01\/Havorn.jpg\"><img loading=\"lazy\" decoding=\"async\" class=\"alignnone size-full wp-image-3126\" title=\"Hav\u00f8rn\" src=\"https:\/\/blog.hesselholt.com\/wp-content\/uploads\/2013\/01\/Havorn.jpg\" alt=\"\" width=\"800\" height=\"492\" srcset=\"https:\/\/blog.hesselholt.com\/wp-content\/uploads\/2013\/01\/Havorn.jpg 800w, https:\/\/blog.hesselholt.com\/wp-content\/uploads\/2013\/01\/Havorn-300x185.jpg 300w, https:\/\/blog.hesselholt.com\/wp-content\/uploads\/2013\/01\/Havorn-768x472.jpg 768w\" sizes=\"auto, (max-width: 800px) 100vw, 800px\" \/><\/a><\/p>\n<p style=\"text-align: left;\">Fotoet af \u00f8rnen er taget af Mette Hesselholt Henne Hansen<\/p>\n<p style=\"text-align: center;\">\n","protected":false},"excerpt":{"rendered":"<p>Velkommen til min blog. Et vindue til mit forfatterskab \u2013 et forum for diskussion af emner, jeg finder interessante og aktuelle Foto: Ole Henne Hansen: SAND I begyndelsen var sandet. I begyndelsen. Lad os se.\u00a0Med \u00f8rne\u00f8jne m\u00e5ske. For overblikkets skyld. &hellip; <a href=\"https:\/\/blog.hesselholt.com\/index.php\/2013\/01\/07\/102-i-begyndelsen-var-sandet\/\">L\u00e6s resten <span class=\"meta-nav\">&rarr;<\/span><\/a><\/p>\n","protected":false},"author":3,"featured_media":0,"comment_status":"open","ping_status":"open","sticky":false,"template":"","format":"standard","meta":{"footnotes":""},"categories":[14],"tags":[],"class_list":["post-3079","post","type-post","status-publish","format-standard","hentry","category-hjemstavnsroman"],"_links":{"self":[{"href":"https:\/\/blog.hesselholt.com\/index.php\/wp-json\/wp\/v2\/posts\/3079","targetHints":{"allow":["GET"]}}],"collection":[{"href":"https:\/\/blog.hesselholt.com\/index.php\/wp-json\/wp\/v2\/posts"}],"about":[{"href":"https:\/\/blog.hesselholt.com\/index.php\/wp-json\/wp\/v2\/types\/post"}],"author":[{"embeddable":true,"href":"https:\/\/blog.hesselholt.com\/index.php\/wp-json\/wp\/v2\/users\/3"}],"replies":[{"embeddable":true,"href":"https:\/\/blog.hesselholt.com\/index.php\/wp-json\/wp\/v2\/comments?post=3079"}],"version-history":[{"count":0,"href":"https:\/\/blog.hesselholt.com\/index.php\/wp-json\/wp\/v2\/posts\/3079\/revisions"}],"wp:attachment":[{"href":"https:\/\/blog.hesselholt.com\/index.php\/wp-json\/wp\/v2\/media?parent=3079"}],"wp:term":[{"taxonomy":"category","embeddable":true,"href":"https:\/\/blog.hesselholt.com\/index.php\/wp-json\/wp\/v2\/categories?post=3079"},{"taxonomy":"post_tag","embeddable":true,"href":"https:\/\/blog.hesselholt.com\/index.php\/wp-json\/wp\/v2\/tags?post=3079"}],"curies":[{"name":"wp","href":"https:\/\/api.w.org\/{rel}","templated":true}]}}