{"id":1908,"date":"2012-08-09T07:46:54","date_gmt":"2012-08-09T07:46:54","guid":{"rendered":"http:\/\/blog.hesselholt.com\/?p=1908"},"modified":"2012-08-09T07:46:54","modified_gmt":"2012-08-09T07:46:54","slug":"morgenstund-har-guld-i-mund","status":"publish","type":"post","link":"https:\/\/blog.hesselholt.com\/index.php\/2012\/08\/09\/morgenstund-har-guld-i-mund\/","title":{"rendered":"68 Morgenstund har guld i mund"},"content":{"rendered":"<p>&nbsp;<br \/>\n<a href=\"https:\/\/blog.hesselholt.com\/wp-content\/uploads\/2012\/07\/Vera-som-ung.jpg\"><img loading=\"lazy\" decoding=\"async\" class=\"aligncenter\" title=\"Vera som ung\" src=\"https:\/\/blog.hesselholt.com\/wp-content\/uploads\/2012\/07\/Vera-som-ung-150x150.jpg\" alt=\"\" width=\"150\" height=\"150\" \/><\/a><\/p>\n<div>\n<p align=\"center\"><strong>Velkommen til min blog. Et vindue til mit forfatterskab \u2013 et forum for diskussion af emner, jeg finder interessante og aktuelle<\/strong><strong>.<\/strong><\/p>\n<\/div>\n<p align=\"center\"><strong>Billedet forestiller min mor\u00a0<\/strong><\/p>\n<div>\n<p align=\"center\"><strong>I h\u00f8jre side kan man klikke sig ind p\u00e5 den kategori, man gerne vil l\u00e6se om. Her er ogs\u00e5 mulighed for at finde ind p\u00e5 de forskellige m\u00e5neders indl\u00e6g.\u00a0 P\u00e5 hjemmesiden <a href=\"http:\/\/www.hesselholt.com\/\">www.hesselholt.com<\/a> kan man se og l\u00e6se om de b\u00f8ger, jeg har skrevet.<\/strong><\/p>\n<\/div>\n<p>Klokken er 5.30 og solen nylig st\u00e5et op. Sandet lyser gult og himlen og lyset farver havet i de fineste pasteller. Se her:<br \/>\n<a href=\"https:\/\/blog.hesselholt.com\/wp-content\/uploads\/2012\/08\/morgenstund-i-august-010.jpg\"><img loading=\"lazy\" decoding=\"async\" class=\"alignnone size-thumbnail wp-image-1910\" title=\"morgenstund i august 010\" src=\"https:\/\/blog.hesselholt.com\/wp-content\/uploads\/2012\/08\/morgenstund-i-august-010-150x150.jpg\" alt=\"\" width=\"150\" height=\"150\" \/><\/a>\u00a0 <a href=\"https:\/\/blog.hesselholt.com\/wp-content\/uploads\/2012\/08\/morgenstund-i-august-012.jpg\"><img loading=\"lazy\" decoding=\"async\" class=\"alignnone size-thumbnail wp-image-1911\" title=\"morgenstund i august 012\" src=\"https:\/\/blog.hesselholt.com\/wp-content\/uploads\/2012\/08\/morgenstund-i-august-012-150x150.jpg\" alt=\"\" width=\"150\" height=\"150\" \/><\/a>\u00a0 <a href=\"https:\/\/blog.hesselholt.com\/wp-content\/uploads\/2012\/08\/morgenstund-i-august-013.jpg\"><img loading=\"lazy\" decoding=\"async\" class=\"alignnone size-thumbnail wp-image-1912\" title=\"morgenstund i august 013\" src=\"https:\/\/blog.hesselholt.com\/wp-content\/uploads\/2012\/08\/morgenstund-i-august-013-150x150.jpg\" alt=\"\" width=\"150\" height=\"150\" \/><\/a><br \/>\n<a href=\"https:\/\/blog.hesselholt.com\/wp-content\/uploads\/2012\/08\/morgenstund-i-august-006.jpg\"><img loading=\"lazy\" decoding=\"async\" class=\"alignnone size-thumbnail wp-image-1926\" title=\"morgenstund i august 006\" src=\"https:\/\/blog.hesselholt.com\/wp-content\/uploads\/2012\/08\/morgenstund-i-august-006-150x150.jpg\" alt=\"\" width=\"150\" height=\"150\" \/><\/a>\u00a0 <a href=\"https:\/\/blog.hesselholt.com\/wp-content\/uploads\/2012\/08\/morgenstund-i-august-007.jpg\"><img loading=\"lazy\" decoding=\"async\" class=\"alignnone  wp-image-1927\" title=\"morgenstund i august 007\" src=\"https:\/\/blog.hesselholt.com\/wp-content\/uploads\/2012\/08\/morgenstund-i-august-007-150x150.jpg\" alt=\"\" width=\"150\" height=\"150\" \/><\/a>\u00a0 <a href=\"https:\/\/blog.hesselholt.com\/wp-content\/uploads\/2012\/08\/morgenstund-i-august-008.jpg\"><img loading=\"lazy\" decoding=\"async\" class=\"alignnone size-thumbnail wp-image-1931\" title=\"morgenstund i august 008\" src=\"https:\/\/blog.hesselholt.com\/wp-content\/uploads\/2012\/08\/morgenstund-i-august-008-150x150.jpg\" alt=\"\" width=\"150\" height=\"150\" \/><\/a><br \/>\nVandreturen slutter med sv\u00f8mning i et hav, der er ca.14 grader, men som I kan se &#8211; smukt s\u00e5 jeg ikke finder ord for det.<br \/>\nKlik p\u00e5 billedet for at forst\u00f8rre.<br \/>\n&nbsp;<\/p>\n","protected":false},"excerpt":{"rendered":"<p>&nbsp; Velkommen til min blog. Et vindue til mit forfatterskab \u2013 et forum for diskussion af emner, jeg finder interessante og aktuelle. Billedet forestiller min mor\u00a0 I h\u00f8jre side kan man klikke sig ind p\u00e5 den kategori, man gerne vil &hellip; <a href=\"https:\/\/blog.hesselholt.com\/index.php\/2012\/08\/09\/morgenstund-har-guld-i-mund\/\">L\u00e6s resten <span class=\"meta-nav\">&rarr;<\/span><\/a><\/p>\n","protected":false},"author":3,"featured_media":0,"comment_status":"open","ping_status":"open","sticky":false,"template":"","format":"standard","meta":{"footnotes":""},"categories":[14],"tags":[],"class_list":["post-1908","post","type-post","status-publish","format-standard","hentry","category-hjemstavnsroman"],"_links":{"self":[{"href":"https:\/\/blog.hesselholt.com\/index.php\/wp-json\/wp\/v2\/posts\/1908","targetHints":{"allow":["GET"]}}],"collection":[{"href":"https:\/\/blog.hesselholt.com\/index.php\/wp-json\/wp\/v2\/posts"}],"about":[{"href":"https:\/\/blog.hesselholt.com\/index.php\/wp-json\/wp\/v2\/types\/post"}],"author":[{"embeddable":true,"href":"https:\/\/blog.hesselholt.com\/index.php\/wp-json\/wp\/v2\/users\/3"}],"replies":[{"embeddable":true,"href":"https:\/\/blog.hesselholt.com\/index.php\/wp-json\/wp\/v2\/comments?post=1908"}],"version-history":[{"count":0,"href":"https:\/\/blog.hesselholt.com\/index.php\/wp-json\/wp\/v2\/posts\/1908\/revisions"}],"wp:attachment":[{"href":"https:\/\/blog.hesselholt.com\/index.php\/wp-json\/wp\/v2\/media?parent=1908"}],"wp:term":[{"taxonomy":"category","embeddable":true,"href":"https:\/\/blog.hesselholt.com\/index.php\/wp-json\/wp\/v2\/categories?post=1908"},{"taxonomy":"post_tag","embeddable":true,"href":"https:\/\/blog.hesselholt.com\/index.php\/wp-json\/wp\/v2\/tags?post=1908"}],"curies":[{"name":"wp","href":"https:\/\/api.w.org\/{rel}","templated":true}]}}