{"id":1667,"date":"2012-05-14T16:30:50","date_gmt":"2012-05-14T16:30:50","guid":{"rendered":"http:\/\/blog.hesselholt.com\/?p=1667"},"modified":"2012-05-14T16:30:50","modified_gmt":"2012-05-14T16:30:50","slug":"intermezzo-25","status":"publish","type":"post","link":"https:\/\/blog.hesselholt.com\/index.php\/2012\/05\/14\/intermezzo-25\/","title":{"rendered":"Intermezzo."},"content":{"rendered":"<p><a href=\"https:\/\/blog.hesselholt.com\/wp-content\/uploads\/2012\/05\/lille-Andreas.jpg\"><img loading=\"lazy\" decoding=\"async\" class=\"size-medium wp-image-1668 aligncenter\" title=\"OLYMPUS DIGITAL CAMERA\" src=\"https:\/\/blog.hesselholt.com\/wp-content\/uploads\/2012\/05\/lille-Andreas-250x300.jpg\" alt=\"\" width=\"250\" height=\"300\" srcset=\"https:\/\/blog.hesselholt.com\/wp-content\/uploads\/2012\/05\/lille-Andreas-250x300.jpg 250w, https:\/\/blog.hesselholt.com\/wp-content\/uploads\/2012\/05\/lille-Andreas.jpg 400w\" sizes=\"auto, (max-width: 250px) 100vw, 250px\" \/><\/a><br \/>\nSom mine l\u00e6sere, ikke af bloggen, men af mine b\u00f8ger, vil vide, s\u00e5 har b\u00f8rn og b\u00f8rns vilk\u00e5r altid interesseret mig, og et par b\u00f8ger herom er det jo ogs\u00e5 blevet til i tidens l\u00f8b &#8211; 3 b\u00f8rneb\u00f8ger: &#8220;Johan&#8221;, &#8220;Isenglens S\u00f8n&#8221; og &#8220;Skyd dig igennem, sagde Oldefar&#8221;.<br \/>\nMen ogs\u00e5 i voksenb\u00f8gerne spiller barndommen en stor rolle &#8211; det ses f.eks. markant i &#8220;Outside&#8221; &#8211; &#8220;Blues&#8221; og &#8220;Mellemlandet.&#8221;<br \/>\nOg i de store biografiromaner har jeg dv\u00e6let rigeligt l\u00e6nge ved barndommen. Eller &#8220;rigeligt&#8221;? &#8211; jeg ved nu ikke &#8211; det er den tid, menneskets sj\u00e6l formes, den tid, hvor det er mest udsat og skr\u00f8beligst, og hvor alt kan vindes og tabes.<br \/>\nDet vil de n\u00e6ste indl\u00e6g komme til at handle om.<br \/>\n&nbsp;<\/p>\n","protected":false},"excerpt":{"rendered":"<p>Som mine l\u00e6sere, ikke af bloggen, men af mine b\u00f8ger, vil vide, s\u00e5 har b\u00f8rn og b\u00f8rns vilk\u00e5r altid interesseret mig, og et par b\u00f8ger herom er det jo ogs\u00e5 blevet til i tidens l\u00f8b &#8211; 3 b\u00f8rneb\u00f8ger: &#8220;Johan&#8221;, &#8220;Isenglens &hellip; <a href=\"https:\/\/blog.hesselholt.com\/index.php\/2012\/05\/14\/intermezzo-25\/\">L\u00e6s resten <span class=\"meta-nav\">&rarr;<\/span><\/a><\/p>\n","protected":false},"author":3,"featured_media":0,"comment_status":"open","ping_status":"open","sticky":false,"template":"","format":"standard","meta":{"footnotes":""},"categories":[5],"tags":[76,81],"class_list":["post-1667","post","type-post","status-publish","format-standard","hentry","category-brn-og-unge","tag-brn","tag-brns-vilkar"],"_links":{"self":[{"href":"https:\/\/blog.hesselholt.com\/index.php\/wp-json\/wp\/v2\/posts\/1667","targetHints":{"allow":["GET"]}}],"collection":[{"href":"https:\/\/blog.hesselholt.com\/index.php\/wp-json\/wp\/v2\/posts"}],"about":[{"href":"https:\/\/blog.hesselholt.com\/index.php\/wp-json\/wp\/v2\/types\/post"}],"author":[{"embeddable":true,"href":"https:\/\/blog.hesselholt.com\/index.php\/wp-json\/wp\/v2\/users\/3"}],"replies":[{"embeddable":true,"href":"https:\/\/blog.hesselholt.com\/index.php\/wp-json\/wp\/v2\/comments?post=1667"}],"version-history":[{"count":0,"href":"https:\/\/blog.hesselholt.com\/index.php\/wp-json\/wp\/v2\/posts\/1667\/revisions"}],"wp:attachment":[{"href":"https:\/\/blog.hesselholt.com\/index.php\/wp-json\/wp\/v2\/media?parent=1667"}],"wp:term":[{"taxonomy":"category","embeddable":true,"href":"https:\/\/blog.hesselholt.com\/index.php\/wp-json\/wp\/v2\/categories?post=1667"},{"taxonomy":"post_tag","embeddable":true,"href":"https:\/\/blog.hesselholt.com\/index.php\/wp-json\/wp\/v2\/tags?post=1667"}],"curies":[{"name":"wp","href":"https:\/\/api.w.org\/{rel}","templated":true}]}}