{"id":1647,"date":"2012-05-13T10:46:42","date_gmt":"2012-05-13T10:46:42","guid":{"rendered":"http:\/\/blog.hesselholt.com\/?p=1647"},"modified":"2012-05-13T10:46:42","modified_gmt":"2012-05-13T10:46:42","slug":"61-et-kig-pa-det-gamle-hulsig-1910erne-20erne","status":"publish","type":"post","link":"https:\/\/blog.hesselholt.com\/index.php\/2012\/05\/13\/61-et-kig-pa-det-gamle-hulsig-1910erne-20erne\/","title":{"rendered":"61 Et kig p\u00e5 det gamle Hulsig &#8211; 1910&#039;erne 20&#039;erne"},"content":{"rendered":"<p>Et par billeder fra skatkammeret, nogle af dem har I set f\u00f8r: Her ser vi f\u00f8rst Magnus Hesselholt opdyrke heden. Jeg gentager den lille fort\u00e6lling: Han var som ung mand p\u00e5 landbrugsmesse i Nordtyskland og fik lov at hjembringe en traktor til demonstration i Nordjylland &#8211; k\u00f8rte han den f\u00f8rste traktor i Vendsyssel? &#8211; n\u00e6ppe. Men en af de f\u00f8rste:<br \/>\n<a href=\"https:\/\/blog.hesselholt.com\/wp-content\/uploads\/2012\/05\/Magnus-og-den-ny-traktor-19241.jpg\"><img loading=\"lazy\" decoding=\"async\" class=\"alignnone size-medium wp-image-1648\" title=\"Magnus og den ny traktor 1924\" src=\"https:\/\/blog.hesselholt.com\/wp-content\/uploads\/2012\/05\/Magnus-og-den-ny-traktor-19241-300x189.jpg\" alt=\"\" width=\"300\" height=\"189\" \/><\/a><br \/>\nKlik p\u00e5 billedet for at forst\u00f8rre!<br \/>\nN\u00e5, men de n\u00e6ste par billeder har I ikke set:<br \/>\nF\u00f8rst den berygtede \u00c5lb\u00e6kvej, hvor man ikke kunne k\u00f8re, n\u00e5r det havde regnet, og dern\u00e6st anl\u00e6g af den ny:<br \/>\n<a href=\"https:\/\/blog.hesselholt.com\/wp-content\/uploads\/2012\/05\/lbaekvejen.jpg\"><img loading=\"lazy\" decoding=\"async\" class=\"alignnone size-medium wp-image-1650\" title=\"\u00c5lb\u00e6kvejen\" src=\"https:\/\/blog.hesselholt.com\/wp-content\/uploads\/2012\/05\/\u00c5lb\u00e6kvejen-300x267.jpg\" alt=\"\" width=\"300\" height=\"267\" \/><\/a> <a href=\"https:\/\/blog.hesselholt.com\/wp-content\/uploads\/2012\/05\/lbaekvejen-anlaegges-e1336906153698.jpg\"><img loading=\"lazy\" decoding=\"async\" title=\"\u00c5lb\u00e6kvejen anl\u00e6gges\" src=\"https:\/\/blog.hesselholt.com\/wp-content\/uploads\/2012\/05\/lb\u00e6kvejen-anl\u00e6gges-e1336906153698-300x185.jpg\" alt=\"\" width=\"300\" height=\"185\" \/><\/a><br \/>\nS\u00e5 skete der noget &#8211; jeg ved ikke, hvem huset tilh\u00f8rer &#8211; det kan nogen m\u00e5ske fort\u00e6lle mig?<br \/>\nKlik p\u00e5 billederne for at forst\u00f8rre!<br \/>\nHerunder ser vi uddeleren Anders Andersen ( min morfar ) foran sin butik og ved siden et billede af butikk:<br \/>\n<a href=\"https:\/\/blog.hesselholt.com\/wp-content\/uploads\/2012\/05\/uddeleren.jpg\"><img loading=\"lazy\" decoding=\"async\" class=\"alignnone size-medium wp-image-1655\" title=\"uddeleren\" src=\"https:\/\/blog.hesselholt.com\/wp-content\/uploads\/2012\/05\/uddeleren-219x300.jpg\" alt=\"\" width=\"219\" height=\"300\" \/><\/a> <a href=\"https:\/\/blog.hesselholt.com\/wp-content\/uploads\/2012\/05\/Hulsig-brugs-i-1910-eller-20erne-e1336906382426.jpg\"><img loading=\"lazy\" decoding=\"async\" class=\"alignnone size-medium wp-image-1657\" title=\"Hulsig brugs i 1910' eller 20'erne\" src=\"https:\/\/blog.hesselholt.com\/wp-content\/uploads\/2012\/05\/Hulsig-brugs-i-1910-eller-20erne-e1336906382426-300x184.jpg\" alt=\"\" width=\"300\" height=\"184\" \/><\/a><br \/>\nIndefor i den lille brugs trivedes familien Andersen. Den var ikke stor: Anders og Magdalene og lille Vera. Hun voksede og blev s\u00e5 k\u00f8n. Og fik senere en k\u00e6reste, min far, som p\u00e5 det her tidspunkt havde travlt med alt andet end k\u00e6resteri: der var en hede, der skulle opdyrkes, og han gik med andre planer, som vi skal h\u00f8re om senere. Mor havde han udset sig. Men det kunne vente.<br \/>\nMen mor &#8230; ja, hun var da bestemt byens sk\u00f8nhed. Nu var der jo ikke s\u00e5 mange unge piger i byen, min onkel Otto m\u00e5tte s\u00e5ledes til Kandestederne for at finde sig en, og hun var til geng\u00e6ld ansat som kokkepige hos Poul Reumert og blev min tante Kirsten. Men hende vender vi tilbage til. Hun h\u00f8rte til i en hel anden verden, den nye store, der kom til Hulsig og \u00e6ndrede alting.<br \/>\nMen i landsbyen kunne man ogs\u00e5 dr\u00f8mme stort, og mor gjorde det vel. Sammen med hjerteveninden Sigrid. Her skal vi se de to piger. Hulsig har fostret en r\u00e6kke af smukke mennesker &#8211; det ser man, n\u00e5r man bladrer i de gamle album. Jeg vil lidt efter lidt vise dem p\u00e5 bloggen, og f\u00f8rst senere samle dem i familier og andre konstellationer ( f.eks. redningsm\u00e6nd, landbokoner osv.) Her er nu er par billeder af Vera og Sigrid. Sigrids far var redningsmand og han viste mig engang sin medalje. Men ellers ved jeg meget lidt om hendes for\u00e6ldre. Det vil jeg finde ud af.<br \/>\n<a href=\"https:\/\/blog.hesselholt.com\/wp-content\/uploads\/2012\/05\/1927-mor-og-tante-Bette.tif\"><img decoding=\"async\" class=\"alignnone size-full wp-image-1660\" title=\"1927 - mor og tante Bette\" src=\"https:\/\/blog.hesselholt.com\/wp-content\/uploads\/2012\/05\/1927-mor-og-tante-Bette.tif\" alt=\"\" \/><\/a> <a href=\"https:\/\/blog.hesselholt.com\/wp-content\/uploads\/2012\/05\/Sigrid-og-Vera-2-Hulsigskonheder-e1336932070705.jpg\"><img loading=\"lazy\" decoding=\"async\" class=\"alignnone size-medium wp-image-1662\" title=\"Sigrid og Vera - 2 Hulsigsk\u00f8nheder\" src=\"https:\/\/blog.hesselholt.com\/wp-content\/uploads\/2012\/05\/Sigrid-og-Vera-2-Hulsigsk\u00f8nheder-e1336932070705-300x247.jpg\" alt=\"\" width=\"300\" height=\"247\" \/><\/a><br \/>\n\u00c5h, de er vist lige gamle p\u00e5 de to billeder &#8211; jeg vil vende tilbage til Vera-billederne &#8211; ligesom vi ogs\u00e5 skal hilse p\u00e5 andre hulsigboere fra den tid.<br \/>\n&nbsp;<br \/>\n&nbsp;<br \/>\n&nbsp;<\/p>\n","protected":false},"excerpt":{"rendered":"<p>Et par billeder fra skatkammeret, nogle af dem har I set f\u00f8r: Her ser vi f\u00f8rst Magnus Hesselholt opdyrke heden. Jeg gentager den lille fort\u00e6lling: Han var som ung mand p\u00e5 landbrugsmesse i Nordtyskland og fik lov at hjembringe en &hellip; <a href=\"https:\/\/blog.hesselholt.com\/index.php\/2012\/05\/13\/61-et-kig-pa-det-gamle-hulsig-1910erne-20erne\/\">L\u00e6s resten <span class=\"meta-nav\">&rarr;<\/span><\/a><\/p>\n","protected":false},"author":3,"featured_media":0,"comment_status":"open","ping_status":"open","sticky":false,"template":"","format":"standard","meta":{"footnotes":""},"categories":[14],"tags":[38,39,45,104,206],"class_list":["post-1647","post","type-post","status-publish","format-standard","hentry","category-hjemstavnsroman","tag-albaekvejen","tag-albaevejen-anlaegges","tag-anders-andersen","tag-det-gamle-hulsig","tag-hulsig-brugs"],"_links":{"self":[{"href":"https:\/\/blog.hesselholt.com\/index.php\/wp-json\/wp\/v2\/posts\/1647","targetHints":{"allow":["GET"]}}],"collection":[{"href":"https:\/\/blog.hesselholt.com\/index.php\/wp-json\/wp\/v2\/posts"}],"about":[{"href":"https:\/\/blog.hesselholt.com\/index.php\/wp-json\/wp\/v2\/types\/post"}],"author":[{"embeddable":true,"href":"https:\/\/blog.hesselholt.com\/index.php\/wp-json\/wp\/v2\/users\/3"}],"replies":[{"embeddable":true,"href":"https:\/\/blog.hesselholt.com\/index.php\/wp-json\/wp\/v2\/comments?post=1647"}],"version-history":[{"count":0,"href":"https:\/\/blog.hesselholt.com\/index.php\/wp-json\/wp\/v2\/posts\/1647\/revisions"}],"wp:attachment":[{"href":"https:\/\/blog.hesselholt.com\/index.php\/wp-json\/wp\/v2\/media?parent=1647"}],"wp:term":[{"taxonomy":"category","embeddable":true,"href":"https:\/\/blog.hesselholt.com\/index.php\/wp-json\/wp\/v2\/categories?post=1647"},{"taxonomy":"post_tag","embeddable":true,"href":"https:\/\/blog.hesselholt.com\/index.php\/wp-json\/wp\/v2\/tags?post=1647"}],"curies":[{"name":"wp","href":"https:\/\/api.w.org\/{rel}","templated":true}]}}