{"id":11823,"date":"2026-03-14T22:04:28","date_gmt":"2026-03-14T21:04:28","guid":{"rendered":"https:\/\/blog.hesselholt.com\/?p=11823"},"modified":"2026-03-14T22:04:29","modified_gmt":"2026-03-14T21:04:29","slug":"wittgenstein-og-det-logiske-paradoks-mens-det-sker","status":"publish","type":"post","link":"https:\/\/blog.hesselholt.com\/index.php\/2026\/03\/14\/wittgenstein-og-det-logiske-paradoks-mens-det-sker\/","title":{"rendered":"WITTGENSTEIN OG DET LOGISKE PARADOKS &#8211; MENS DET SKER"},"content":{"rendered":"\n<p>Wittgenstein og det logiske paradoks \u2013 mens det sker<\/p>\n\n\n\n<p>I dag dukkede Wittgenstein som et andet sp\u00f8gelse op i mit hoved. Og jeg var tilbage i auditoriet og sad og lyttede til l\u00e6reren, som skulle lede os frem til filosofikum, og det handlede om paradokset. At noget b\u00e5de kunne v\u00e6re sandt og falsk p\u00e5 samme tid.<\/p>\n\n\n\n<p>Lige nu har jeg den s\u00e6reste fornemmelse af at leve i et paradoks. Tiden g\u00e5r \u2013 den flyver af sted \u2013 og &nbsp;samtidig st\u00e5r den stille.<\/p>\n\n\n\n<p>Tingene i dag er som de var i g\u00e5r. Og som de vil v\u00e6re i morgen.<\/p>\n\n\n\n<p>Og det er jo sandt: Ingenting forandrer sig fra en dag til en anden. Og alligevel ved jeg med min forstand, at det ikke er sandt. Tingene forandrer sig jo hele tiden. De er ikke i dag, som de var i g\u00e5r. Og i morgen er de anderledes. Men forandringen er jo sket, selv om jeg ikke kan s\u00e6tte fingeren p\u00e5 den. Og den dag jeg for alvor kan det, vil jeg s\u00e5 m\u00e6rke det s\u00e5dan her: \u201ds\u00e5 nu sker det \u2013 nu er det hele anderledes \u2013 nu er vendepunktet der? Vil jeg gribes af det \u2013 blive svimmel?<\/p>\n\n\n\n<p>Jeg svimler ved tanken. Men den forekommer mig stadigv\u00e6k at v\u00e6re tankespin.<\/p>\n\n\n\n<p>Tankespin.<\/p>\n\n\n\n<p>Ja, det er s\u00e5dan, det er, selv om det ikke er til at forst\u00e5, men det skal det jo heller ikke v\u00e6re, for paradokset unddrager sig jo netop forst\u00e5elsen.<\/p>\n\n\n\n<p>Selvmodsigelsen modsiger sig selv. Det siger sig selv.<\/p>\n\n\n\n<p>Nu begynder tasterne at vr\u00f8vle. Jeg stopper.<\/p>\n\n\n\n<p>Det var ogs\u00e5 bare gode gamle Wittgenstein, der pirrede min hjerne en kort stund.<\/p>\n\n\n\n<p>Lad ham nu hvile i fred. &nbsp;&nbsp;&nbsp;<\/p>\n","protected":false},"excerpt":{"rendered":"<p>Wittgenstein og det logiske paradoks \u2013 mens det sker I dag dukkede Wittgenstein som et andet sp\u00f8gelse op i mit hoved. Og jeg var tilbage i auditoriet og sad og lyttede til l\u00e6reren, som skulle lede os frem til filosofikum, &hellip; <a href=\"https:\/\/blog.hesselholt.com\/index.php\/2026\/03\/14\/wittgenstein-og-det-logiske-paradoks-mens-det-sker\/\">L\u00e6s resten <span class=\"meta-nav\">&rarr;<\/span><\/a><\/p>\n","protected":false},"author":3,"featured_media":0,"comment_status":"open","ping_status":"open","sticky":false,"template":"","format":"standard","meta":{"footnotes":""},"categories":[7,24],"tags":[],"class_list":["post-11823","post","type-post","status-publish","format-standard","hentry","category-demens","category-stort-og-smat-om-lidt-forskelligt"],"_links":{"self":[{"href":"https:\/\/blog.hesselholt.com\/index.php\/wp-json\/wp\/v2\/posts\/11823","targetHints":{"allow":["GET"]}}],"collection":[{"href":"https:\/\/blog.hesselholt.com\/index.php\/wp-json\/wp\/v2\/posts"}],"about":[{"href":"https:\/\/blog.hesselholt.com\/index.php\/wp-json\/wp\/v2\/types\/post"}],"author":[{"embeddable":true,"href":"https:\/\/blog.hesselholt.com\/index.php\/wp-json\/wp\/v2\/users\/3"}],"replies":[{"embeddable":true,"href":"https:\/\/blog.hesselholt.com\/index.php\/wp-json\/wp\/v2\/comments?post=11823"}],"version-history":[{"count":1,"href":"https:\/\/blog.hesselholt.com\/index.php\/wp-json\/wp\/v2\/posts\/11823\/revisions"}],"predecessor-version":[{"id":11824,"href":"https:\/\/blog.hesselholt.com\/index.php\/wp-json\/wp\/v2\/posts\/11823\/revisions\/11824"}],"wp:attachment":[{"href":"https:\/\/blog.hesselholt.com\/index.php\/wp-json\/wp\/v2\/media?parent=11823"}],"wp:term":[{"taxonomy":"category","embeddable":true,"href":"https:\/\/blog.hesselholt.com\/index.php\/wp-json\/wp\/v2\/categories?post=11823"},{"taxonomy":"post_tag","embeddable":true,"href":"https:\/\/blog.hesselholt.com\/index.php\/wp-json\/wp\/v2\/tags?post=11823"}],"curies":[{"name":"wp","href":"https:\/\/api.w.org\/{rel}","templated":true}]}}