{"id":11620,"date":"2025-10-03T21:03:30","date_gmt":"2025-10-03T19:03:30","guid":{"rendered":"https:\/\/blog.hesselholt.com\/?p=11620"},"modified":"2025-10-03T21:39:52","modified_gmt":"2025-10-03T19:39:52","slug":"at-hoere-hjemme","status":"publish","type":"post","link":"https:\/\/blog.hesselholt.com\/index.php\/2025\/10\/03\/at-hoere-hjemme\/","title":{"rendered":"AT H\u00d8RE HJEMME"},"content":{"rendered":"\n<figure class=\"wp-block-image size-large\"><img loading=\"lazy\" decoding=\"async\" width=\"1024\" height=\"768\" src=\"https:\/\/blog.hesselholt.com\/wp-content\/uploads\/2025\/10\/efteraarshaven-1024x768.jpg\" alt=\"\" class=\"wp-image-11621\" srcset=\"https:\/\/blog.hesselholt.com\/wp-content\/uploads\/2025\/10\/efteraarshaven-1024x768.jpg 1024w, https:\/\/blog.hesselholt.com\/wp-content\/uploads\/2025\/10\/efteraarshaven-300x225.jpg 300w, https:\/\/blog.hesselholt.com\/wp-content\/uploads\/2025\/10\/efteraarshaven-768x576.jpg 768w, https:\/\/blog.hesselholt.com\/wp-content\/uploads\/2025\/10\/efteraarshaven-1536x1152.jpg 1536w, https:\/\/blog.hesselholt.com\/wp-content\/uploads\/2025\/10\/efteraarshaven-400x300.jpg 400w, https:\/\/blog.hesselholt.com\/wp-content\/uploads\/2025\/10\/efteraarshaven.jpg 1600w\" sizes=\"auto, (max-width: 1024px) 100vw, 1024px\" \/><\/figure>\n\n\n\n<p>For f\u00e5 dage siden d\u00f8de J\u00f8rgen Leth. For fem \u00e5r siden bes\u00f8gte journalisten Stephanie Surrugue ham for sammen med ham at konstruere en slags nekrolog ante mortem. Meget besynderlig ide. Og vellykket. I dag h\u00f8rte jeg en potkast om det interview, som hun lavede hos ham i forbindelse med omtalte nekrolog. Og det var h\u00f8jst tankev\u00e6kkende. For mig. Og skr\u00e6mmende \u2013 for jeg forstod ham jo alt for godt.<\/p>\n\n\n\n<p>Da han i sin tid udgav bogen \u201dDet uperfekte menneske\u201d, var jeg en af de mange, der forsvarede ham, da en shitstorm ramte ham. Han valgte et liv, som af mange (familie, venner) kunne opfattes som egocentrisk ( det udtryk bruges ikke i udsendelsen, det er mit udtryk) \u2013 han ville nemlig hele livet gribe alle de muligheder, der \u00e5bnede sig for ham, og det gjorde han. Og han brugte sit levede liv til at skabe levende kunst.<\/p>\n\n\n\n<p>Hans liv blev kunst. Han kunne ikke begge dele: ikke b\u00e5de v\u00e6re almindelig borger med familieforpligtelser og n\u00e6rv\u00e6r og samtidig en skabende kunstner. Han m\u00e5tte bruge al sin energi, hele sin kraft og sit store talent til at skabe.<\/p>\n\n\n\n<p>S\u00e5 blev han jo en slags Vorherre i eget liv. Det har sin pris.<\/p>\n\n\n\n<p>Han fik aldrig et rigtigt \u201dhjem\u201d \u2013 han var hjemme i sin kunst.<\/p>\n\n\n\n<p>Han blev spurgt, om han fortr\u00f8d. Det syntes han ikke. Men han var klar over, at nogen af dem, han holdt af, havde ment og m\u00e5ske med god grund, at han havde svigtet dem. I \u201dEn vej ud af t\u00e5gen\u201d skriver s\u00f8nnen Kristian Leth om det smertelige ved at have en fjern far.<\/p>\n\n\n\n<p>Nu har jeg ikke hans talent. Og jeg har slet ikke modet til at gribe \u00f8jeblikket og forvandle det til kunst. Jeg m\u00e5 g\u00e5 en helt anden vej, og den sander ofte til, det har jeg set s\u00e5 tit. Og det, der var en mulighed, er ofte endt som en forspildt chance. Og det er godt nok.<\/p>\n\n\n\n<p>Tanken om d\u00f8den er ogs\u00e5 n\u00e6rv\u00e6rende for mig lige nu. B\u00e5de fordi jeg mister venner i disse \u00e5r, men ogs\u00e5 fordi jeg selv st\u00e5r p\u00e5 t\u00e6rsklen og alligevel klamrer mig til d\u00f8rkarmen.<\/p>\n\n\n\n<p>\u00c9n sommer mere, please \u2013 s\u00e5 skal jeg nok tr\u00e6de over. Men lad mig lige leve dette efter\u00e5r med. Dette smukke efter\u00e5r. Og gerne vinteren ogs\u00e5. Sne og kulde, det g\u00f8r ingenting. Og lad mig for Din skyld opleve endnu et for\u00e5r.<\/p>\n","protected":false},"excerpt":{"rendered":"<p>For f\u00e5 dage siden d\u00f8de J\u00f8rgen Leth. For fem \u00e5r siden bes\u00f8gte journalisten Stephanie Surrugue ham for sammen med ham at konstruere en slags nekrolog ante mortem. Meget besynderlig ide. Og vellykket. I dag h\u00f8rte jeg en potkast om det &hellip; <a href=\"https:\/\/blog.hesselholt.com\/index.php\/2025\/10\/03\/at-hoere-hjemme\/\">L\u00e6s resten <span class=\"meta-nav\">&rarr;<\/span><\/a><\/p>\n","protected":false},"author":3,"featured_media":0,"comment_status":"open","ping_status":"open","sticky":false,"template":"","format":"standard","meta":{"footnotes":""},"categories":[18,24],"tags":[],"class_list":["post-11620","post","type-post","status-publish","format-standard","hentry","category-litteratur","category-stort-og-smat-om-lidt-forskelligt"],"_links":{"self":[{"href":"https:\/\/blog.hesselholt.com\/index.php\/wp-json\/wp\/v2\/posts\/11620","targetHints":{"allow":["GET"]}}],"collection":[{"href":"https:\/\/blog.hesselholt.com\/index.php\/wp-json\/wp\/v2\/posts"}],"about":[{"href":"https:\/\/blog.hesselholt.com\/index.php\/wp-json\/wp\/v2\/types\/post"}],"author":[{"embeddable":true,"href":"https:\/\/blog.hesselholt.com\/index.php\/wp-json\/wp\/v2\/users\/3"}],"replies":[{"embeddable":true,"href":"https:\/\/blog.hesselholt.com\/index.php\/wp-json\/wp\/v2\/comments?post=11620"}],"version-history":[{"count":4,"href":"https:\/\/blog.hesselholt.com\/index.php\/wp-json\/wp\/v2\/posts\/11620\/revisions"}],"predecessor-version":[{"id":11625,"href":"https:\/\/blog.hesselholt.com\/index.php\/wp-json\/wp\/v2\/posts\/11620\/revisions\/11625"}],"wp:attachment":[{"href":"https:\/\/blog.hesselholt.com\/index.php\/wp-json\/wp\/v2\/media?parent=11620"}],"wp:term":[{"taxonomy":"category","embeddable":true,"href":"https:\/\/blog.hesselholt.com\/index.php\/wp-json\/wp\/v2\/categories?post=11620"},{"taxonomy":"post_tag","embeddable":true,"href":"https:\/\/blog.hesselholt.com\/index.php\/wp-json\/wp\/v2\/tags?post=11620"}],"curies":[{"name":"wp","href":"https:\/\/api.w.org\/{rel}","templated":true}]}}