{"id":11390,"date":"2025-07-04T11:59:11","date_gmt":"2025-07-04T09:59:11","guid":{"rendered":"https:\/\/blog.hesselholt.com\/?p=11390"},"modified":"2025-07-04T12:02:37","modified_gmt":"2025-07-04T10:02:37","slug":"keld-4","status":"publish","type":"post","link":"https:\/\/blog.hesselholt.com\/index.php\/2025\/07\/04\/keld-4\/","title":{"rendered":"KELD 4"},"content":{"rendered":"\n<p>KELD 4<\/p>\n\n\n\n<p>Okay Okay \u2026 jeg ved det godt, alt det der med mig og sport og at jeg altid ligger i spidsen, det er ikke 100 % sandt \u2026 men alts\u00e5, jeg syntes, det l\u00f8d supergodt og megafedt. Men helt \u00e6rligt: jeg skrev det kun, fordi s\u00e5 jeg gerne ville give dig det bedste indtryk af, hvem jeg er. Vores klassel\u00e6rer siger altid, at vi skal bestr\u00e6be os p\u00e5 at blive den bedste udgave af os selv \u2026 og alts\u00e5, n\u00e5r man skal det, og n\u00e5r man ogs\u00e5 gerne vil det, s\u00e5 kommer man jo nemt til at tr\u00e6de ved siden af sandhedens smalle sti, eller hvad man nu skal kalde den vej, vi helst skal f\u00f8lge, og s\u00e5 ender det undertiden i det rene pral og digt.<\/p>\n\n\n\n<p>Og det er helt \u00e6rlig kun i min fantasi og ikke i den virkelige verden, at jeg er nr. 1 til alting.<\/p>\n\n\n\n<p>Faktisk er jeg ikke nr. 1 til s\u00e5 meget.<\/p>\n\n\n\n<p>Men jeg ligger bestemt heller ikke i bunden. Det m\u00e5 du ikke tro om mig. Jeg h\u00f8rer ikke til i den tunge ende. Og jeg lover dig, at hvad jeg fra nu af fort\u00e6ller om mig selv, det kan jeg st\u00e5 inde for, det kan du roligt citere mig for uden at rende med sladder eller sprede fake news. For at sige det med min mormors ord, s\u00e5 st\u00e5r hvert ord til troende.<\/p>\n\n\n\n<p>Hvis du alligevel synes, at noget af det, jeg skriver, er lige i overkanten, s\u00e5 skal du t\u00e6nke p\u00e5 det, jeg sagde med puslespillet \u2013 der ER mange brikker i mit liv \u2013 og de h\u00e6nger ikke altid lige godt sammen. Jeg kan kun samle en del af brikkerne og s\u00e5 h\u00e5be p\u00e5, at de viser det v\u00e6sentlige.<\/p>\n\n\n\n<p>Alts\u00e5: Jeg hedder Kjeld, jeg bor i \u00c5lum, og jeg er en almindelig dreng.<\/p>\n\n\n\n<p>S\u00e5 er der bare det at tilf\u00f8je, at almindelig er et ualmindeligt farvel\u00f8st ord og derfor ikke passer p\u00e5 nogen dreng. Eller rettere: det passer p\u00e5 alle drenge. Og s\u00e5 er vi lige vidt.<\/p>\n\n\n\n<p>Men det med almindelig og ualmindelig har jeg jo skrevet om en gang, og der er ingen grund til at t\u00e6rske langhalm p\u00e5 det.<\/p>\n\n\n\n<p>Langhalm! Der var den igen. Aakj\u00e6r. Bondelivet. Tja, det liv kl\u00e6ber m\u00e5ske til en i mange generationer, og mine forf\u00e6dre var helt sikkert b\u00f8nder. Det var alle drenges forf\u00e6dre, lige fra dengang Adam og Eva gik og knoklede i deres ansigts sved p\u00e5 den s\u00f8lle jord, Vorherre undte dem, fordi de ikke gad rette sig efter hans bud.<\/p>\n\n\n\n<p>P\u00e5 visse punkter har vi ikke forandret os siden da. Jeg gider f.ek. heller ikke altid rette mig efter de bud, man har stillet op i min verden.<\/p>\n\n\n\n<p>Findes der bud i din verden? Sp\u00f8rger du.<\/p>\n\n\n\n<p>Ja selvf\u00f8lgelig, men det kommer vi n\u00e6rmere ind p\u00e5, n\u00e5r jeg omsider f\u00e5r s\u00e5 meget hold p\u00e5 mig selv, at jeg kan begynde min historie.<\/p>\n\n\n\n<p>Det er jo meningen med alt det her grifleri: at jeg skal fort\u00e6lle en historie om \u201dKjeld fra \u00c5lum\u201d &nbsp;&nbsp;<\/p>\n","protected":false},"excerpt":{"rendered":"<p>KELD 4 Okay Okay \u2026 jeg ved det godt, alt det der med mig og sport og at jeg altid ligger i spidsen, det er ikke 100 % sandt \u2026 men alts\u00e5, jeg syntes, det l\u00f8d supergodt og megafedt. Men &hellip; <a href=\"https:\/\/blog.hesselholt.com\/index.php\/2025\/07\/04\/keld-4\/\">L\u00e6s resten <span class=\"meta-nav\">&rarr;<\/span><\/a><\/p>\n","protected":false},"author":3,"featured_media":0,"comment_status":"open","ping_status":"open","sticky":false,"template":"","format":"standard","meta":{"footnotes":""},"categories":[3,13],"tags":[],"class_list":["post-11390","post","type-post","status-publish","format-standard","hentry","category-beroemte-maend-fra-aalum","category-historiske-romaner"],"_links":{"self":[{"href":"https:\/\/blog.hesselholt.com\/index.php\/wp-json\/wp\/v2\/posts\/11390","targetHints":{"allow":["GET"]}}],"collection":[{"href":"https:\/\/blog.hesselholt.com\/index.php\/wp-json\/wp\/v2\/posts"}],"about":[{"href":"https:\/\/blog.hesselholt.com\/index.php\/wp-json\/wp\/v2\/types\/post"}],"author":[{"embeddable":true,"href":"https:\/\/blog.hesselholt.com\/index.php\/wp-json\/wp\/v2\/users\/3"}],"replies":[{"embeddable":true,"href":"https:\/\/blog.hesselholt.com\/index.php\/wp-json\/wp\/v2\/comments?post=11390"}],"version-history":[{"count":1,"href":"https:\/\/blog.hesselholt.com\/index.php\/wp-json\/wp\/v2\/posts\/11390\/revisions"}],"predecessor-version":[{"id":11391,"href":"https:\/\/blog.hesselholt.com\/index.php\/wp-json\/wp\/v2\/posts\/11390\/revisions\/11391"}],"wp:attachment":[{"href":"https:\/\/blog.hesselholt.com\/index.php\/wp-json\/wp\/v2\/media?parent=11390"}],"wp:term":[{"taxonomy":"category","embeddable":true,"href":"https:\/\/blog.hesselholt.com\/index.php\/wp-json\/wp\/v2\/categories?post=11390"},{"taxonomy":"post_tag","embeddable":true,"href":"https:\/\/blog.hesselholt.com\/index.php\/wp-json\/wp\/v2\/tags?post=11390"}],"curies":[{"name":"wp","href":"https:\/\/api.w.org\/{rel}","templated":true}]}}