{"id":11339,"date":"2025-05-27T22:18:42","date_gmt":"2025-05-27T20:18:42","guid":{"rendered":"https:\/\/blog.hesselholt.com\/?p=11339"},"modified":"2025-06-05T16:04:34","modified_gmt":"2025-06-05T14:04:34","slug":"anti-digte","status":"publish","type":"post","link":"https:\/\/blog.hesselholt.com\/index.php\/2025\/05\/27\/anti-digte\/","title":{"rendered":"ANTI-DIGTE"},"content":{"rendered":"\n<p>Jeg skrev om Halfdan Rasmussen i forrige indl\u00e6g, og ham bliver jeg aldrig tr\u00e6t af. Eller det blev jeg forleden, for hans digt om alderdom er dog s\u00e5 trist og fork\u00f8let, at jeg m\u00e5tte g\u00f8re noget ved det. S\u00e5 jeg skrev en r\u00e6kke rettelser til digtet.<\/p>\n\n\n\n<p>Nu ved jeg godt, at jeg slet ikke kan hamle det mindste op mod en af vore dygtigste digtere, men jeg kunne ikke lade v\u00e6re.<\/p>\n\n\n\n<p>S\u00e5 her er mit svar p\u00e5 hans pessimistiske betragtninger om det at blive gammel:<\/p>\n\n\n\n<p>Halsdans digt:<\/p>\n\n\n\n<p>Grim er smerten<br>N\u00e5r man er pivet,<br>S\u00f8lle bliver man<br>Og tr\u00e6t og tom.<br>Gal p\u00e5 verden<br>Sk\u00f8nt glad for livet<br>G\u00e5r man ind i<br>Sin alderdom.<\/p>\n\n\n\n<p><br>Alt for tidligt at g\u00e5 i kloster.<br>Alt for silde<br>At g\u00e5 amok<br>N\u00e5r en fremtid<br>Er tyvekoster<br>Og ens fortid<br>Har kostet nok.<\/p>\n\n\n\n<p><br>Livet s\u00e6lger<br>P\u00e5 livets marked<br>Individer<br>Til nedsat pris.<br>F\u00f8r man aner det<br>F\u00e5r man sparket<br>Ind i t\u00e5bernes<br>Paradis.<\/p>\n\n\n\n<p><br>Her bliv tiden<br>Til ventetider,<br>Her bliver urene<br>Sat i st\u00e5.<br>Om du br\u00e6kker dig<br>Eller skider<br>Bl\u00e6ser alle<br>Guds engle p\u00e5.<\/p>\n\n\n\n<p><br>Du er anbragt<br>Blandt andet skrammel<br>Fjernt fra livet<br>Du dr\u00f8mte om.<br>Du er udslidt<br>Og du er gammel.<br>Du har f\u00e5et din<br>Alder dom.<\/p>\n\n\n\n<p>Mariannes digt:<\/p>\n\n\n\n<p><br>Tynd er huden<br>og du er gammel<br>\u00e6ldre bliver du<br>For hver en dag.<br>Regn p\u00e5 ruden<br>Men vi er sammen<br>Derfor hejser vi<br>Gl\u00e6dens flag.<\/p>\n\n\n\n<p><br>Alt for mange<br>g\u00e5r rundt og gr\u00e6der<br>Sk\u00f8nt der er blomster<br>I alle bed<br>H\u00f8r vore sange<br>Imens vi tr\u00e6der<br>gl\u00e6desdansen<br>P\u00e5 lette fjed<\/p>\n\n\n\n<p><br>Livet kommer<br>I lys og str\u00e5ler<br>Varme og gode<br>Til ingen pris<br>Se det er sommer!<br>R\u00e6k mig din h\u00e5nd<br>Og v\u00e6r min engel<br>I paradis<\/p>\n\n\n\n<p><br>Nu er det tiden<br>Hvor vi skal standse<br>Nu er urene<br>sat i st\u00e5<br>nu vil vi danse<br>synge \u2026 og se!<br>alle Guds engle<br>vil juble og le<\/p>\n\n\n\n<p><br>Vel er du anbragt<br>Blandt ting og skrammel<br>Fjernt fra dit unge<br>Og lette sind<br>Vist er du tr\u00e6t nu<br>Og du er gammel<br>Men du fik set<br>i himlene ind.<\/p>\n\n\n\n<p>Jo. jeg ser det ved genneml\u00e6sning af de to digte. Mit er jo formm\u00e6ssigt et plagiat, men det er ikke det, der g\u00f8r det ringere som digt. Halfdans digt er s\u00e5 fint, fordi det midt i al sit m\u00f8rke er humoristisk. Humoren sl\u00e5r igennem for fuld knald. Der er ikke noget sentimentalitet i hans digt. Det er der i mit. Suk. Og humoren, den er frav\u00e6rende i mit digt.<\/p>\n\n\n\n<p>Faktisk er det Halfdans adelsm\u00e6rke: denne blanding af humor og grumhed: Kanonkongen Knold ( ham vil vi n\u00f8dig m\u00f8de) og Anne lagde anemoner i kanonen p\u00e5 Trekroner ( blomster og kanoner?) B\u00f8rges bukser br\u00e6ndte ( og s\u00e5 g\u00e5r der ild i Benny) osv.<\/p>\n\n\n\n<p>Kun i ungdomsdigtene mangler humoren. Humoren skaber distance, og i ungdomsdigtene er han s\u00e5 smerteligt t\u00e6t p\u00e5 ondskaben og verdens grumhed, at han ikke form\u00e5r at skabe &#8211; eller ikke vil skabe &#8211; den afstand, som er humorens kunstgreb. F.eks. et digt som &#8220;Efter Bikini.&#8221;<\/p>\n\n\n\n<p>&#8220;Jorden er st\u00f8v og ild. Mennesketom. Forladt\/ Intet levende ser stjernes tegn i nat.\/ Ingen skal gr\u00e6de mer. Ingen skal mere le.\/ Intet skal mere ske.&#8221; (F\u00f8rste strofe af Efter Bikini).<\/p>\n\n\n\n<p><\/p>\n\n\n\n<p><\/p>\n\n\n","protected":false},"excerpt":{"rendered":"<p>Jeg skrev om Halfdan Rasmussen i forrige indl\u00e6g, og ham bliver jeg aldrig tr\u00e6t af. Eller det blev jeg forleden, for hans digt om alderdom er dog s\u00e5 trist og fork\u00f8let, at jeg m\u00e5tte g\u00f8re noget ved det. S\u00e5 jeg &hellip; <a href=\"https:\/\/blog.hesselholt.com\/index.php\/2025\/05\/27\/anti-digte\/\">L\u00e6s resten <span class=\"meta-nav\">&rarr;<\/span><\/a><\/p>\n","protected":false},"author":3,"featured_media":0,"comment_status":"open","ping_status":"open","sticky":false,"template":"","format":"standard","meta":{"footnotes":""},"categories":[18,24],"tags":[],"class_list":["post-11339","post","type-post","status-publish","format-standard","hentry","category-litteratur","category-stort-og-smat-om-lidt-forskelligt"],"_links":{"self":[{"href":"https:\/\/blog.hesselholt.com\/index.php\/wp-json\/wp\/v2\/posts\/11339","targetHints":{"allow":["GET"]}}],"collection":[{"href":"https:\/\/blog.hesselholt.com\/index.php\/wp-json\/wp\/v2\/posts"}],"about":[{"href":"https:\/\/blog.hesselholt.com\/index.php\/wp-json\/wp\/v2\/types\/post"}],"author":[{"embeddable":true,"href":"https:\/\/blog.hesselholt.com\/index.php\/wp-json\/wp\/v2\/users\/3"}],"replies":[{"embeddable":true,"href":"https:\/\/blog.hesselholt.com\/index.php\/wp-json\/wp\/v2\/comments?post=11339"}],"version-history":[{"count":9,"href":"https:\/\/blog.hesselholt.com\/index.php\/wp-json\/wp\/v2\/posts\/11339\/revisions"}],"predecessor-version":[{"id":11360,"href":"https:\/\/blog.hesselholt.com\/index.php\/wp-json\/wp\/v2\/posts\/11339\/revisions\/11360"}],"wp:attachment":[{"href":"https:\/\/blog.hesselholt.com\/index.php\/wp-json\/wp\/v2\/media?parent=11339"}],"wp:term":[{"taxonomy":"category","embeddable":true,"href":"https:\/\/blog.hesselholt.com\/index.php\/wp-json\/wp\/v2\/categories?post=11339"},{"taxonomy":"post_tag","embeddable":true,"href":"https:\/\/blog.hesselholt.com\/index.php\/wp-json\/wp\/v2\/tags?post=11339"}],"curies":[{"name":"wp","href":"https:\/\/api.w.org\/{rel}","templated":true}]}}