{"id":11300,"date":"2025-05-07T22:27:28","date_gmt":"2025-05-07T20:27:28","guid":{"rendered":"https:\/\/blog.hesselholt.com\/?p=11300"},"modified":"2025-05-07T22:32:45","modified_gmt":"2025-05-07T20:32:45","slug":"en-laerke-letted","status":"publish","type":"post","link":"https:\/\/blog.hesselholt.com\/index.php\/2025\/05\/07\/en-laerke-letted\/","title":{"rendered":"EN L\u00c6RKE LETTED"},"content":{"rendered":"\n<p>Jeg har sunget den sang med t\u00e5rer i \u00f8jnene, og jeg ved, at jeg vil g\u00f8re det igen. Hvert \u00e5r d. fjerde maj. Og vist elsker jeg mit f\u00e6dreland og mit modersm\u00e5l &#8211; mit moderland og mit fadersprog. Men det forhindrer mig ikke i at t\u00e6nke. Og lige det der med at g\u00e5 i krig for landet og k\u00e6mpe p\u00e5 \u00c6rens Mark placerer os alts\u00e5 noget n\u00e6rmere de aber, vi stammer fra end jeg bryder mig om.<\/p>\n\n\n\n<p>Det vil enhver primalforsker give mig ret i. En chimpanseflok, som splittes op og bliver til to grupper, g\u00e5r gladeligt i gang med at dr\u00e6be hinanden, selv dem, der tidligere stod dem n\u00e6r og som de f\u00f8r har nusset og k\u00e6rtegnet, sl\u00e5r de nu ihjel. For nu har de hvert sit territorium, og s\u00e5 m\u00e5 de i krig.<\/p>\n\n\n\n<p>Og s\u00e5dan bliver vi ogs\u00e5, n\u00e5r vi g\u00e5r i krig. Som chimpanserne. S\u00e5 dr\u00e6ber vi vore br\u00f8dre og s\u00f8stre. Det kan ikke siges mere pr\u00e6cist.<\/p>\n\n\n\n<p>Mine svigerfor\u00e6ldre blev under krigen smidt ud af deres hus, en tjenestebolig, og huset blev overtaget af tyskerne, mens familien m\u00e5tte flytte ud i laden (stalden) &#8211; men min svigermor har fortalt mig, at de unge tyske soldater kom ud til hende og fortalte hende om deres l\u00e6ngsel efter at komme hjem til deres familie. Og at hun tr\u00f8stede dem. Hun s\u00e5 ikke fjenden, men medmennesket.<\/p>\n\n\n\n<p>Det er altid ganske almindelige mennesker, der sendes i krig. Af magtmennesker: &#8211; Putin &#8211; Hitler &#8211; Mussolini &#8211; Trump &#8211; Netanyahu &#8211; listen er lang &#8230;<\/p>\n\n\n\n<p>Og s\u00e5dan har det altid v\u00e6ret.<\/p>\n\n\n\n<p>Igen vil jeg citere et par strofer af Halfdan Rasmussen:<\/p>\n\n\n\n<p>Jeg dr\u00f8mte ungdom st\u00e6rk og fri.\/ Jeg dr\u00f8mte frihed sk\u00f8n og stor.\/ Men bag min dr\u00f8m stod jeg og vi\/ parat til brodermord.<\/p>\n\n\n\n<p>Vi g\u00e5r i flok bag hver sit flag.\/ vi sl\u00e5s for hver sin tro.\/ Vi g\u00e5r mod f\u00e6lles nederlag\/ og lader hadet gro.<\/p>\n\n\n\n<p>Jeg er din fjende! Du er min!\/ sk\u00f8nt vi har samme vej at g\u00e5,\/ forkaster du min tro for din,\/ som d\u00f8r bag bolt og sl\u00e5.<\/p>\n\n\n\n<p>Min h\u00e5nd som din: parat til d\u00f8d!\/ Og hjertets frygt blir h\u00e5ndens mod.\/ S\u00e5 h\u00e6rger vi hinandens k\u00f8d\/ med angstens ild og blod.   <\/p>\n","protected":false},"excerpt":{"rendered":"<p>Jeg har sunget den sang med t\u00e5rer i \u00f8jnene, og jeg ved, at jeg vil g\u00f8re det igen. Hvert \u00e5r d. fjerde maj. Og vist elsker jeg mit f\u00e6dreland og mit modersm\u00e5l &#8211; mit moderland og mit fadersprog. Men det &hellip; <a href=\"https:\/\/blog.hesselholt.com\/index.php\/2025\/05\/07\/en-laerke-letted\/\">L\u00e6s resten <span class=\"meta-nav\">&rarr;<\/span><\/a><\/p>\n","protected":false},"author":3,"featured_media":0,"comment_status":"open","ping_status":"open","sticky":false,"template":"","format":"standard","meta":{"footnotes":""},"categories":[1],"tags":[],"class_list":["post-11300","post","type-post","status-publish","format-standard","hentry","category-uncategorized"],"_links":{"self":[{"href":"https:\/\/blog.hesselholt.com\/index.php\/wp-json\/wp\/v2\/posts\/11300","targetHints":{"allow":["GET"]}}],"collection":[{"href":"https:\/\/blog.hesselholt.com\/index.php\/wp-json\/wp\/v2\/posts"}],"about":[{"href":"https:\/\/blog.hesselholt.com\/index.php\/wp-json\/wp\/v2\/types\/post"}],"author":[{"embeddable":true,"href":"https:\/\/blog.hesselholt.com\/index.php\/wp-json\/wp\/v2\/users\/3"}],"replies":[{"embeddable":true,"href":"https:\/\/blog.hesselholt.com\/index.php\/wp-json\/wp\/v2\/comments?post=11300"}],"version-history":[{"count":4,"href":"https:\/\/blog.hesselholt.com\/index.php\/wp-json\/wp\/v2\/posts\/11300\/revisions"}],"predecessor-version":[{"id":11305,"href":"https:\/\/blog.hesselholt.com\/index.php\/wp-json\/wp\/v2\/posts\/11300\/revisions\/11305"}],"wp:attachment":[{"href":"https:\/\/blog.hesselholt.com\/index.php\/wp-json\/wp\/v2\/media?parent=11300"}],"wp:term":[{"taxonomy":"category","embeddable":true,"href":"https:\/\/blog.hesselholt.com\/index.php\/wp-json\/wp\/v2\/categories?post=11300"},{"taxonomy":"post_tag","embeddable":true,"href":"https:\/\/blog.hesselholt.com\/index.php\/wp-json\/wp\/v2\/tags?post=11300"}],"curies":[{"name":"wp","href":"https:\/\/api.w.org\/{rel}","templated":true}]}}