{"id":11150,"date":"2025-01-23T11:42:16","date_gmt":"2025-01-23T10:42:16","guid":{"rendered":"https:\/\/blog.hesselholt.com\/?p=11150"},"modified":"2025-01-28T11:36:06","modified_gmt":"2025-01-28T10:36:06","slug":"laengsel","status":"publish","type":"post","link":"https:\/\/blog.hesselholt.com\/index.php\/2025\/01\/23\/laengsel\/","title":{"rendered":"L\u00c6NGSEL"},"content":{"rendered":"\n<p>L\u00c6NGSEL<\/p>\n\n\n\n<p>L\u00e6ngslen. Ja, den er ikke til at komme udenom. Men det skal vi m\u00e5ske heller ikke. Vi skal m\u00e5ske trygt l\u00e6gge os til hvile i den. Mon ikke? Det vil jeg t\u00e6nke lidt over, inden jeg lige akkurat r\u00e5ber hurra for den tanke. At v\u00e6re til stede i l\u00e6ngslen. Og s\u00e5 endda finde det trygt. Det skurrer lidt.<\/p>\n\n\n\n<p>Man kan v\u00e6re til stede i NU\u2019ET, men vel ikke i l\u00e6ngslen. Den drager af med en. Er man i l\u00e6ngslen, er man ikke mere til stede.<\/p>\n\n\n\n<p>L\u00e6ngslen h\u00e6rger.<\/p>\n\n\n\n<p>I min alder er ordet l\u00e6ngsel m\u00e5ske endda en smule absurd \u2013 hvis man da overhovedet kan \u201dnedsmule\u201d det ord.<\/p>\n\n\n\n<p>Det er en f\u00f8lelse, som jeg ofte overv\u00e6ldes af. For det kan den nemlig (ikke lade v\u00e6re med :at overv\u00e6lde) .<\/p>\n\n\n\n<p>Jeg gik med de tanker i engene i aftes. Her plejede jeg at g\u00e5 ture med mine s\u00f8stre. De kom altid hertil i sommertiden, de seneste to \u00e5r, hvor Dorte var syg, gik vi i \u00c5lumskovene. Tidligere gik vi i Jylland, fra s\u00f8 til s\u00f8, fra kyst til kyst og ad de st\u00f8vede hedeveje &nbsp;\u2013&nbsp; altid til fods og forsynet med en barnevogn, nogle gode flasker vin, chokolade til k\u00f8lige dage og ellers det gode hum\u00f8r, som altid indfandt sig, n\u00e5r vi var sammen. Dorte, Annelise, Mona og mig. Vi fire. Vi han kendt hinanden altid, og ord var ikke s\u00e5 vigtige.<\/p>\n\n\n\n<p>Men nu gik jeg der alts\u00e5 igen. Og jeg t\u00e6nkte p\u00e5 dem. Og l\u00e6ngslen sled i hjertet \u2013 men det var jo en l\u00e6ngsel efter det tabte. Nostalgi kalder man det vist, men det d\u00e6kker slet ikke det, der skete der. Nostalgi er stille vemod, men jeg fik en voldsom lyst til at gr\u00e6de og rykke tr\u00e6erne op med rode og sk\u00e6lde Gud huden fuld. For hvad lignede det, at de var taget fra mig? Hvorfor? Og hvor er hun nu, min k\u00e6rlige og sjove s\u00f8ster? Og jeg f\u00f8lte ikke bare, at jeg havde tabt, men at jeg var fortabt. Og at jeg havde svigtet der, hvor jeg burde have st\u00e5et klar.<\/p>\n\n\n\n<p>Dorte d\u00f8de. Hanne d\u00f8de. Med Hanne gik vi andre ture. Lige den sommerdag i Hj\u00f8rring havde jeg en s\u00e6r fornemmelse af, at alt skete for sidste gang, og jeg f\u00f8lte en stor \u00f8mhed for min s\u00f8ster og ville gerne have vlst hende ( sagt hende) at jeg elskede hende, men jeg fandt ikke ordene og var bare mit vanlige pjatrede jeg. Hende de andre kendte og som fik alle til at grine.&nbsp;&nbsp;&nbsp;&nbsp;&nbsp;&nbsp;&nbsp;&nbsp;&nbsp;<\/p>\n\n\n\n<p>Der var s\u00e5 meget, vi aldrig fik sagt. Og m\u00e5ske er ordene ikke s\u00e5 vigtige, det fors\u00f8ger jeg at tr\u00f8ste mig med. . M\u00e5ske var det godt nok, at vi bare gik sammen og sm\u00e5snakkede om ingenting.<\/p>\n\n\n\n<p>Dorte. Min sidste vandring med Dorte. Vestervellingbakken. Og vi besteg den ene to. &nbsp;(Mona var der ikke den sidste sommer, og Annelise var for tr\u00e6t). Jeg har besteget denne \u201dbjergtop\u201d mange gange siden, og hver gang har jeg t\u00e6nkt p\u00e5 Dorte og den utrolige vilje, hun besad den dag. Hun <em>ville<\/em> til toppen. Og hun kom det.&nbsp; Vi stod der og s\u00e5 ned over \u00e5dalen og sagde ingenting, og pludselig havde jeg en stor lyst til at omfavne hende og holde hende helt t\u00e6t ind til mig og sige, at hun ikke skulle v\u00e6re s\u00e5 bange, at jeg var der og at jeg ville f\u00f8lge hende altid. Ogs\u00e5 efter d\u00f8den. Der ville vi genfinde hinanden i lyset. Hos Gud. Men jeg turde ikke.<\/p>\n\n\n\n<figure class=\"wp-block-image size-large is-resized\"><img loading=\"lazy\" decoding=\"async\" width=\"849\" height=\"1024\" src=\"https:\/\/blog.hesselholt.com\/wp-content\/uploads\/2025\/01\/20211020_110421-849x1024.jpg\" alt=\"\" class=\"wp-image-11166\" style=\"width:335px;height:auto\" srcset=\"https:\/\/blog.hesselholt.com\/wp-content\/uploads\/2025\/01\/20211020_110421-849x1024.jpg 849w, https:\/\/blog.hesselholt.com\/wp-content\/uploads\/2025\/01\/20211020_110421-249x300.jpg 249w, https:\/\/blog.hesselholt.com\/wp-content\/uploads\/2025\/01\/20211020_110421-768x926.jpg 768w, https:\/\/blog.hesselholt.com\/wp-content\/uploads\/2025\/01\/20211020_110421.jpg 955w\" sizes=\"auto, (max-width: 849px) 100vw, 849px\" \/><\/figure>\n\n\n\n<p>Hanne<\/p>\n\n\n\n<figure class=\"wp-block-image size-large is-resized\"><img loading=\"lazy\" decoding=\"async\" width=\"1024\" height=\"768\" src=\"https:\/\/blog.hesselholt.com\/wp-content\/uploads\/2025\/01\/soestrene-vandrer-1024x768.jpg\" alt=\"\" class=\"wp-image-11169\" style=\"width:342px;height:auto\" srcset=\"https:\/\/blog.hesselholt.com\/wp-content\/uploads\/2025\/01\/soestrene-vandrer-1024x768.jpg 1024w, https:\/\/blog.hesselholt.com\/wp-content\/uploads\/2025\/01\/soestrene-vandrer-300x225.jpg 300w, https:\/\/blog.hesselholt.com\/wp-content\/uploads\/2025\/01\/soestrene-vandrer-768x576.jpg 768w, https:\/\/blog.hesselholt.com\/wp-content\/uploads\/2025\/01\/soestrene-vandrer-1536x1152.jpg 1536w, https:\/\/blog.hesselholt.com\/wp-content\/uploads\/2025\/01\/soestrene-vandrer-400x300.jpg 400w, https:\/\/blog.hesselholt.com\/wp-content\/uploads\/2025\/01\/soestrene-vandrer.jpg 1600w\" sizes=\"auto, (max-width: 1024px) 100vw, 1024px\" \/><\/figure>\n\n\n\n<p>Annelise, Mona og Dorte<\/p>\n","protected":false},"excerpt":{"rendered":"<p>L\u00c6NGSEL L\u00e6ngslen. Ja, den er ikke til at komme udenom. Men det skal vi m\u00e5ske heller ikke. Vi skal m\u00e5ske trygt l\u00e6gge os til hvile i den. Mon ikke? Det vil jeg t\u00e6nke lidt over, inden jeg lige akkurat r\u00e5ber &hellip; <a href=\"https:\/\/blog.hesselholt.com\/index.php\/2025\/01\/23\/laengsel\/\">L\u00e6s resten <span class=\"meta-nav\">&rarr;<\/span><\/a><\/p>\n","protected":false},"author":3,"featured_media":0,"comment_status":"open","ping_status":"open","sticky":false,"template":"","format":"standard","meta":{"footnotes":""},"categories":[10,24],"tags":[],"class_list":["post-11150","post","type-post","status-publish","format-standard","hentry","category-erindringer","category-stort-og-smat-om-lidt-forskelligt"],"_links":{"self":[{"href":"https:\/\/blog.hesselholt.com\/index.php\/wp-json\/wp\/v2\/posts\/11150","targetHints":{"allow":["GET"]}}],"collection":[{"href":"https:\/\/blog.hesselholt.com\/index.php\/wp-json\/wp\/v2\/posts"}],"about":[{"href":"https:\/\/blog.hesselholt.com\/index.php\/wp-json\/wp\/v2\/types\/post"}],"author":[{"embeddable":true,"href":"https:\/\/blog.hesselholt.com\/index.php\/wp-json\/wp\/v2\/users\/3"}],"replies":[{"embeddable":true,"href":"https:\/\/blog.hesselholt.com\/index.php\/wp-json\/wp\/v2\/comments?post=11150"}],"version-history":[{"count":6,"href":"https:\/\/blog.hesselholt.com\/index.php\/wp-json\/wp\/v2\/posts\/11150\/revisions"}],"predecessor-version":[{"id":11173,"href":"https:\/\/blog.hesselholt.com\/index.php\/wp-json\/wp\/v2\/posts\/11150\/revisions\/11173"}],"wp:attachment":[{"href":"https:\/\/blog.hesselholt.com\/index.php\/wp-json\/wp\/v2\/media?parent=11150"}],"wp:term":[{"taxonomy":"category","embeddable":true,"href":"https:\/\/blog.hesselholt.com\/index.php\/wp-json\/wp\/v2\/categories?post=11150"},{"taxonomy":"post_tag","embeddable":true,"href":"https:\/\/blog.hesselholt.com\/index.php\/wp-json\/wp\/v2\/tags?post=11150"}],"curies":[{"name":"wp","href":"https:\/\/api.w.org\/{rel}","templated":true}]}}