{"id":11014,"date":"2024-07-14T21:25:10","date_gmt":"2024-07-14T19:25:10","guid":{"rendered":"https:\/\/blog.hesselholt.com\/?p=11014"},"modified":"2024-08-06T22:20:17","modified_gmt":"2024-08-06T20:20:17","slug":"janus-farfar","status":"publish","type":"post","link":"https:\/\/blog.hesselholt.com\/index.php\/2024\/07\/14\/janus-farfar\/","title":{"rendered":"JANUS. FARFAR"},"content":{"rendered":"<div class=\"wp-block-image\">\n<figure class=\"aligncenter size-full\"><img loading=\"lazy\" decoding=\"async\" width=\"179\" height=\"215\" src=\"https:\/\/blog.hesselholt.com\/wp-content\/uploads\/2024\/07\/Janus-Hesselholt-001-219x3001-1.jpg\" alt=\"\" class=\"wp-image-11015\"\/><\/figure>\n<\/div>\n\n\n<p>K\u00e6re Farfar<\/p>\n\n\n\n<p>K\u00e6re Janus. Jeg har aldrig kendt dig, og alligevel synes jeg, at du ikke er s\u00e5 langt borte. At jeg p\u00e5 en m\u00e5de kan n\u00e5 dig.<\/p>\n\n\n\n<p>Hvordan kan det v\u00e6re?<\/p>\n\n\n\n<p>Engang for \u00e5r tilbage skrev jeg en bog om Hulsig, og mest handlede den om din g\u00e5rd og om vores familie, og lige der havde jeg brug for at kende dig, at forst\u00e5, hvad det var der r\u00f8rte sig i dig. Og jeg greb jo til fiktionen og fors\u00f8gte ad den vej at n\u00e6rme mig den mand, der var min farfar.<\/p>\n\n\n\n<p>Der er s\u00e5 meget, der er skjult for eftertiden. Meget skulle med vilje skjules. Og s\u00e5 gravede jeg s\u00e5 dybt jeg kunne. Og noget fandt jeg. Noget ved jeg, som du og dine ikke ville vide dengang. &nbsp;&nbsp;&nbsp;<\/p>\n\n\n\n<p>Janus. Mon dine for\u00e6ldre t\u00e6nkte over, at dit navn stammer fra guden med de to hoveder. At det peger p\u00e5 en splittelse. Janus, det er ham, der ser ind i fortiden og ud i fremtiden, splittet mellem det, der var og det der skal komme.<\/p>\n\n\n\n<p>Vidste de mon det, da de valgte navnet? &nbsp;&nbsp;<\/p>\n\n\n\n<p>Din far, Lars, var st\u00e6rk. Han var kendt for sin styrke. En anekdote fort\u00e6ller, at han kunne l\u00f8fte en stenb\u00e6nk, som ingen andre kunne rokke af stedet. Og han stolede p\u00e5 sin styrke. S\u00e5 meget, at det kostede ham livet.<\/p>\n\n\n\n<p>S\u00e5 kunne folk bagefter sige, at han var sindssyg, at det var hul i hovedet at tro sig st\u00e6rk nok til at afv\u00e6rge intet mindre end en naturkatastrofe.<\/p>\n\n\n\n<p>Var han sindssyg?<\/p>\n\n\n\n<p>Janus, du var hans s\u00f8n. Og du var kun en dreng. Og du stod hos ham og gr\u00e6d inde i dig selv, mens han gravede og gravede. I tre d\u00f8gn slap han ikke skovlen. Han fors\u00f8gte for at fjerne de isskosser, der hindrede vandmasserne i at l\u00f8be i havet.<\/p>\n\n\n\n<p>Du stod der Janus og s\u00e5 p\u00e5 ham, mens han blev mindre og mindre, indtil han gav op. Han faldt om det tredje d\u00f8gn. &nbsp;&nbsp;<\/p>\n\n\n\n<p>Tre dage og tre n\u00e6tter, hvor du stod hos ham. Du ville v\u00e6re der, selv om din mor fors\u00f8gte at f\u00e5 dig v\u00e6k fra din rasende far.<\/p>\n\n\n\n<p>Det var jo ikke imod dig, han rasede. Det var for dig.<\/p>\n\n\n\n<p>Han satte alle sine kr\u00e6fter ind for at trodse den natur, der truede med at udslette alt det, han havde k\u00e6mpet for hele livet. &nbsp;<\/p>\n\n\n\n<p>Du var kun en dreng.&nbsp; &nbsp;<\/p>\n\n\n\n<p>Han d\u00f8de jo, for ingen kunne overleve det projekt, han havde givet sig selv: at k\u00e6mpe mod selveste SYNDFLODEN.<\/p>\n\n\n\n<p>Og Kirsten. Din mor. Hun stod alene med to drenge. Du var den \u00e6ldste. Og du var stor og st\u00e6rk og smuk. Og hun satte al sin lid til dig, og hun blev ikke skuffet. Du levede op til alle hendes dr\u00f8mme og forventninger.<\/p>\n\n\n\n<p>Hun ville, at du skulle blive det fineste og dygtigste menneske p\u00e5 egnen. Og det blev du. Din g\u00e5rd blev egnens st\u00f8rste og mest veldrevne.<\/p>\n\n\n\n<p>Du blev storbonde. Du blev valgt ind i alle bestyrelser. Man havde tillid til dig. Lod dig bestyre sparekasse og slagteri og mejeri og skole og kirke. Alle vegne satte du dit aftryk. Og da du d\u00f8de, var aviserne fulde af lovord.<\/p>\n\n\n\n<p>Janus. Ham med de to hoveder.<\/p>\n\n\n\n<p>Jeg fors\u00f8ger at forst\u00e5. Din far satte livet til, det blev aldrig n\u00e6vnt som selvmord, men for dig, for den dreng, der stod ved siden af ham og tryglede ham om at l\u00e6gge skovlen fra sig, var det vel et selvmord, han var vidne til.<\/p>\n\n\n\n<p>Hans far i kamp mod SYNDFLODEN.<\/p>\n\n\n\n<p>Du blev s\u00e5 dygtig, Janus. Det skulle du. Det var et krav, som din far havde stillet, og som din mor fulgte op, og som du forstod som absolut. Du m\u00e5tte ikke fejle.<\/p>\n\n\n\n<p>Jeg har l\u00e6st dine dagb\u00f8ger fra ungdommen. Du var altid bange for at tr\u00e6de ved siden af. Du ville hele din ungdom f\u00f8lge renhedens og retf\u00e6rdighedens vej og ikke vige fra den. Skr\u00f8belighed, \u00e5ndens og k\u00f8dets skr\u00f8belighed frygtede du mere end noget andet, for du vidste jo, at den skr\u00f8belighed l\u00e5 i dig, og du bad Gud give dig styrke.<\/p>\n\n\n\n<p>Fri mig fra synd. S\u00e5dan bad du.<\/p>\n","protected":false},"excerpt":{"rendered":"<p>K\u00e6re Farfar K\u00e6re Janus. Jeg har aldrig kendt dig, og alligevel synes jeg, at du ikke er s\u00e5 langt borte. At jeg p\u00e5 en m\u00e5de kan n\u00e5 dig. Hvordan kan det v\u00e6re? Engang for \u00e5r tilbage skrev jeg en bog &hellip; <a href=\"https:\/\/blog.hesselholt.com\/index.php\/2024\/07\/14\/janus-farfar\/\">L\u00e6s resten <span class=\"meta-nav\">&rarr;<\/span><\/a><\/p>\n","protected":false},"author":3,"featured_media":0,"comment_status":"open","ping_status":"open","sticky":false,"template":"","format":"standard","meta":{"footnotes":""},"categories":[10],"tags":[],"class_list":["post-11014","post","type-post","status-publish","format-standard","hentry","category-erindringer"],"_links":{"self":[{"href":"https:\/\/blog.hesselholt.com\/index.php\/wp-json\/wp\/v2\/posts\/11014","targetHints":{"allow":["GET"]}}],"collection":[{"href":"https:\/\/blog.hesselholt.com\/index.php\/wp-json\/wp\/v2\/posts"}],"about":[{"href":"https:\/\/blog.hesselholt.com\/index.php\/wp-json\/wp\/v2\/types\/post"}],"author":[{"embeddable":true,"href":"https:\/\/blog.hesselholt.com\/index.php\/wp-json\/wp\/v2\/users\/3"}],"replies":[{"embeddable":true,"href":"https:\/\/blog.hesselholt.com\/index.php\/wp-json\/wp\/v2\/comments?post=11014"}],"version-history":[{"count":2,"href":"https:\/\/blog.hesselholt.com\/index.php\/wp-json\/wp\/v2\/posts\/11014\/revisions"}],"predecessor-version":[{"id":11031,"href":"https:\/\/blog.hesselholt.com\/index.php\/wp-json\/wp\/v2\/posts\/11014\/revisions\/11031"}],"wp:attachment":[{"href":"https:\/\/blog.hesselholt.com\/index.php\/wp-json\/wp\/v2\/media?parent=11014"}],"wp:term":[{"taxonomy":"category","embeddable":true,"href":"https:\/\/blog.hesselholt.com\/index.php\/wp-json\/wp\/v2\/categories?post=11014"},{"taxonomy":"post_tag","embeddable":true,"href":"https:\/\/blog.hesselholt.com\/index.php\/wp-json\/wp\/v2\/tags?post=11014"}],"curies":[{"name":"wp","href":"https:\/\/api.w.org\/{rel}","templated":true}]}}