{"id":10933,"date":"2024-05-01T13:50:05","date_gmt":"2024-05-01T11:50:05","guid":{"rendered":"https:\/\/blog.hesselholt.com\/?p=10933"},"modified":"2024-05-01T13:58:30","modified_gmt":"2024-05-01T11:58:30","slug":"naturen-2","status":"publish","type":"post","link":"https:\/\/blog.hesselholt.com\/index.php\/2024\/05\/01\/naturen-2\/","title":{"rendered":"NATUREN"},"content":{"rendered":"\n<p>Jeg har b\u00e5de l\u00e6st og h\u00f8rt om den danske forfatter Andrea Hejlskovs liv i de svenske skove. Det er en \u00e6ldgammel dr\u00f8m om at leve enkelt og alternativt i forhold til det kapitalistiske samfunds krav og k\u00e5r, en dr\u00f8m, som hun sammen med sin familie realiserede for \u00e5r tilbage og har fortalt om og skrevet om siden.<\/p>\n\n\n\n<p>I f\u00f8lgende blogindl\u00e6g vil jeg fort\u00e6lle om en af foregangsm\u00e6ndene til dette eventyr, nemlig amerikaneren Henry Thoreau, der i \u00e5rene 1847 og 1848 levede i en amerikansk skov Walden. Det var for ham ikke et valg om definitivt at tr\u00e6de ud af samfundet, det svarer n\u00e6rmere til vor tids trend med at \u201dg\u00e5 i retr\u00e6te\u201d for en tid. Her alts\u00e5 i to \u00e5r. Og de erfaringer, han gjorde sig, blev til bogen: &#8220;Walden \u2013 Livet i Skovene.&#8221;<\/p>\n\n\n\n<p>Men her f\u00f8rst et citat fra Andrea Heljskovs fort\u00e6lling om sit \u201deksperiment\u201d \u2013 i anf\u00f8rselstegn, fordi det nok er et mere permanent livsvalg, hvorimod det for Thoreau var og blev et eksperiment:<\/p>\n\n\n\n<p><strong><em>Vi har meldt&nbsp;<\/em><\/strong><em>os ud af det kapitalistiske samfund, men vi har ikke meldt os ud af f\u00e6llesskabet. Jeg er meget optaget af klima, social ulighed og politik. Jeg er ogs\u00e5 meget solidarisk, men man kan ikke v\u00e6re solidarisk med alle. N\u00e5r jeg siger til mine foredrag, at samfundet er p\u00e5 vej ud over afgrunden, nikker folk. Jeg er blevet overrasket over, hvor mange der l\u00e6nges v\u00e6k. Problemet er, at man ikke m\u00e5 lave et alternativ til samfundet, som vi kender det. Men lad os da fikse det, der er g\u00e5et galt i stedet for at lukke \u00f8jnene for det. Der er ikke nogen anden vej ud end den, man selv finder. Og det er det, jeg pr\u00f8ver p\u00e5 nu.<\/em><\/p>\n\n\n\n<p><strong><em>Jeg var ikke forberedt&nbsp;<\/em><\/strong><em>p\u00e5, at jeg ville blive dyrket som en guru, og vidste ikke rigtig, hvordan jeg skulle h\u00e5ndtere folks projiceringer. Folk, der synes, at vi er helte. Det er det, jeg har oplevet som noget af det sv\u00e6reste. For jeg er jo bare en idiot, der ville leve et andet liv. Jeg ser ikke s\u00e5 meget mig selv som foregangskvinde, men mere som en mellemmand, der fort\u00e6ller om livet i skoven. Fordi jeg bare kommunikerer, hvad mange har gjort f\u00f8r mig. At st\u00e5 af r\u00e6set og flytte ud i naturen. Der bor mange mennesker i skoven, ogs\u00e5 unge, der bos\u00e6tter sig derude, fordi de har en dr\u00f8m om at v\u00e6re autentiske. Folk ved det bare ikke, fordi der ikke er nogen, der taler om det. Men uligheden stiger jo, s\u00e5 det er kun et sp\u00f8rgsm\u00e5l om tid, f\u00f8r der kommer flere. Nogle flygter fra \u00f8konomisk undergang og fattigdom, andre ops\u00f8ger kreativitet. Der er mange forskellige mennesker herude.<\/em><\/p>\n\n\n\n<p><strong><em>Folk har en meget\u00a0<\/em><\/strong><em>fast forestilling om, hvordan det er at bo i skoven. At det er ren lykke, hold k\u00e6ft, og v\u00e6r smuk, harmoni og balance. Men hvorfor m\u00e5 man ikke komme tilbage en gang imellem eller have en blog, hvor man skriver om livet i skoven? Hvorfor skal man v\u00e6re mod teknologi for at v\u00e6re \u00e9t med naturen? Og hvorfor m\u00e5 man ikke g\u00e5 op i sk\u00f8nhed? \u00c6stetik er et overskud, som jeg tillader mig selv igen, nu hvor alt ikke l\u00e6ngere handler om overlevelse. Nu har vi f\u00e5et vores bj\u00e6lkehytte op at st\u00e5 og er blevet selvforsynende. Vi har v\u00e6ret igennem vildt mange kriser, fordi vi har sat sp\u00f8rgsm\u00e5lstegn ved alt. Og derfor har jeg ogs\u00e5 lyst til at indrette vores bj\u00e6lkehytte, selv om jeg aldrig kunne dr\u00f8mme om at k\u00f8be noget. \u00c6stetik er overskud, og det kan du ikke k\u00f8be dig til.<\/em><\/p>\n\n\n\n<p> Ovenst\u00e5ende citat er fra nettet, hvor hun skriver mere om sit eksperiment, og det er v\u00e6rd at l\u00e6se om, ligesom hendes bog &#8220;Den store Flugt&#8221; er en flot skildring af hele eksperimentet.<\/p>\n\n\n\n<p>Jeg ved ikke, om Hejlskov er inspireret af Thoreau, men de finder samme vej ud af et system, som de foragter og helst vil vende ryggen. Det bliver s\u00e5 til et liv i skovene = i naturen. Thoreau er romantiker, som de fleste \u00e5ndsmennesker var det i f\u00f8rste del af 1800tallet, men han er ogs\u00e5 i moderne. Forholder sig analytisk til sin omverden og i sin egen selvforst\u00e5else er han videnskabsmand (= &nbsp;filosof? naturvidenskabsmand? lidt af hvert). Han iagttager og noterer og konkluderer, og meget af det, han n\u00e5r frem til, er brugelig viden for os i dag, eller i al fald kan det bruges som en kilde til inspiration, og det har det jo v\u00e6ret i snart et par hundrede \u00e5r.<\/p>\n\n\n\n<p>Jeg vil citere et sted fra \u201dWalden\u201d hvor han skriver om sin foragt for den dygtige landmand = den, som har opn\u00e5et at drive et m\u00f8nsterbrug og tjent mange penge p\u00e5 det. Her er der direkte paralleller til vor tid storb\u00f8nder, der ogs\u00e5 f\u00f8rst og fremmest t\u00e6nker p\u00e5 profit og udnyttelse af naturen frem for at beundre og \u00e6re den.<\/p>\n\n\n\n<p>Tankerne om m\u00f8nsterbondens h\u00e6rgen i og hersken over naturen kommer til ham, mens han kigger ud over en s\u00f8 og bliver betaget af synet. S\u00f8en har navn efter den bonde, der \u201dejer\u201d den og hedder derfor \u201dFlint\u2019s Pond\u201d \u2013 og det forarges han over:<\/p>\n\n\n\n<p>(Citat side 178)<\/p>\n\n\n\n<p><em>Flint\u2019s Pond! S\u00e5 fattig er vores navngivning. Med hvilken ret har den smudsige og ubegavede bondemand, hvis jorder st\u00f8dte op til dette himmelvand, hvis bredder han hensynsl\u00f8st har ribbet for bevoksning, givet den sit navn? En flinth\u00e5rd gnier, som holdt mere af en spejlblank dollar eller en nysl\u00e5et cent, som han kunne betragte sig eget kobberr\u00f8de ansigt i, som ans\u00e5 selv de vild\u00e6nder der levede i den for uvedkommende som kr\u00e6nkede hans ejendomsret; og hvis fingre var blevet krumme og hornede som rovfuglekl\u00f8er af i \u00e5revis at have grebet gr\u00e5digt efter bytte p\u00e5 harpyisk vis &#8211; \u2026<\/em><\/p>\n\n\n\n<p>Og videre ( citat side179 Om s\u00f8en)<\/p>\n\n\n\n<ul class=\"wp-block-list\">\n<li><em>Han, der ikke havde tanke for andet end dens (=s\u00f8ens) v\u00e6rdi i penge, hvis tilstedev\u00e6relse m\u00e5ske lagde en forbandelse over hele bredden, som udpinte jorden omkring den og hellere end gerne ville have udpint vandet i det; som kun var fortr\u00e6delig over at der intet forsonende var ved den \u2013 og som ville have t\u00f8rlagt den og solgt den for mudderet p\u00e5 bunden. Den drev ikke hans m\u00f8lle, og for ham var det ikke nogen god forretning at betragte den. Jeg har ingen respekt for den der ejer en g\u00e5rd hvor alting har sin pris, for den som ville fragte landskabet, ja, sin Gud til marked hvis han kunne f\u00e5 noget for ham, som i virkeligheden tilbeder markedet som en gud; p\u00e5 hvis g\u00e5rd ingenting kan vokse gratis, hvis marker ikke b\u00e6rer afgr\u00f8der, hvis enge ikke b\u00e6rer blomster, hvis tr\u00e6er ikke b\u00e6rer frugt, men dollars; som ikke elsker sine frugters sk\u00f8nhed, som ikke anser sine frugter for modne f\u00f8r de er forvandlet til dollars.\u00a0 \u2026<\/em><\/li>\n\n\n\n<li><em>En m\u00f8nsterg\u00e5rd, hvis bygninger skyder frem som svampe p\u00e5 en m\u00f8dding, med rum til mennesker, heste, k\u00f8er, svin, med og uden grebning, alle forbundet med hinanden! En stald for mennesker! En stor fedtplet, duftende af g\u00f8dning og k\u00e6rnem\u00e6lk! Dyrket efter alle kunstens regler, g\u00f8det med menneskers hjerter og hjerner! Som om man ville dyrke kartofler p\u00e5 en kirkeg\u00e5rd! S\u00e5dan er en m\u00f8nsterg\u00e5rd.<\/em><\/li>\n<\/ul>\n\n\n\n<p>Ja, den f\u00e5r ikke for lidt. Jeg vil helst tro, at en moderne landmand ikke ligner ovenst\u00e5ende, og at han inddrager naturen i sit arbejde. Men jeg er ikke sikker. Kender ikke s\u00e5 mange landm\u00e6nd, og jeg kan mest have ondt af dem, fordi de i dag vist nok k\u00e6mper en h\u00e5rd kamp  for at overleve p\u00e5 konkurrencesamfundets og kapitalismens og liberalismens benh\u00e5rde vilk\u00e5r. Den landmand, der oprigtigt holder af livet i den friske luft og af sine dyr og blomster og i det hele taget er \u00e5ben for naturens sk\u00f8nhed, han findes sikkert stadig. Og jeg holder af ham. Fordi han holder af jorden. Og fordi det er en dyd i min verden at dyrke jorden og i forening med naturen skabe liv og sk\u00f8nhed og n\u00e5 ja: livsforn\u00f8denheder som mad og drikke.<\/p>\n\n\n\n<figure class=\"wp-block-image size-large\"><img loading=\"lazy\" decoding=\"async\" width=\"1024\" height=\"768\" src=\"https:\/\/blog.hesselholt.com\/wp-content\/uploads\/2024\/05\/solstraaler-i-skoven-1024x768.jpg\" alt=\"\" class=\"wp-image-10938\" srcset=\"https:\/\/blog.hesselholt.com\/wp-content\/uploads\/2024\/05\/solstraaler-i-skoven-1024x768.jpg 1024w, https:\/\/blog.hesselholt.com\/wp-content\/uploads\/2024\/05\/solstraaler-i-skoven-300x225.jpg 300w, https:\/\/blog.hesselholt.com\/wp-content\/uploads\/2024\/05\/solstraaler-i-skoven-768x576.jpg 768w, https:\/\/blog.hesselholt.com\/wp-content\/uploads\/2024\/05\/solstraaler-i-skoven-1536x1152.jpg 1536w, https:\/\/blog.hesselholt.com\/wp-content\/uploads\/2024\/05\/solstraaler-i-skoven-400x300.jpg 400w, https:\/\/blog.hesselholt.com\/wp-content\/uploads\/2024\/05\/solstraaler-i-skoven.jpg 1600w\" sizes=\"auto, (max-width: 1024px) 100vw, 1024px\" \/><\/figure>\n","protected":false},"excerpt":{"rendered":"<p>Jeg har b\u00e5de l\u00e6st og h\u00f8rt om den danske forfatter Andrea Hejlskovs liv i de svenske skove. Det er en \u00e6ldgammel dr\u00f8m om at leve enkelt og alternativt i forhold til det kapitalistiske samfunds krav og k\u00e5r, en dr\u00f8m, som &hellip; <a href=\"https:\/\/blog.hesselholt.com\/index.php\/2024\/05\/01\/naturen-2\/\">L\u00e6s resten <span class=\"meta-nav\">&rarr;<\/span><\/a><\/p>\n","protected":false},"author":3,"featured_media":0,"comment_status":"open","ping_status":"open","sticky":false,"template":"","format":"standard","meta":{"footnotes":""},"categories":[19,24,1],"tags":[],"class_list":["post-10933","post","type-post","status-publish","format-standard","hentry","category-mennesker-og-meninger","category-stort-og-smat-om-lidt-forskelligt","category-uncategorized"],"_links":{"self":[{"href":"https:\/\/blog.hesselholt.com\/index.php\/wp-json\/wp\/v2\/posts\/10933","targetHints":{"allow":["GET"]}}],"collection":[{"href":"https:\/\/blog.hesselholt.com\/index.php\/wp-json\/wp\/v2\/posts"}],"about":[{"href":"https:\/\/blog.hesselholt.com\/index.php\/wp-json\/wp\/v2\/types\/post"}],"author":[{"embeddable":true,"href":"https:\/\/blog.hesselholt.com\/index.php\/wp-json\/wp\/v2\/users\/3"}],"replies":[{"embeddable":true,"href":"https:\/\/blog.hesselholt.com\/index.php\/wp-json\/wp\/v2\/comments?post=10933"}],"version-history":[{"count":4,"href":"https:\/\/blog.hesselholt.com\/index.php\/wp-json\/wp\/v2\/posts\/10933\/revisions"}],"predecessor-version":[{"id":10940,"href":"https:\/\/blog.hesselholt.com\/index.php\/wp-json\/wp\/v2\/posts\/10933\/revisions\/10940"}],"wp:attachment":[{"href":"https:\/\/blog.hesselholt.com\/index.php\/wp-json\/wp\/v2\/media?parent=10933"}],"wp:term":[{"taxonomy":"category","embeddable":true,"href":"https:\/\/blog.hesselholt.com\/index.php\/wp-json\/wp\/v2\/categories?post=10933"},{"taxonomy":"post_tag","embeddable":true,"href":"https:\/\/blog.hesselholt.com\/index.php\/wp-json\/wp\/v2\/tags?post=10933"}],"curies":[{"name":"wp","href":"https:\/\/api.w.org\/{rel}","templated":true}]}}