{"id":10791,"date":"2024-03-04T17:03:09","date_gmt":"2024-03-04T16:03:09","guid":{"rendered":"https:\/\/blog.hesselholt.com\/?p=10791"},"modified":"2024-03-04T17:06:27","modified_gmt":"2024-03-04T16:06:27","slug":"tipoldemor-christiane","status":"publish","type":"post","link":"https:\/\/blog.hesselholt.com\/index.php\/2024\/03\/04\/tipoldemor-christiane\/","title":{"rendered":"Tipoldemor Christiane"},"content":{"rendered":"\n<figure class=\"wp-block-image size-large is-resized\"><img loading=\"lazy\" decoding=\"async\" width=\"809\" height=\"1024\" src=\"https:\/\/blog.hesselholt.com\/wp-content\/uploads\/2024\/03\/lars-bedstemor-001-809x1024.jpg\" alt=\"\" class=\"wp-image-10792\" style=\"width:614px;height:auto\" srcset=\"https:\/\/blog.hesselholt.com\/wp-content\/uploads\/2024\/03\/lars-bedstemor-001-809x1024.jpg 809w, https:\/\/blog.hesselholt.com\/wp-content\/uploads\/2024\/03\/lars-bedstemor-001-237x300.jpg 237w, https:\/\/blog.hesselholt.com\/wp-content\/uploads\/2024\/03\/lars-bedstemor-001-768x972.jpg 768w, https:\/\/blog.hesselholt.com\/wp-content\/uploads\/2024\/03\/lars-bedstemor-001.jpg 1048w\" sizes=\"auto, (max-width: 809px) 100vw, 809px\" \/><\/figure>\n\n\n\n<p>Jeg er ikke sl\u00e6gtsforsker, men en dag bliver jeg det m\u00e5ske. M\u00e5ske, for det ville v\u00e6re sk\u00f8nt at kunne hive de gamle aner ud af glemslen og s\u00e6tte dem p\u00e5 rad og r\u00e6kke. I al fald kan man jo finde navnene. <\/p>\n\n\n\n<p>Med anekdoterne ligger det nok mere tungt &#8211; de er for de flestes vedkommende sunket ned i glemslen &#8211; men enkelte er dog blevet tilbage. Min tipoldemor Christiane Kr\u00f8g er der skrevet lidt om, for det gjorde min onkel Lars i sin lille bog om Hulsig. Og det gjorde ogs\u00e5 den ber\u00f8mte folkemindesamler og lokalhistoriker Anders Peter Gaardboe fra \u00c5lb\u00e6k. <\/p>\n\n\n\n<p>Vi ved om Christiane, at hun var en dygtig kvinde, utr\u00e6ttelig i sit arbejde &#8211; Gaardboe skriver i en artikel om et bes\u00f8g p\u00e5 Kr\u00f8gg\u00e5rden, om hvordan hun, sk\u00f8nt han ankommer en sen nattetime fra et stormvejr, g\u00e5r ud i k\u00f8kkenet og tilbereder en velsmagende middag til den forkomne g\u00e6st. Og vi ved ogs\u00e5 fra Lars Hesselholts bog, at hun var overtroisk. Min tipoldefar begik selvmord, og hvert \u00e5r p\u00e5 hans d\u00f8dsdag h\u00f8rte hun ham tumle hvilel\u00f8st om p\u00e5 loftet.<\/p>\n\n\n\n<p>Og n\u00e5r man betragter portr\u00e6ttet af Christiane, kan man jo afl\u00e6se en del i ansigtet. Men det afh\u00e6nger m\u00e5ske af, hvem der betragter hende. Jeg synes, at jeg kan se en bister ung kvinde,  der nok skal vide at s\u00e6tte sin vilje igennem. Hendes datter, Min oldemor Marie Houkj\u00e6r, var af samme st\u00f8bning, har jeg h\u00f8rt. Og hun fik brug for det, for min oldefar Ole Houkj\u00e6r var en s\u00e6rdeles vredladen og barsk herre. <\/p>\n\n\n\n<p>Jeg spekulerer op, hvor de gener er blevet af?<\/p>\n\n\n\n<p>Jeg har desv\u00e6rre intet billede af min tipoldefar, Christian, og det er Christianes skyld, for der blev nemlig taget et billede af ham (m\u00e5ske det eneste), samtidig med at hun fik taget sit. Men ak! Christiane forlangte at f\u00e5 billedet med sig i graven. S\u00e5 der, i sandet p\u00e5 Hulsig kirkeg\u00e5rd endte portr\u00e6ttet, og nu kan vi kun g\u00e6tte.<\/p>\n\n\n\n<p>Efter sigerne, men jeg husker ikke mere, hvor jeg har l\u00e6st det, s\u00e5 blev Christian Kr\u00f8g foreviget i en l\u00e6sebog for skoleb\u00f8rn, der udkom engang i sidste halvdel af 1800tallet. Men den kan man nok ikke mere opdrive. Heri skulle han, efter hvad jeg har h\u00f8rt, fort\u00e6lle en sp\u00e6ndende historie om Hulsig og om g\u00e5rden Kr\u00f8g, som ogs\u00e5 blev kaldt &#8220;Hulsig&#8221; dengang. Om sandflugten og g\u00e5rdens flytning fra Tranestederne til Hulsig. <\/p>\n\n\n\n<p>M\u00e5ske finder jeg bogen en dag.<\/p>\n\n\n\n<p>Men jeg er ikke nogen forskertype<\/p>\n\n\n\n<p>S\u00e5 nej, det g\u00f8r jeg ikke.<\/p>\n","protected":false},"excerpt":{"rendered":"<p>Jeg er ikke sl\u00e6gtsforsker, men en dag bliver jeg det m\u00e5ske. M\u00e5ske, for det ville v\u00e6re sk\u00f8nt at kunne hive de gamle aner ud af glemslen og s\u00e6tte dem p\u00e5 rad og r\u00e6kke. I al fald kan man jo finde &hellip; <a href=\"https:\/\/blog.hesselholt.com\/index.php\/2024\/03\/04\/tipoldemor-christiane\/\">L\u00e6s resten <span class=\"meta-nav\">&rarr;<\/span><\/a><\/p>\n","protected":false},"author":3,"featured_media":0,"comment_status":"open","ping_status":"open","sticky":false,"template":"","format":"standard","meta":{"footnotes":""},"categories":[10,24],"tags":[],"class_list":["post-10791","post","type-post","status-publish","format-standard","hentry","category-erindringer","category-stort-og-smat-om-lidt-forskelligt"],"_links":{"self":[{"href":"https:\/\/blog.hesselholt.com\/index.php\/wp-json\/wp\/v2\/posts\/10791","targetHints":{"allow":["GET"]}}],"collection":[{"href":"https:\/\/blog.hesselholt.com\/index.php\/wp-json\/wp\/v2\/posts"}],"about":[{"href":"https:\/\/blog.hesselholt.com\/index.php\/wp-json\/wp\/v2\/types\/post"}],"author":[{"embeddable":true,"href":"https:\/\/blog.hesselholt.com\/index.php\/wp-json\/wp\/v2\/users\/3"}],"replies":[{"embeddable":true,"href":"https:\/\/blog.hesselholt.com\/index.php\/wp-json\/wp\/v2\/comments?post=10791"}],"version-history":[{"count":2,"href":"https:\/\/blog.hesselholt.com\/index.php\/wp-json\/wp\/v2\/posts\/10791\/revisions"}],"predecessor-version":[{"id":10795,"href":"https:\/\/blog.hesselholt.com\/index.php\/wp-json\/wp\/v2\/posts\/10791\/revisions\/10795"}],"wp:attachment":[{"href":"https:\/\/blog.hesselholt.com\/index.php\/wp-json\/wp\/v2\/media?parent=10791"}],"wp:term":[{"taxonomy":"category","embeddable":true,"href":"https:\/\/blog.hesselholt.com\/index.php\/wp-json\/wp\/v2\/categories?post=10791"},{"taxonomy":"post_tag","embeddable":true,"href":"https:\/\/blog.hesselholt.com\/index.php\/wp-json\/wp\/v2\/tags?post=10791"}],"curies":[{"name":"wp","href":"https:\/\/api.w.org\/{rel}","templated":true}]}}