{"id":10725,"date":"2023-11-24T18:57:09","date_gmt":"2023-11-24T17:57:09","guid":{"rendered":"https:\/\/blog.hesselholt.com\/?p=10725"},"modified":"2023-11-24T18:59:12","modified_gmt":"2023-11-24T17:59:12","slug":"om-at-gaa-i-staa-og-blive-der","status":"publish","type":"post","link":"https:\/\/blog.hesselholt.com\/index.php\/2023\/11\/24\/om-at-gaa-i-staa-og-blive-der\/","title":{"rendered":"OM AT G\u00c5 I ST\u00c5 &#8211; og blive der"},"content":{"rendered":"\n<p>I dag er en dag som alle andre og alligevel helt anderledes end alle andre. Tanker kommer og g\u00e5r, og nu kom den tanke til mig i dag, at jeg var g\u00e5et i st\u00e5.<\/p>\n\n\n\n<p>Jeg stod faktisk og arbejdede, mens tanken om stilstand kom luskende &#8211; jeg havde et godt greb om greben, for jeg var nemlig ved at vende den store h\u00f8je og herlige kompostdynge, som er vokset st\u00f8t hele sommeren, og som ikke ligefrem er en pryd for haven eller for nogen &#8211; ikke engang for mit \u00f8je tager den sig nydelig ud. Men hvor kan jeg godt lide den &#8211; og n\u00e5r jeg pusler med den, har jeg det som en orm, der slippes l\u00f8s i en bunke nysl\u00e5et ukrudt. N\u00e5, det er nok en f\u00f8lelse, jeg deler med meget f\u00e5.  <\/p>\n\n\n\n<p>Pyt. Det er s\u00e5dan jeg har det. Lige nu i al fald. Gik derude og t\u00e6nkte p\u00e5 s\u00e5 meget, mens jeg vendte sommerens sm\u00e5rester af gr\u00f8nt og alle mulige kasserede v\u00e6kster. Som jo s\u00e5 ikke blev kasseret alligevel, for nu fik de et nyt liv i en ny kompostbunke, og til sommer flyver de ud i haven som gnask for de urter, der virkelig pryder.<\/p>\n\n\n\n<p>Men det var ikke min kompostbunke, jeg ville skrive om. Men om at g\u00e5 i st\u00e5. For pludselig blev jeg grebet af en stor ro, der godt kan ligne lykke. Tror jeg. En slags stille lykke. En gl\u00e6de ved at v\u00e6re g\u00e5et i st\u00e5. <\/p>\n\n\n\n<p>At g\u00e5 i st\u00e5 betyder at se p\u00e5 en ny m\u00e5de. Kingo skriver det s\u00e5 fint i en af sine salmer. Han skriver:&#8221; <em>Nu st\u00e5r jeg her med verden i mit \u00f8je.&#8221;<\/em><\/p>\n\n\n\n<p>Med verden i mit \u00f8je.<\/p>\n\n\n\n<p>Det er det, man kan g\u00f8re, n\u00e5r man st\u00e5r. Helt stille. Med verden i sit \u00f8je.<\/p>\n\n\n\n<p>Men nu skal jeg ned og se TV &#8211; for selv om jeg st\u00e5r stille, s\u00e5 bev\u00e6ger verden sig, og jeg f\u00f8lger den med interesse her fra mit st\u00e5sted. <\/p>\n\n\n\n<figure class=\"wp-block-image size-large\"><img loading=\"lazy\" decoding=\"async\" width=\"768\" height=\"1024\" src=\"https:\/\/blog.hesselholt.com\/wp-content\/uploads\/2023\/11\/haven-i-august-768x1024.jpg\" alt=\"\" class=\"wp-image-10728\" srcset=\"https:\/\/blog.hesselholt.com\/wp-content\/uploads\/2023\/11\/haven-i-august-768x1024.jpg 768w, https:\/\/blog.hesselholt.com\/wp-content\/uploads\/2023\/11\/haven-i-august-225x300.jpg 225w, https:\/\/blog.hesselholt.com\/wp-content\/uploads\/2023\/11\/haven-i-august-1152x1536.jpg 1152w, https:\/\/blog.hesselholt.com\/wp-content\/uploads\/2023\/11\/haven-i-august.jpg 1200w\" sizes=\"auto, (max-width: 768px) 100vw, 768px\" \/><\/figure>\n\n\n\n<p> Haven i august<\/p>\n","protected":false},"excerpt":{"rendered":"<p>I dag er en dag som alle andre og alligevel helt anderledes end alle andre. Tanker kommer og g\u00e5r, og nu kom den tanke til mig i dag, at jeg var g\u00e5et i st\u00e5. Jeg stod faktisk og arbejdede, mens &hellip; <a href=\"https:\/\/blog.hesselholt.com\/index.php\/2023\/11\/24\/om-at-gaa-i-staa-og-blive-der\/\">L\u00e6s resten <span class=\"meta-nav\">&rarr;<\/span><\/a><\/p>\n","protected":false},"author":3,"featured_media":0,"comment_status":"open","ping_status":"open","sticky":false,"template":"","format":"standard","meta":{"footnotes":""},"categories":[19,24],"tags":[],"class_list":["post-10725","post","type-post","status-publish","format-standard","hentry","category-mennesker-og-meninger","category-stort-og-smat-om-lidt-forskelligt"],"_links":{"self":[{"href":"https:\/\/blog.hesselholt.com\/index.php\/wp-json\/wp\/v2\/posts\/10725","targetHints":{"allow":["GET"]}}],"collection":[{"href":"https:\/\/blog.hesselholt.com\/index.php\/wp-json\/wp\/v2\/posts"}],"about":[{"href":"https:\/\/blog.hesselholt.com\/index.php\/wp-json\/wp\/v2\/types\/post"}],"author":[{"embeddable":true,"href":"https:\/\/blog.hesselholt.com\/index.php\/wp-json\/wp\/v2\/users\/3"}],"replies":[{"embeddable":true,"href":"https:\/\/blog.hesselholt.com\/index.php\/wp-json\/wp\/v2\/comments?post=10725"}],"version-history":[{"count":3,"href":"https:\/\/blog.hesselholt.com\/index.php\/wp-json\/wp\/v2\/posts\/10725\/revisions"}],"predecessor-version":[{"id":10730,"href":"https:\/\/blog.hesselholt.com\/index.php\/wp-json\/wp\/v2\/posts\/10725\/revisions\/10730"}],"wp:attachment":[{"href":"https:\/\/blog.hesselholt.com\/index.php\/wp-json\/wp\/v2\/media?parent=10725"}],"wp:term":[{"taxonomy":"category","embeddable":true,"href":"https:\/\/blog.hesselholt.com\/index.php\/wp-json\/wp\/v2\/categories?post=10725"},{"taxonomy":"post_tag","embeddable":true,"href":"https:\/\/blog.hesselholt.com\/index.php\/wp-json\/wp\/v2\/tags?post=10725"}],"curies":[{"name":"wp","href":"https:\/\/api.w.org\/{rel}","templated":true}]}}