{"id":10704,"date":"2023-11-23T21:17:40","date_gmt":"2023-11-23T20:17:40","guid":{"rendered":"https:\/\/blog.hesselholt.com\/?p=10704"},"modified":"2023-11-23T21:56:29","modified_gmt":"2023-11-23T20:56:29","slug":"alderdom-nu-igen-ugh","status":"publish","type":"post","link":"https:\/\/blog.hesselholt.com\/index.php\/2023\/11\/23\/alderdom-nu-igen-ugh\/","title":{"rendered":"ALDERDOM &#8211; NU IGEN &#8211; UGH &#8230;"},"content":{"rendered":"\n<figure class=\"wp-block-image size-large is-resized\"><img loading=\"lazy\" decoding=\"async\" width=\"1024\" height=\"768\" src=\"https:\/\/blog.hesselholt.com\/wp-content\/uploads\/2023\/11\/efteraar-i-Aalum-skov-1024x768.jpg\" alt=\"\" class=\"wp-image-10705\" style=\"width:625px;height:auto\" srcset=\"https:\/\/blog.hesselholt.com\/wp-content\/uploads\/2023\/11\/efteraar-i-Aalum-skov-1024x768.jpg 1024w, https:\/\/blog.hesselholt.com\/wp-content\/uploads\/2023\/11\/efteraar-i-Aalum-skov-300x225.jpg 300w, https:\/\/blog.hesselholt.com\/wp-content\/uploads\/2023\/11\/efteraar-i-Aalum-skov-768x576.jpg 768w, https:\/\/blog.hesselholt.com\/wp-content\/uploads\/2023\/11\/efteraar-i-Aalum-skov-1536x1152.jpg 1536w, https:\/\/blog.hesselholt.com\/wp-content\/uploads\/2023\/11\/efteraar-i-Aalum-skov-400x300.jpg 400w, https:\/\/blog.hesselholt.com\/wp-content\/uploads\/2023\/11\/efteraar-i-Aalum-skov.jpg 1600w\" sizes=\"auto, (max-width: 1024px) 100vw, 1024px\" \/><\/figure>\n\n\n\n<p>Vennelyst en efter\u00e5rsdag<\/p>\n\n\n\n<figure class=\"wp-block-image size-large is-resized\"><img loading=\"lazy\" decoding=\"async\" width=\"1024\" height=\"768\" src=\"https:\/\/blog.hesselholt.com\/wp-content\/uploads\/2023\/11\/efteraar-i-Aalum-12-1024x768.jpg\" alt=\"\" class=\"wp-image-10708\" style=\"width:614px;height:auto\" srcset=\"https:\/\/blog.hesselholt.com\/wp-content\/uploads\/2023\/11\/efteraar-i-Aalum-12-1024x768.jpg 1024w, https:\/\/blog.hesselholt.com\/wp-content\/uploads\/2023\/11\/efteraar-i-Aalum-12-300x225.jpg 300w, https:\/\/blog.hesselholt.com\/wp-content\/uploads\/2023\/11\/efteraar-i-Aalum-12-768x576.jpg 768w, https:\/\/blog.hesselholt.com\/wp-content\/uploads\/2023\/11\/efteraar-i-Aalum-12-1536x1152.jpg 1536w, https:\/\/blog.hesselholt.com\/wp-content\/uploads\/2023\/11\/efteraar-i-Aalum-12-400x300.jpg 400w, https:\/\/blog.hesselholt.com\/wp-content\/uploads\/2023\/11\/efteraar-i-Aalum-12.jpg 1600w\" sizes=\"auto, (max-width: 1024px) 100vw, 1024px\" \/><\/figure>\n\n\n\n<p>Spejldammen i Gammelhave<\/p>\n\n\n\n<figure class=\"wp-block-image size-large is-resized\"><img loading=\"lazy\" decoding=\"async\" width=\"1024\" height=\"768\" src=\"https:\/\/blog.hesselholt.com\/wp-content\/uploads\/2023\/11\/DSCN0808-1024x768.jpg\" alt=\"\" class=\"wp-image-10710\" style=\"width:614px;height:auto\" srcset=\"https:\/\/blog.hesselholt.com\/wp-content\/uploads\/2023\/11\/DSCN0808-1024x768.jpg 1024w, https:\/\/blog.hesselholt.com\/wp-content\/uploads\/2023\/11\/DSCN0808-300x225.jpg 300w, https:\/\/blog.hesselholt.com\/wp-content\/uploads\/2023\/11\/DSCN0808-768x576.jpg 768w, https:\/\/blog.hesselholt.com\/wp-content\/uploads\/2023\/11\/DSCN0808-1536x1152.jpg 1536w, https:\/\/blog.hesselholt.com\/wp-content\/uploads\/2023\/11\/DSCN0808-400x300.jpg 400w, https:\/\/blog.hesselholt.com\/wp-content\/uploads\/2023\/11\/DSCN0808.jpg 1600w\" sizes=\"auto, (max-width: 1024px) 100vw, 1024px\" \/><\/figure>\n\n\n\n<p>Min egen lille have.<\/p>\n\n\n\n<p> Et kig ud i vores skov og i vores have. Nu skriver jeg <em>vores<\/em>. Men det er jo vores f\u00e6lles natur, som den tager sig ud med alle efter\u00e5rsfarverne &#8211; eller &#8230; indr\u00f8mmet &#8230; det er lidt snyd, for bladene er jo faldet, og farverne er falmet, men billederne kommer alligevel her, for jeg har endnu ikke sluppet efter\u00e5ret, der str\u00e5lede for kort tid siden. Og det har kalenderen jo heller ikke. En uge igen, og s\u00e5 er det vinter. Men lad os dv\u00e6le lidt endnu ved farverne og gl\u00e6des over, at de ikke kun forsvinder, men kommer igen&#8230;. ligesom alt det andet. <\/p>\n\n\n\n<p>Det evige kredsl\u00f8b, det l\u00f8ber som en varm str\u00f8m i mit blod: denne bevidsthed om genkomst, at alt d\u00f8r og f\u00f8des. Som det st\u00e5r i Johannesevangeliet, kapitel 12 vers 24:  Hvis hvedekornet ikke l\u00e6gges i jorden og d\u00f8r, bliver det kun det ene korn, men hvis det d\u00f8r, b\u00e6rer det evig frugt ..<\/p>\n\n\n\n<p>Det er ikke let at blive gammel, is\u00e6r ikke set udefra. Nu hvor jeg er godt og vel inde i processen, synes jeg ikke, at det er s\u00e5 slemt, som det siges. I al fald er der hele tiden momenter af stor lykke. Ogs\u00e5 i alderdommen. Det synes jeg ikke kan gentages ofte nok.<\/p>\n\n\n\n<p>Og nu fik jeg s\u00e5 sagt det igen. Godt nok.<\/p>\n\n\n\n<p>Jeg h\u00f8rte en stump af Supertanker p\u00e5 p.1 forleden, og det handlede om d\u00f8dshj\u00e6lp set fra en d\u00f8dshj\u00e6lpers side, og hun var S\u00c5 sikker p\u00e5, at hun gav sine &#8220;kunder&#8221; en v\u00e6rdig d\u00f8d i ro og mag iscenesat som en hyggelig event. Sj\u00e6ldent har jeg h\u00f8rt noget mere uhyggeligt.<\/p>\n\n\n\n<p>Lad os leve med alle skavankerne, lad os leve med smerterne, lad os leve med alderdommens utallige svagheder.  MEN LAD OS LEVE.<\/p>\n\n\n\n<figure class=\"wp-block-image size-large\"><img loading=\"lazy\" decoding=\"async\" width=\"1024\" height=\"714\" src=\"https:\/\/blog.hesselholt.com\/wp-content\/uploads\/2023\/11\/DSC01889-1024x714.jpg\" alt=\"\" class=\"wp-image-10718\" srcset=\"https:\/\/blog.hesselholt.com\/wp-content\/uploads\/2023\/11\/DSC01889-1024x714.jpg 1024w, https:\/\/blog.hesselholt.com\/wp-content\/uploads\/2023\/11\/DSC01889-300x209.jpg 300w, https:\/\/blog.hesselholt.com\/wp-content\/uploads\/2023\/11\/DSC01889-768x536.jpg 768w, https:\/\/blog.hesselholt.com\/wp-content\/uploads\/2023\/11\/DSC01889-1536x1071.jpg 1536w, https:\/\/blog.hesselholt.com\/wp-content\/uploads\/2023\/11\/DSC01889-430x300.jpg 430w, https:\/\/blog.hesselholt.com\/wp-content\/uploads\/2023\/11\/DSC01889.jpg 1579w\" sizes=\"auto, (max-width: 1024px) 100vw, 1024px\" \/><\/figure>\n\n\n\n<p>M\u00f8lledammen i Fussing\u00f8<\/p>\n\n\n\n<p> <\/p>\n","protected":false},"excerpt":{"rendered":"<p>Vennelyst en efter\u00e5rsdag Spejldammen i Gammelhave Min egen lille have. Et kig ud i vores skov og i vores have. Nu skriver jeg vores. Men det er jo vores f\u00e6lles natur, som den tager sig ud med alle efter\u00e5rsfarverne &#8211; &hellip; <a href=\"https:\/\/blog.hesselholt.com\/index.php\/2023\/11\/23\/alderdom-nu-igen-ugh\/\">L\u00e6s resten <span class=\"meta-nav\">&rarr;<\/span><\/a><\/p>\n","protected":false},"author":3,"featured_media":0,"comment_status":"open","ping_status":"open","sticky":false,"template":"","format":"standard","meta":{"footnotes":""},"categories":[19,24],"tags":[],"class_list":["post-10704","post","type-post","status-publish","format-standard","hentry","category-mennesker-og-meninger","category-stort-og-smat-om-lidt-forskelligt"],"_links":{"self":[{"href":"https:\/\/blog.hesselholt.com\/index.php\/wp-json\/wp\/v2\/posts\/10704","targetHints":{"allow":["GET"]}}],"collection":[{"href":"https:\/\/blog.hesselholt.com\/index.php\/wp-json\/wp\/v2\/posts"}],"about":[{"href":"https:\/\/blog.hesselholt.com\/index.php\/wp-json\/wp\/v2\/types\/post"}],"author":[{"embeddable":true,"href":"https:\/\/blog.hesselholt.com\/index.php\/wp-json\/wp\/v2\/users\/3"}],"replies":[{"embeddable":true,"href":"https:\/\/blog.hesselholt.com\/index.php\/wp-json\/wp\/v2\/comments?post=10704"}],"version-history":[{"count":10,"href":"https:\/\/blog.hesselholt.com\/index.php\/wp-json\/wp\/v2\/posts\/10704\/revisions"}],"predecessor-version":[{"id":10724,"href":"https:\/\/blog.hesselholt.com\/index.php\/wp-json\/wp\/v2\/posts\/10704\/revisions\/10724"}],"wp:attachment":[{"href":"https:\/\/blog.hesselholt.com\/index.php\/wp-json\/wp\/v2\/media?parent=10704"}],"wp:term":[{"taxonomy":"category","embeddable":true,"href":"https:\/\/blog.hesselholt.com\/index.php\/wp-json\/wp\/v2\/categories?post=10704"},{"taxonomy":"post_tag","embeddable":true,"href":"https:\/\/blog.hesselholt.com\/index.php\/wp-json\/wp\/v2\/tags?post=10704"}],"curies":[{"name":"wp","href":"https:\/\/api.w.org\/{rel}","templated":true}]}}