{"id":10549,"date":"2023-06-26T14:50:04","date_gmt":"2023-06-26T12:50:04","guid":{"rendered":"https:\/\/blog.hesselholt.com\/?p=10549"},"modified":"2023-06-26T21:50:22","modified_gmt":"2023-06-26T19:50:22","slug":"naturen","status":"publish","type":"post","link":"https:\/\/blog.hesselholt.com\/index.php\/2023\/06\/26\/naturen\/","title":{"rendered":"NATUREN"},"content":{"rendered":"<div class=\"wp-block-image is-style-default\">\n<figure class=\"aligncenter size-full\"><img loading=\"lazy\" decoding=\"async\" width=\"161\" height=\"215\" src=\"https:\/\/blog.hesselholt.com\/wp-content\/uploads\/2015\/11\/630cd425-23f1-42b5-ba1e-281ea601858a1.jpg\" alt=\"\" class=\"wp-image-5281\"\/><\/figure>\n<\/div>\n\n\n<p> <strong>V<strong>elkommen til min blog,<\/strong>\u00a0der er en blanding af mangt og meget. Du kan orientere dig om indholdet p\u00e5 emnelisten ud til h\u00f8jre. Her kan du klikke dig ind p\u00e5 det emne, der m\u00e5ske kunne have din interesse. Jeg fort\u00e6ller f\u00f8rst og fremmest om de b\u00f8ger, jeg har skrevet, skriver p\u00e5 og m\u00e5ske vil skrive. Du kan s\u00e5ledes finde en del researchsider, idet siden ogs\u00e5 er en slags v\u00e6rksted for mig. Uf\u00e6rdige skrifter bliver her behandlet (mishandlet) til det bedre forh\u00e5bentlig. Vil du vide mere om forfatterens tanker om og tilgang til sit job , er der ogs\u00e5 en rubrik til det, \u201cforfatteren\u201d s\u00e5m\u00e6nd. Mere personlige oplysninger kan man finde p\u00e5 min hjemmeside www.hesselholt.com<\/strong> <\/p>\n\n\n\n<p><\/p>\n\n\n\n<p>Hvad er natur?<\/p>\n\n\n\n<p>Min f\u00f8rste tanke er, at natur er alt det, vi mennesker ikke har haft fingre i. Alt det vi ikke har lavet om fra natur til kultur.<\/p>\n\n\n\n<p>Tilbage til naturen! S\u00e5dan et slogan lancerede filosoffen Rousseau for snart 300 \u00e5r siden, og det mente han selvf\u00f8lgelig en masse med, men ikke lige det, vi forst\u00e5r ved det i dag. Han havde en luftig og romantisk opfattelse af f\u00e6nomenet natur. Noget \u00e5ndeligt og overjordisk, som vi havde tabt og skulle \u201dgenerobre\u201d. Faktisk endte hans ideer i blodige ugerninger: den franske revolution. &nbsp;<\/p>\n\n\n\n<p>Men lad Rousseau hvile \u2013 hans ideer f\u00f8rte meget med sig og alt var ikke lige godt, men det er en anden historie. Lad os kort kaste et blik p\u00e5, hvordan vi i dag forst\u00e5r \u201dnatur\u201d.<\/p>\n\n\n\n<p>Den er vel p\u00e5 sin vis kommet os n\u00e6rmere, samtidig med at vi er blevet fremmede for den. Lidt selvmodsigende, men dog ikke helt forkert, tror jeg. For samtidig med, at vores menneskeaktivitet truer med at udrydde store dele af naturen, er det vist nok g\u00e5et op for os, for flere af os i al fald, at vi er en del af den. Den er ikke noget uden for os. Den er noget inden i os. Og vi skal ikke genfinde den, for vi er allerede midt i den. Altid og alle vegne. <\/p>\n\n\n\n<p>For nogen tid siden l\u00e6ste jeg filosoffen Jostein Gaarders nye bog: \u201ddet er os der er her nu\u201d \u2013 en lille beretning om livet, stilet til hans b\u00f8rneb\u00f8rn. Og derfor yderst letforst\u00e5elig for os alle sammen. Her skriver han om en oplevelse, han havde som dreng. Han var faldet i s\u00f8vn midt p\u00e5 en lynghede, og da han v\u00e5gnede, havde han en slags \u00e5benbaring. Jeg citerer fra bogen (side 23):<\/p>\n\n\n\n<p><em>\u201dDet var der, at jeg pludselig m\u00e6rkede det i krop og sj\u00e6l, at jeg var natur \u2013 pr\u00e6cis som disse mikroskopiske kryb i mose og lyng. Snart fulgte en uddybende tanke: jeg var sammensat af de samme molekyler som alt det andet levende omkring mig. Repertoiret var forskelligt, men noderne var pr\u00e6cis de samme. \u2026 ..&nbsp;&nbsp; Der faldt en n\u00e6sten ubeskrivelig ro over mig, en uanet fred, som ikke havde noget med udhvilethed at g\u00f8re, for jeg havde sovet d\u00e5rligt. Men i l\u00f8bet af et kort sekund eller to slap jeg ligesom taget i mig selv og overgav mig til noget andet, noget st\u00f8rre og varmere.&nbsp; \u2026 jeg var ikke bare i naturen. Jeg var naturen.\u201d<\/em><\/p>\n\n\n\n<p>For et par dage siden h\u00f8rte jeg Svend Brinkmanns b\u00e5ltale, og han tager udgangspunkt i noget af det samme, som drengen dr\u00f8mte: at vi er en del af naturen. Han pointerede f.eks., at vi mennesker deler 60 % af vore gener med bananer og 60 % med tr\u00e6erne osv. ja, og med aberne deler vi 99 %. Kun en s\u00f8lle % skiller os fra aberne.<\/p>\n\n\n<div class=\"wp-block-image\">\n<figure class=\"aligncenter size-large is-resized\"><img loading=\"lazy\" decoding=\"async\" src=\"https:\/\/blog.hesselholt.com\/wp-content\/uploads\/2023\/06\/20230625_133333-768x1024.jpg\" alt=\"\" class=\"wp-image-10554\" width=\"334\" height=\"445\" srcset=\"https:\/\/blog.hesselholt.com\/wp-content\/uploads\/2023\/06\/20230625_133333-768x1024.jpg 768w, https:\/\/blog.hesselholt.com\/wp-content\/uploads\/2023\/06\/20230625_133333-225x300.jpg 225w, https:\/\/blog.hesselholt.com\/wp-content\/uploads\/2023\/06\/20230625_133333-1152x1536.jpg 1152w, https:\/\/blog.hesselholt.com\/wp-content\/uploads\/2023\/06\/20230625_133333.jpg 1200w\" sizes=\"auto, (max-width: 334px) 100vw, 334px\" \/><\/figure>\n<\/div>\n\n\n<p>Engen lige nu. Dejligt at vide sig i familie med dens v\u00e6kster.<\/p>\n\n\n\n<p>Og i de to forfatteres syn p\u00e5 os i forhold til naturen omkring os, ser vi efter min mening en ret ny m\u00e5de at forst\u00e5 os i forhold til naturen. Selv om vi kunne f\u00f8le os i samklang med den, s\u00e5 var den udenfor &#8211; vi m\u00e5tte &#8220;ud i den&#8221;, som Gitte siger i en af H\u00f8jholts Gittemonologer. Kl\u00f8ften har altid v\u00e6ret der, og vi skulle tage springet, n\u00e5r vi ville derud. <\/p>\n\n\n\n<p>I de \u00e6ldste skrifter (skabelsesberetningen) s\u00e6tter Gud os til at herske over alle v\u00e6sner p\u00e5 jorden. Og i de fleste senere tider har naturen v\u00e6ret betragtet som en fjendtlig magt, som man skulle kn\u00e6gte, t\u00f8jle og v\u00e6rne sig imod. Fjenden var overalt, n\u00e5r man forlod de muromkransede bosteder og borge og begav sig ud i det usikre og farlige, der var der ude i vildskaben: naturen. N\u00e5r man tog den ind, var det for at beherske den og omforme den, nemlig i haverne \u2013 s\u00e5 blev den klippet s\u00f8nder og sammen i skulpturel ukendelighed og forsynet med snorlige gange og geometriske figurer overalt i det kn\u00e6gtede landskab, som vi kalder haven. <\/p>\n\n\n\n<p>Denne tilb\u00f8jelighed til at ave den natur, man \u201dhaver inde\u201d , har vel ikke helt sluppet os. Havefolket har stadig sirlighed og rene linjer som ideal.<\/p>\n\n\n\n<p>Synet p\u00e5 naturen er dog p\u00e5 vej til at \u00e6ndre sig, ogs\u00e5 for havefolket: &#8220;vild med vilje&#8221; f.eks. Men ogs\u00e5 i bredere forstand. S\u00e5ledes undervises b\u00f8rn i dag i biodiversitet, og jeg er sikker p\u00e5, at ogs\u00e5 mennesker anvises deres rette plads i diversiteten af arter, s\u00e5 de sm\u00e5 hoveder f\u00e5r en anden opfattelse af forholdet mellem menneske og natur. \u00a0<\/p>\n\n\n\n<p>Men jeg ved det ikke.<\/p>\n\n\n\n<p>Selv synes jeg, at der er en fantastisk tanke, at vi indg\u00e5r i en sammenh\u00e6ng, der er s\u00e5 uendelig stor og ubegribelig, at man m\u00e5 svimle, men ogs\u00e5, at der er en tryghed i at vide, at det er s\u00e5dan, det er bestemt af Skaberen. For det tror jeg, det er. Men her mangler jeg en rationel forklaring. Det handler om tro. Og det er en anden historie. <\/p>\n\n\n\n<p><\/p>\n\n\n\n<figure class=\"wp-block-image size-large is-resized\"><img loading=\"lazy\" decoding=\"async\" src=\"https:\/\/blog.hesselholt.com\/wp-content\/uploads\/2023\/06\/DSCN2989-1024x768.jpg\" alt=\"\" class=\"wp-image-10551\" width=\"614\" height=\"460\" srcset=\"https:\/\/blog.hesselholt.com\/wp-content\/uploads\/2023\/06\/DSCN2989-1024x768.jpg 1024w, https:\/\/blog.hesselholt.com\/wp-content\/uploads\/2023\/06\/DSCN2989-300x225.jpg 300w, https:\/\/blog.hesselholt.com\/wp-content\/uploads\/2023\/06\/DSCN2989-768x576.jpg 768w, https:\/\/blog.hesselholt.com\/wp-content\/uploads\/2023\/06\/DSCN2989-1536x1152.jpg 1536w, https:\/\/blog.hesselholt.com\/wp-content\/uploads\/2023\/06\/DSCN2989-400x300.jpg 400w, https:\/\/blog.hesselholt.com\/wp-content\/uploads\/2023\/06\/DSCN2989.jpg 1600w\" sizes=\"auto, (max-width: 614px) 100vw, 614px\" \/><\/figure>\n\n\n\n<p>B\u00e5l i Tranestederne<\/p>\n","protected":false},"excerpt":{"rendered":"<p>Hvad er natur? Min f\u00f8rste tanke er, at natur er alt det, vi mennesker ikke har haft fingre i. Alt det vi ikke har lavet om fra natur til kultur. Tilbage til naturen! S\u00e5dan et slogan lancerede filosoffen Rousseau for &hellip; <a href=\"https:\/\/blog.hesselholt.com\/index.php\/2023\/06\/26\/naturen\/\">L\u00e6s resten <span class=\"meta-nav\">&rarr;<\/span><\/a><\/p>\n","protected":false},"author":3,"featured_media":0,"comment_status":"open","ping_status":"open","sticky":false,"template":"","format":"standard","meta":{"footnotes":""},"categories":[19,24],"tags":[],"class_list":["post-10549","post","type-post","status-publish","format-standard","hentry","category-mennesker-og-meninger","category-stort-og-smat-om-lidt-forskelligt"],"_links":{"self":[{"href":"https:\/\/blog.hesselholt.com\/index.php\/wp-json\/wp\/v2\/posts\/10549","targetHints":{"allow":["GET"]}}],"collection":[{"href":"https:\/\/blog.hesselholt.com\/index.php\/wp-json\/wp\/v2\/posts"}],"about":[{"href":"https:\/\/blog.hesselholt.com\/index.php\/wp-json\/wp\/v2\/types\/post"}],"author":[{"embeddable":true,"href":"https:\/\/blog.hesselholt.com\/index.php\/wp-json\/wp\/v2\/users\/3"}],"replies":[{"embeddable":true,"href":"https:\/\/blog.hesselholt.com\/index.php\/wp-json\/wp\/v2\/comments?post=10549"}],"version-history":[{"count":6,"href":"https:\/\/blog.hesselholt.com\/index.php\/wp-json\/wp\/v2\/posts\/10549\/revisions"}],"predecessor-version":[{"id":10561,"href":"https:\/\/blog.hesselholt.com\/index.php\/wp-json\/wp\/v2\/posts\/10549\/revisions\/10561"}],"wp:attachment":[{"href":"https:\/\/blog.hesselholt.com\/index.php\/wp-json\/wp\/v2\/media?parent=10549"}],"wp:term":[{"taxonomy":"category","embeddable":true,"href":"https:\/\/blog.hesselholt.com\/index.php\/wp-json\/wp\/v2\/categories?post=10549"},{"taxonomy":"post_tag","embeddable":true,"href":"https:\/\/blog.hesselholt.com\/index.php\/wp-json\/wp\/v2\/tags?post=10549"}],"curies":[{"name":"wp","href":"https:\/\/api.w.org\/{rel}","templated":true}]}}