{"id":10386,"date":"2023-03-28T23:10:10","date_gmt":"2023-03-28T21:10:10","guid":{"rendered":"https:\/\/blog.hesselholt.com\/?p=10386"},"modified":"2023-03-30T14:09:54","modified_gmt":"2023-03-30T12:09:54","slug":"at-rydde-op","status":"publish","type":"post","link":"https:\/\/blog.hesselholt.com\/index.php\/2023\/03\/28\/at-rydde-op\/","title":{"rendered":"At rydde op"},"content":{"rendered":"<div class=\"wp-block-image is-style-default\">\n<figure class=\"aligncenter size-full\"><img loading=\"lazy\" decoding=\"async\" width=\"161\" height=\"215\" src=\"https:\/\/blog.hesselholt.com\/wp-content\/uploads\/2015\/11\/630cd425-23f1-42b5-ba1e-281ea601858a1.jpg\" alt=\"\" class=\"wp-image-5281\"\/><\/figure>\n<\/div>\n\n\n<p> <strong>V<strong>elkommen til min blog,<\/strong>\u00a0der er en blanding af mangt og meget. Du kan orientere dig om indholdet p\u00e5 emnelisten ud til h\u00f8jre. Her kan du klikke dig ind p\u00e5 det emne, der m\u00e5ske kunne have din interesse. Jeg fort\u00e6ller f\u00f8rst og fremmest om de b\u00f8ger, jeg har skrevet, skriver p\u00e5 og m\u00e5ske vil skrive. Du kan s\u00e5ledes finde en del researchsider, idet siden ogs\u00e5 er en slags v\u00e6rksted for mig. Uf\u00e6rdige skrifter bliver her behandlet (mishandlet) til det bedre forh\u00e5bentlig. Vil du vide mere om forfatterens tanker om og tilgang til sit job , er der ogs\u00e5 en rubrik til det, \u201cforfatteren\u201d s\u00e5m\u00e6nd. Mere personlige oplysninger kan man finde p\u00e5 min hjemmeside www.hesselholt.com<\/strong> <\/p>\n\n\n\n<p><\/p>\n\n\n\n<p> <strong>V<strong>elkommen til min blog,<\/strong>\u00a0der er en blanding af mangt og meget. Du kan orientere dig om indholdet p\u00e5 emnelisten ud til h\u00f8jre. Her kan du klikke dig ind p\u00e5 det emne, der m\u00e5ske kunne have din interesse. Jeg fort\u00e6ller f\u00f8rst og fremmest om de b\u00f8ger, jeg har skrevet, skriver p\u00e5 og m\u00e5ske vil skrive. Du kan s\u00e5ledes finde en del researchsider, idet siden ogs\u00e5 er en slags v\u00e6rksted for mig. Uf\u00e6rdige skrifter bliver her behandlet (mishandlet) til det bedre forh\u00e5bentlig. Vil du vide mere om forfatterens tanker om og tilgang til sit job , er der ogs\u00e5 en rubrik til det, \u201cforfatteren\u201d s\u00e5m\u00e6nd. Mere personlige oplysninger kan man finde p\u00e5 min hjemmeside www.hesselholt.com<\/strong> <\/p>\n\n\n\n<p><strong>Oprydning<\/strong><\/p>\n\n\n\n<p>Ordet f\u00e5r mig til at t\u00e6nke p\u00e5 barndom og opdragelse. Rydde op, det var vigtigt, da vi var b\u00f8rn. B\u00f8rnev\u00e6relset skulle v\u00e6re ryddeligt. Leget\u00f8jet p\u00e5 plads. Alt har sin rette plads. L\u00e6rte vi. Og glemte det nok (desv\u00e6rre m\u00e5ske) senere. Og vores b\u00f8rn fik ikke en ordentlig opdragelse p\u00e5 det punkt. At rydde op p\u00e5 deres v\u00e6relser m\u00e5tte de selv om. Det blandede jeg mig ikke i.<\/p>\n\n\n\n<p>Deres rum var deres rum.<\/p>\n\n\n\n<p>Men nu er jeg n\u00e5et dertil, hvor jeg synes, at det er p\u00e5 tide, at jeg igen kaster mig over faget: oprydning. Og tja \u2026 f\u00f8rst m\u00e5 jeg have mine b\u00f8ger sat i system og p\u00e5 plads. Og der er mange hyldemeter at g\u00e5 i lag med. Det har jeg selvf\u00f8lgelig gjort tidligere; engang sorterede jeg alle de b\u00f8ger fra, som ikke mere vakte minder eller t\u00e6ndte andre former for lys. V\u00e6k med dem! Drengegymnastik i syvende! Nej, vel! Ud! Det var let nok. Og der forsvandt mange hundrede b\u00f8ger. Og senere skete der jo det, at jeg savnede en og anden bog, som jeg havde afleveret i Kirkens Antikvariat, og ind imellem lykkedes det mig at opst\u00f8ve og kapre den igen.<\/p>\n\n\n\n<p>S\u00e5dan kan tingene g\u00e5 i ring.<\/p>\n\n\n\n<p>I dag har jeg fors\u00f8gt at ajourf\u00f8re mit bogkartotek. Det var jo mest at krydse af og skrive nytilkomne b\u00f8ger ind i systemet, men selv om jeg har arbejdet hele dagen, s\u00e5 n\u00e5ede jeg ikke l\u00e6ngere end til bogstavet L.<\/p>\n\n\n\n<p>Det g\u00e5r jo langsomt, hver bog skal ud af reolen og tages i h\u00e5nden og hilses p\u00e5 og s\u00e5 er det, at minderne v\u00e6lder frem. L\u00e6nge stod jeg s\u00e5dan med en bestemt bog i h\u00e5nden og fl\u00f8j i tankerne tilbage til en sommer for meget l\u00e6nge siden.<\/p>\n\n\n\n<p>Jeg var dengang l\u00e6rer i dansk p\u00e5 Randers Handelsskole. Bogen hedder Der Besuch der alten Dame\u201d og er skrevet af Friederich D\u00fcrrenmatt. Hvad var det nu med den sommer? Det var i juni. Eksamen var forbi. Mine elever havde alle best\u00e5et. Nu skulle de n\u00e6ste 8 uger bruges p\u00e5 at lade op til nye danskhold. Nye elever.<\/p>\n\n\n\n<p>Men indtil da &#8230; Ikke andet end at l\u00e6se gode b\u00f8ger. Tage p\u00e5 ferie med familien, som dengang var far, mor og to sm\u00e5 b\u00f8rn. En lille pige og en lille dreng. Nu skulle der v\u00e6re tid til dem. Troede jeg. S\u00e5 ringede telefonen. Det var min direkt\u00f8r. Ja, handelsskolen lededes dengang af en direkt\u00f8r. Foged hed han og tituleredes direkt\u00f8r.<\/p>\n\n\n\n<p>Han ringede, og jeg forstod ikke lige f\u00f8rst, hvad det var, han sagde. Jo, noget med, at skolen manglede en tyskl\u00e6rer til n\u00e6ste semester. Javel. En tyskl\u00e6rer? Men hvorfor ringede s\u00e5 han til mig? Jeg var l\u00e6rer i fransk og dansk.<\/p>\n\n\n\n<p>\u201dJeg er danskl\u00e6rer,\u201d sagde jeg.<\/p>\n\n\n\n<p>\u201dJa, ja, men du kan vel ogs\u00e5 tysk?\u201d<\/p>\n\n\n\n<p>Det svarede jeg ikke p\u00e5.<\/p>\n\n\n\n<p>Vel kunne jeg ej!<\/p>\n\n\n\n<p>Der var tavshed l\u00e6nge.<\/p>\n\n\n\n<p>\u201dJamen, du er da sproglig student?\u201d<\/p>\n\n\n\n<p>\u201dJo.\u201d<\/p>\n\n\n\n<p>\u201dS\u00e5 kan du da sagtens klare det. Det er jo bare en HX-klasse.\u201d<\/p>\n\n\n\n<p>Jeg fortalte ham ikke, at jeg havde f\u00e5et g+ i tysk stil og aldrig fik l\u00e6rt grammatikken.<\/p>\n\n\n\n<p>\u201dJeg har jo glemt meget,\u201d mumlede jeg.<\/p>\n\n\n\n<p>\u201dJa, ja selvf\u00f8lgelig, men nu f\u00e5r du seks uger til at l\u00e6se det op.\u201d<\/p>\n\n\n\n<p>N\u00e5 ja, t\u00e6nkte jeg. Det kan jo v\u00e6re at jeg kan l\u00e6re det. Jeg gik reolerne igennem og fandt \u201dDer Besuch der alten Dame.\u201d<\/p>\n\n\n<div class=\"wp-block-image\">\n<figure class=\"aligncenter size-large is-resized\"><img loading=\"lazy\" decoding=\"async\" src=\"https:\/\/blog.hesselholt.com\/wp-content\/uploads\/2023\/03\/20230330_091907-628x1024.jpg\" alt=\"\" class=\"wp-image-10395\" width=\"432\" height=\"714\"\/><\/figure>\n<\/div>\n\n\n<p>Jeg begynder med den, t\u00e6nkte jeg. Og det gjorde jeg. Og da semesteret startede fik eleverne en l\u00e6rer, som i det mindste var indstillet p\u00e5 at l\u00e6re grammatikken i takt med, at de selv l\u00e6rte den.<\/p>\n\n\n\n<p>Og vi var alle flittige, og eleverne bestod med anst\u00e6ndige karakterer. \u201dS\u00e5 tak, direkt\u00f8r Foged! Og tak D\u00fcrrenmatt!\u201d<\/p>\n\n\n\n<p>Sammen er vi st\u00e6rke. &nbsp;&nbsp;&nbsp;&nbsp;&nbsp;<\/p>\n\n\n\n<figure class=\"wp-block-image size-large\"><img loading=\"lazy\" decoding=\"async\" width=\"1024\" height=\"602\" src=\"https:\/\/blog.hesselholt.com\/wp-content\/uploads\/2023\/03\/20230329_134653-1024x602.jpg\" alt=\"\" class=\"wp-image-10390\" srcset=\"https:\/\/blog.hesselholt.com\/wp-content\/uploads\/2023\/03\/20230329_134653-1024x602.jpg 1024w, https:\/\/blog.hesselholt.com\/wp-content\/uploads\/2023\/03\/20230329_134653-300x176.jpg 300w, https:\/\/blog.hesselholt.com\/wp-content\/uploads\/2023\/03\/20230329_134653-768x452.jpg 768w, https:\/\/blog.hesselholt.com\/wp-content\/uploads\/2023\/03\/20230329_134653-1536x903.jpg 1536w, https:\/\/blog.hesselholt.com\/wp-content\/uploads\/2023\/03\/20230329_134653-500x294.jpg 500w, https:\/\/blog.hesselholt.com\/wp-content\/uploads\/2023\/03\/20230329_134653.jpg 1600w\" sizes=\"auto, (max-width: 1024px) 100vw, 1024px\" \/><figcaption class=\"wp-element-caption\">Her er en af mine klasser. Var deres danskl\u00e6rer det \u00e5r, hvor jeg ogs\u00e5 b\u00f8vlede med et tyskhold. Det kan jeg ikke finde nogen steder. Til geng\u00e6ld glimrer jeg p\u00e5 dette billede ved mit frav\u00e6r. Men det ER min klasse. Og jeg genkender hvert eneste k\u00e6rt ansigt og f\u00e5r et sug af l\u00e6ngsel efter igen at st\u00e5 over for s\u00e5dan en herlig flok.<\/figcaption><\/figure>\n","protected":false},"excerpt":{"rendered":"<p>Oprydning Ordet f\u00e5r mig til at t\u00e6nke p\u00e5 barndom og opdragelse. Rydde op, det var vigtigt, da vi var b\u00f8rn. B\u00f8rnev\u00e6relset skulle v\u00e6re ryddeligt. Leget\u00f8jet p\u00e5 plads. Alt har sin rette plads. L\u00e6rte vi. Og glemte det nok (desv\u00e6rre m\u00e5ske) &hellip; <a href=\"https:\/\/blog.hesselholt.com\/index.php\/2023\/03\/28\/at-rydde-op\/\">L\u00e6s resten <span class=\"meta-nav\">&rarr;<\/span><\/a><\/p>\n","protected":false},"author":3,"featured_media":0,"comment_status":"open","ping_status":"open","sticky":false,"template":"","format":"standard","meta":{"footnotes":""},"categories":[19,24],"tags":[],"class_list":["post-10386","post","type-post","status-publish","format-standard","hentry","category-mennesker-og-meninger","category-stort-og-smat-om-lidt-forskelligt"],"_links":{"self":[{"href":"https:\/\/blog.hesselholt.com\/index.php\/wp-json\/wp\/v2\/posts\/10386","targetHints":{"allow":["GET"]}}],"collection":[{"href":"https:\/\/blog.hesselholt.com\/index.php\/wp-json\/wp\/v2\/posts"}],"about":[{"href":"https:\/\/blog.hesselholt.com\/index.php\/wp-json\/wp\/v2\/types\/post"}],"author":[{"embeddable":true,"href":"https:\/\/blog.hesselholt.com\/index.php\/wp-json\/wp\/v2\/users\/3"}],"replies":[{"embeddable":true,"href":"https:\/\/blog.hesselholt.com\/index.php\/wp-json\/wp\/v2\/comments?post=10386"}],"version-history":[{"count":5,"href":"https:\/\/blog.hesselholt.com\/index.php\/wp-json\/wp\/v2\/posts\/10386\/revisions"}],"predecessor-version":[{"id":10396,"href":"https:\/\/blog.hesselholt.com\/index.php\/wp-json\/wp\/v2\/posts\/10386\/revisions\/10396"}],"wp:attachment":[{"href":"https:\/\/blog.hesselholt.com\/index.php\/wp-json\/wp\/v2\/media?parent=10386"}],"wp:term":[{"taxonomy":"category","embeddable":true,"href":"https:\/\/blog.hesselholt.com\/index.php\/wp-json\/wp\/v2\/categories?post=10386"},{"taxonomy":"post_tag","embeddable":true,"href":"https:\/\/blog.hesselholt.com\/index.php\/wp-json\/wp\/v2\/tags?post=10386"}],"curies":[{"name":"wp","href":"https:\/\/api.w.org\/{rel}","templated":true}]}}