{"id":10377,"date":"2023-03-24T08:36:40","date_gmt":"2023-03-24T07:36:40","guid":{"rendered":"https:\/\/blog.hesselholt.com\/?p=10377"},"modified":"2023-03-24T14:59:17","modified_gmt":"2023-03-24T13:59:17","slug":"foraar-igen-igen","status":"publish","type":"post","link":"https:\/\/blog.hesselholt.com\/index.php\/2023\/03\/24\/foraar-igen-igen\/","title":{"rendered":"Men det bliver alligevel for\u00e5r"},"content":{"rendered":"<div class=\"wp-block-image is-style-default\">\n<figure class=\"aligncenter size-full\"><img loading=\"lazy\" decoding=\"async\" width=\"161\" height=\"215\" src=\"https:\/\/blog.hesselholt.com\/wp-content\/uploads\/2015\/11\/630cd425-23f1-42b5-ba1e-281ea601858a1.jpg\" alt=\"\" class=\"wp-image-5281\"\/><\/figure>\n<\/div>\n\n\n<p> <strong>V<strong>elkommen til min blog,<\/strong>\u00a0der er en blanding af mangt og meget. Du kan orientere dig om indholdet p\u00e5 emnelisten ud til h\u00f8jre. Her kan du klikke dig ind p\u00e5 det emne, der m\u00e5ske kunne have din interesse. Jeg fort\u00e6ller f\u00f8rst og fremmest om de b\u00f8ger, jeg har skrevet, skriver p\u00e5 og m\u00e5ske vil skrive. Du kan s\u00e5ledes finde en del researchsider, idet siden ogs\u00e5 er en slags v\u00e6rksted for mig. Uf\u00e6rdige skrifter bliver her behandlet (mishandlet) til det bedre forh\u00e5bentlig. Vil du vide mere om forfatterens tanker om og tilgang til sit job , er der ogs\u00e5 en rubrik til det, \u201cforfatteren\u201d s\u00e5m\u00e6nd. Mere personlige oplysninger kan man finde p\u00e5 min hjemmeside www.hesselholt.com<\/strong> <\/p>\n\n\n\n<p><\/p>\n\n\n\n<p> <strong>V<strong>elkommen til min blog,<\/strong>\u00a0der er en blanding af mangt og meget. Du kan orientere dig om indholdet p\u00e5 emnelisten ud til h\u00f8jre. Her kan du klikke dig ind p\u00e5 det emne, der m\u00e5ske kunne have din interesse. Jeg fort\u00e6ller f\u00f8rst og fremmest om de b\u00f8ger, jeg har skrevet, skriver p\u00e5 og m\u00e5ske vil skrive. Du kan s\u00e5ledes finde en del researchsider, idet siden ogs\u00e5 er en slags v\u00e6rksted for mig. Uf\u00e6rdige skrifter bliver her behandlet (mishandlet) til det bedre forh\u00e5bentlig. Vil du vide mere om forfatterens tanker om og tilgang til sit job , er der ogs\u00e5 en rubrik til det, \u201cforfatteren\u201d s\u00e5m\u00e6nd. Mere personlige oplysninger kan man finde p\u00e5 min hjemmeside www.hesselholt.com<\/strong> <\/p>\n\n\n\n<p>Vi vil gerne blive gamle. Men vi vil ikke <em>v\u00e6re <\/em>gamle. Vi vil med vold og magt holde gang i krop og sj\u00e6l til det sidste \u00e5ndedr\u00e6t. M\u00e5ske er det ikke noget, vi <em>vil,<\/em> men noget vi <em>skal<\/em>. Nu har jeg skrevet vi s\u00e5 mange gange, at man m\u00e5 tro, vi er en homogen gruppe. Vi = de gamle. At vi alle sammen er ens.<\/p>\n\n\n\n<p>Nej, vi er alle sammen forskellige. Det, som er f\u00e6lles, er at vi \u00e6ldes og er p\u00e5 vej ud af livet. Det er vel i grunden det eneste f\u00e6lles. Vi bliver ved at v\u00e6re de forskellige folk, vi altid var, og nu tr\u00e6der forskellighederne m\u00e5ske tydeligere frem \u2013 for som vist nok S\u00f8ren Kierkegaard har sagt: \u201dvi f\u00f8des som kopier og d\u00f8r som originaler.\u201d<\/p>\n\n\n\n<p>Dette for\u00e5r var jeg ude i tovene (igen) og t\u00e6nkte, at nu var det slut med mig. Nu d\u00f8de jeg. Det gjorde jeg ikke, jeg sidder jo her stadigv\u00e6k og sl\u00e5r i mit tastatur, ganske veltilpas endda. Og h\u00f8jst levende. Fik bare den der nat et voldsomt svimmelanfald og en blodtrykshimmelfart, som sv\u00e6kkede alle sanser og sendte sund fornuft ad h. til og gjorde mig til \u00e6rkehypokonder p\u00e5 et splitsekund.<\/p>\n\n\n\n<p>Men det var en \u201dsund\u201d oplevelse set i bakspejlet. Nu fik jeg taget min egen d\u00f8delighed op til revision. Revision skriver jeg, som om det var et statusopg\u00f8r. H\u00f8r lige!: stemmer pengene? Har du rod i regnskabet? \u201dKom Hjerte, tag dit regnebr\u00e6t, skriv op dit levneds dage \u2026\u201d som Brorson skriver i salme 714 \u2026<\/p>\n\n\n\n<p>Tja \u2026 hvorfor ikke? Jeg har i al fald i denne tid t\u00e6nkt mere p\u00e5 mit livs talte dage, end jeg har gjort i lang tid. Og taget nogle beslutninger.<\/p>\n\n\n\n<p>Og en af dem er, at nok vil jeg trave mine daglige ture i Guds frie natur (den findes stadig) og jeg vil frydes over hvert eneste for\u00e5rstegn og hvert lille levende v\u00e6sen, der stirrer frem p\u00e5 himmel og p\u00e5 jord. Men jeg vil ogs\u00e5 (og is\u00e6r) lade den gamle krop hvile.<\/p>\n\n\n\n<p>Jeg vil i denne den sidste del af livet fors\u00f8ge at bevare gl\u00e6den over at v\u00e6re her jorden, den jord, som man kommer til at holde mere og mere af, jo \u00e6ldre man bliver og jo mere bevidst man bliver om, at man skal forlade den.<\/p>\n\n\n\n<p>Det er en lise for sj\u00e6len at g\u00e5. Bare g\u00e5. Og n\u00e5r sj\u00e6len er glad, f\u00f8lger kroppen med. Det er moderne at sige det modsatte: vi skal eksercere kroppen, s\u00e5 den bliver st\u00e6rk, s\u00e5 f\u00f8lger sj\u00e6len nok med. Rent bort set fra, at moderne mennesker vist ikke taler om sj\u00e6len mere. Men om psyken.<\/p>\n\n\n\n<p>\u201dKristne har kronede dage,\u201d siger Grundtvig i en salme. Jeg vil sige: \u201dpsykologerne har kronede dage.\u201d Vi render rundt med et hav af psykiske diagnoser \u2013 &nbsp;ADHD eller bare HD eller asperger eller border-line, eller autisme eller anoreksi eller depression eller angst eller fobi eller noget andet, man kan trylle frem med ord. Og dertil kommer alle de regul\u00e6re sindssygedomme, der ogs\u00e5 er taget voldsomt til: skizofreni, neuroser, bipolar lidelse etc.<\/p>\n\n\n\n<p>Nu blev jeg helt tr\u00e6t. Og jeg vil sl\u00e5 fast med ti-tommer-s\u00f8m, at vi skal v\u00e6re parate som samfund og medmennesker til at hj\u00e6lpe alle de mange n\u00f8dlidende mennesker, hvis lidelser vores velf\u00e6rdssamfund har frembragt. For de er vel b\u00e5de samfundsskabte og arvelige forekomster. Og langt fra alle er sindrige psykologopfindelser.<\/p>\n\n\n\n<p>Men jeg ville blot n\u00e6vne en passant, at vi er havnet i en gr\u00f8ft af gr\u00e6mmelse, og at den gr\u00f8ft m\u00e5 vi se, om vi ikke kan kravle op fra.<\/p>\n\n\n\n<p>Og jeg vil i al fald ikke v\u00e6re i den. Men undg\u00e5r ikke ind i mellem at falde i den.<\/p>\n\n\n\n<p>Lige nu sidder jeg imidlertid p\u00e5 kanten og nyder en anemone, der lyser s\u00e5 for\u00e5rsglad, at gl\u00e6den smitter.<\/p>\n\n\n\n<p>Og lad os dv\u00e6le der. I gl\u00e6den. S\u00e5 l\u00e6nge vi lever. &nbsp;&nbsp;<\/p>\n\n\n\n<figure class=\"wp-block-image size-large\"><img loading=\"lazy\" decoding=\"async\" width=\"1024\" height=\"768\" src=\"https:\/\/blog.hesselholt.com\/wp-content\/uploads\/2023\/03\/DSC03099-1024x768.jpg\" alt=\"\" class=\"wp-image-10381\" srcset=\"https:\/\/blog.hesselholt.com\/wp-content\/uploads\/2023\/03\/DSC03099-1024x768.jpg 1024w, https:\/\/blog.hesselholt.com\/wp-content\/uploads\/2023\/03\/DSC03099-300x225.jpg 300w, https:\/\/blog.hesselholt.com\/wp-content\/uploads\/2023\/03\/DSC03099-768x576.jpg 768w, https:\/\/blog.hesselholt.com\/wp-content\/uploads\/2023\/03\/DSC03099-1536x1152.jpg 1536w, https:\/\/blog.hesselholt.com\/wp-content\/uploads\/2023\/03\/DSC03099-400x300.jpg 400w, https:\/\/blog.hesselholt.com\/wp-content\/uploads\/2023\/03\/DSC03099.jpg 1600w\" sizes=\"auto, (max-width: 1024px) 100vw, 1024px\" \/><figcaption class=\"wp-element-caption\">Anemone i Fussing\u00f8 Skov<\/figcaption><\/figure>\n","protected":false},"excerpt":{"rendered":"<p>Vi vil gerne blive gamle. Men vi vil ikke v\u00e6re gamle. Vi vil med vold og magt holde gang i krop og sj\u00e6l til det sidste \u00e5ndedr\u00e6t. M\u00e5ske er det ikke noget, vi vil, men noget vi skal. Nu har &hellip; <a href=\"https:\/\/blog.hesselholt.com\/index.php\/2023\/03\/24\/foraar-igen-igen\/\">L\u00e6s resten <span class=\"meta-nav\">&rarr;<\/span><\/a><\/p>\n","protected":false},"author":3,"featured_media":0,"comment_status":"open","ping_status":"open","sticky":false,"template":"","format":"standard","meta":{"footnotes":""},"categories":[19,24],"tags":[],"class_list":["post-10377","post","type-post","status-publish","format-standard","hentry","category-mennesker-og-meninger","category-stort-og-smat-om-lidt-forskelligt"],"_links":{"self":[{"href":"https:\/\/blog.hesselholt.com\/index.php\/wp-json\/wp\/v2\/posts\/10377","targetHints":{"allow":["GET"]}}],"collection":[{"href":"https:\/\/blog.hesselholt.com\/index.php\/wp-json\/wp\/v2\/posts"}],"about":[{"href":"https:\/\/blog.hesselholt.com\/index.php\/wp-json\/wp\/v2\/types\/post"}],"author":[{"embeddable":true,"href":"https:\/\/blog.hesselholt.com\/index.php\/wp-json\/wp\/v2\/users\/3"}],"replies":[{"embeddable":true,"href":"https:\/\/blog.hesselholt.com\/index.php\/wp-json\/wp\/v2\/comments?post=10377"}],"version-history":[{"count":6,"href":"https:\/\/blog.hesselholt.com\/index.php\/wp-json\/wp\/v2\/posts\/10377\/revisions"}],"predecessor-version":[{"id":10385,"href":"https:\/\/blog.hesselholt.com\/index.php\/wp-json\/wp\/v2\/posts\/10377\/revisions\/10385"}],"wp:attachment":[{"href":"https:\/\/blog.hesselholt.com\/index.php\/wp-json\/wp\/v2\/media?parent=10377"}],"wp:term":[{"taxonomy":"category","embeddable":true,"href":"https:\/\/blog.hesselholt.com\/index.php\/wp-json\/wp\/v2\/categories?post=10377"},{"taxonomy":"post_tag","embeddable":true,"href":"https:\/\/blog.hesselholt.com\/index.php\/wp-json\/wp\/v2\/tags?post=10377"}],"curies":[{"name":"wp","href":"https:\/\/api.w.org\/{rel}","templated":true}]}}