{"id":10354,"date":"2023-03-21T16:28:20","date_gmt":"2023-03-21T15:28:20","guid":{"rendered":"https:\/\/blog.hesselholt.com\/?p=10354"},"modified":"2023-03-21T17:08:16","modified_gmt":"2023-03-21T16:08:16","slug":"stjernestoev","status":"publish","type":"post","link":"https:\/\/blog.hesselholt.com\/index.php\/2023\/03\/21\/stjernestoev\/","title":{"rendered":"Stjernest\u00f8v"},"content":{"rendered":"<div class=\"wp-block-image is-style-default\">\n<figure class=\"aligncenter size-full\"><img loading=\"lazy\" decoding=\"async\" width=\"161\" height=\"215\" src=\"https:\/\/blog.hesselholt.com\/wp-content\/uploads\/2015\/11\/630cd425-23f1-42b5-ba1e-281ea601858a1.jpg\" alt=\"\" class=\"wp-image-5281\"\/><\/figure>\n<\/div>\n\n\n<p> <strong>V<strong>elkommen til min blog,<\/strong>\u00a0der er en blanding af mangt og meget. Du kan orientere dig om indholdet p\u00e5 emnelisten ud til h\u00f8jre. Her kan du klikke dig ind p\u00e5 det emne, der m\u00e5ske kunne have din interesse. Jeg fort\u00e6ller f\u00f8rst og fremmest om de b\u00f8ger, jeg har skrevet, skriver p\u00e5 og m\u00e5ske vil skrive. Du kan s\u00e5ledes finde en del researchsider, idet siden ogs\u00e5 er en slags v\u00e6rksted for mig. Uf\u00e6rdige skrifter bliver her behandlet (mishandlet) til det bedre forh\u00e5bentlig. Vil du vide mere om forfatterens tanker om og tilgang til sit job , er der ogs\u00e5 en rubrik til det, \u201cforfatteren\u201d s\u00e5m\u00e6nd. Mere personlige oplysninger kan man finde p\u00e5 min hjemmeside www.hesselholt.com<\/strong> <\/p>\n\n\n\n<p><\/p>\n\n\n\n<p> <strong>V<strong>elkommen til min blog,<\/strong>\u00a0der er en blanding af mangt og meget. Du kan orientere dig om indholdet p\u00e5 emnelisten ud til h\u00f8jre. Her kan du klikke dig ind p\u00e5 det emne, der m\u00e5ske kunne have din interesse. Jeg fort\u00e6ller f\u00f8rst og fremmest om de b\u00f8ger, jeg har skrevet, skriver p\u00e5 og m\u00e5ske vil skrive. Du kan s\u00e5ledes finde en del researchsider, idet siden ogs\u00e5 er en slags v\u00e6rksted for mig. Uf\u00e6rdige skrifter bliver her behandlet (mishandlet) til det bedre forh\u00e5bentlig. Vil du vide mere om forfatterens tanker om og tilgang til sit job , er der ogs\u00e5 en rubrik til det, \u201cforfatteren\u201d s\u00e5m\u00e6nd. Mere personlige oplysninger kan man finde p\u00e5 min hjemmeside www.hesselholt.com<\/strong> <\/p>\n\n\n\n<p>Af st\u00f8v er du kommet<\/p>\n\n\n\n<p>S\u00e5dan lyder begravelsesritualets ord p\u00e5 engelsk. Dust to dust. Og hvor er det rigtigt. Og smukt. Og tr\u00f8sterigt. Af st\u00f8v er du kommet.<\/p>\n\n\n\n<p>H\u00f8rte astrofysiker Anja Andersen forleden i et program i DR (Pilgrim 8 jan.) fort\u00e6lle om verdens skabelse set med naturvidenskabelige briller, og det var pr\u00e6cis den dag, hvor jorden havde t\u00e6nkt sig at v\u00e6re bl\u00f8d og f\u00f8jelig, og solen skinnede, og for\u00e5ret syntes lige om hj\u00f8rnet trods kalenderens vr\u00f8vlen om vinter, og jeg gik der og rodede som et andet lille (eller stort) dyr i den danske muld og f\u00f8lte mig omtrent lykkelig, fordi der spirede s\u00e5 meget gr\u00f8nt op mellem senegr\u00e6sset, som jeg til geng\u00e6ld hev op i lange rodstrimler og sl\u00e6ngte p\u00e5 komposten. Glad og n\u00e6sten genf\u00f8dt af fryd ved synet af det, der endnu kun var gr\u00f8nne l\u00f8fter om farver og sk\u00f8nhed \u2013 n\u00e5 ja, og ved selve arbejdet, som i den bl\u00f8de, fugtige jord forekom let.<\/p>\n\n\n\n<p>Som at g\u00e5 rundt i Paradiset. Og endnu engang faldt den tanke mig ind, at vi er lige midt i \u2026 ja, ikke bare evigheden, men Paradiset. At det virkelig er p\u00e5 jorden. Ligesom <em>vi<\/em> er p\u00e5 jorden. Og at vi engang f\u00f8r altings skabelse, eller i den f\u00f8rste sp\u00e6de begyndelse, allerede var der. Som stjernerne. Som stjernest\u00f8v.<\/p>\n\n\n\n<p>St\u00f8v p\u00e5 hjernen, kan jeg h\u00f8re dig sige, for nu vr\u00f8vler hun da!!!!<\/p>\n\n\n\n<p>Mennesket og Stjernerne. Ja, men det er jo lige akkurat s\u00e5dan det er: Mennesket og Stjernerne.&nbsp;&nbsp;<\/p>\n\n\n\n<p>Og s\u00e5 var det jo, jeg h\u00f8rte A. A. \u2019s beretning om al tings forbundenhed og blev endnu mere glad. At vi har et f\u00e6llesskab med universet, der g\u00e5r over al forstand. Lige som det g\u00e5r over al forstand, at vi sm\u00e5, bitte, ja mikroskopiske st\u00f8rrelser er en del af uendeligheden.<\/p>\n\n\n\n<p>Vi beh\u00f8ver ikke antropomorfisere universet \u2013 uden at vi beh\u00f8ver till\u00e6gge det menneskelige egenskaber, kan vi konstatere, at det er en del af os og vi af det.<\/p>\n\n\n\n<p>Det g\u00f8r jo ikke universet menneskeligt: Stjernerne blinker, men ikke venskabeligt eller sk\u00e6lmsk \u2013 universet er dybt, men det favner os ikke k\u00e6rligt, tr\u00e6erne springer ud, men de pynter sig ikke for os.<\/p>\n\n\n\n<p>Der kan falde en meteorsten ned og dr\u00e6be os, men det er ikke en ond meteor, der vil os til livs. Vi kan rammes af et lyn, men det er ikke et ondt lyn, der vil os til livs.<\/p>\n\n\n\n<p>I universet er der ingen menneskelige f\u00f8lelser, det er os, der l\u00e6gger dem derud: det er koldt, fremmed og umuligt at leve i for et menneske. Astronauterne og cosmonauterne kan ikke sl\u00e5 sig l\u00f8s, n\u00e5r de flyver rundt derop.<\/p>\n\n\n\n<p>Det er rigtigt: vi kan kun leve p\u00e5 denne her lille bitte klode, og kun fordi den er velsignet med et tyndt luftlag p\u00e5 bare nogle kilometer, som g\u00f8r det muligt for os at \u00e5nde.<\/p>\n\n\n\n<p>Og p\u00e5 kloden er der en NATUR som ikke er venlig, men som er med til at g\u00f8re det muligt for os at leve: tr\u00e6erne s\u00f8rger for, at vi har ilt osv. \u2013 ja, den hele natur spiller sammen i en symfoni, som giver os mulighed for liv.<\/p>\n\n\n\n<p>Den harmoni kan vi mennesker \u00f8del\u00e6gge. Det er vi efter sigende i fuld gang med. Og s\u00e5 er det slut med vores liv. Det er ikke s\u00e6rlig fortr\u00f8stningsfuldt. Og i den konstatering risikerer min barnlige gl\u00e6de over havens spirende for\u00e5rstegn at drukne.<\/p>\n\n\n\n<p>Og det ville den ogs\u00e5, hvis det ikke var, fordi jeg tror, at der findes en GUD \u2013 en SKABER \u2013 om hvem jeg ikke kan fort\u00e6lle ret meget. Han er og bliver ukendt for os. \u00c5benbaret i Jesus ganske vist \u2013 forklaret i Hellig\u00e5nden, siges det. Men det forst\u00e5r vi heller ikke ret godt. Eller jeg g\u00f8r ikke.<\/p>\n\n\n\n<p>Vi har en Bibel, men den er skrevet af os, og det er vore egne billeder, der tegnes ind der.<\/p>\n\n\n\n<p>Et billede af GUD har vi ikke.<\/p>\n\n\n\n<p>Vi har kun troen.<\/p>\n\n\n\n<p>At GUD findes og vil os det godt. <\/p>\n\n\n\n<p>\u201dSke din vilje!\u201d siger vi i b\u00f8nnen. Den tillid m\u00e5 vi vise GUD, hvis ikke vi kan det, s\u00e5 falder vi.<\/p>\n\n\n\n<p>Vi falder, ja, det g\u00f8r vi. <\/p>\n\n\n\n<p>Men jeg tror, GUD griber os. \u00a0<\/p>\n\n\n\n<p>&#8212;&#8212;&#8212;&#8212;&#8212;&#8212;&#8212;&#8212;&#8212;&#8212;&#8212;&#8212;&#8212;&#8212;&#8212;&#8212;&#8212;&#8211;<\/p>\n\n\n\n<p>Et par billeder af den jord, jeg g\u00e5r rundt p\u00e5 hver dag:<\/p>\n\n\n\n<p>\u00a0<\/p>\n\n\n<div class=\"wp-block-image\">\n<figure class=\"aligncenter size-large is-resized\"><img loading=\"lazy\" decoding=\"async\" src=\"https:\/\/blog.hesselholt.com\/wp-content\/uploads\/2023\/03\/20200730_194200-1-768x1024.jpg\" alt=\"\" class=\"wp-image-10361\" width=\"373\" height=\"503\"\/><figcaption class=\"wp-element-caption\">Sommerhaven<\/figcaption><\/figure>\n<\/div>\n\n<div class=\"wp-block-image\">\n<figure class=\"aligncenter size-large is-resized\"><img loading=\"lazy\" decoding=\"async\" src=\"https:\/\/blog.hesselholt.com\/wp-content\/uploads\/2023\/03\/20201027_142617-768x1024.jpg\" alt=\"\" class=\"wp-image-10362\" width=\"405\" height=\"547\"\/><figcaption class=\"wp-element-caption\">Efter\u00e5rshaven<\/figcaption><\/figure>\n<\/div>\n\n<div class=\"wp-block-image\">\n<figure class=\"aligncenter size-large is-resized\"><img loading=\"lazy\" decoding=\"async\" src=\"https:\/\/blog.hesselholt.com\/wp-content\/uploads\/2023\/03\/gylden-himmel-1024x768.jpg\" alt=\"\" class=\"wp-image-10363\" width=\"399\" height=\"301\"\/><figcaption class=\"wp-element-caption\">Himlen over Tr\u00e5en<\/figcaption><\/figure>\n<\/div>\n\n<div class=\"wp-block-image\">\n<figure class=\"aligncenter size-large is-resized\"><img loading=\"lazy\" decoding=\"async\" src=\"https:\/\/blog.hesselholt.com\/wp-content\/uploads\/2023\/03\/20210810_163339-1024x768.jpg\" alt=\"\" class=\"wp-image-10364\" width=\"463\" height=\"349\"\/><figcaption class=\"wp-element-caption\">Himlen over \u00c5lum<\/figcaption><\/figure>\n<\/div>","protected":false},"excerpt":{"rendered":"<p>Af st\u00f8v er du kommet S\u00e5dan lyder begravelsesritualets ord p\u00e5 engelsk. Dust to dust. Og hvor er det rigtigt. Og smukt. Og tr\u00f8sterigt. Af st\u00f8v er du kommet. H\u00f8rte astrofysiker Anja Andersen forleden i et program i DR (Pilgrim 8 &hellip; <a href=\"https:\/\/blog.hesselholt.com\/index.php\/2023\/03\/21\/stjernestoev\/\">L\u00e6s resten <span class=\"meta-nav\">&rarr;<\/span><\/a><\/p>\n","protected":false},"author":3,"featured_media":0,"comment_status":"open","ping_status":"open","sticky":false,"template":"","format":"standard","meta":{"footnotes":""},"categories":[19,24],"tags":[],"class_list":["post-10354","post","type-post","status-publish","format-standard","hentry","category-mennesker-og-meninger","category-stort-og-smat-om-lidt-forskelligt"],"_links":{"self":[{"href":"https:\/\/blog.hesselholt.com\/index.php\/wp-json\/wp\/v2\/posts\/10354","targetHints":{"allow":["GET"]}}],"collection":[{"href":"https:\/\/blog.hesselholt.com\/index.php\/wp-json\/wp\/v2\/posts"}],"about":[{"href":"https:\/\/blog.hesselholt.com\/index.php\/wp-json\/wp\/v2\/types\/post"}],"author":[{"embeddable":true,"href":"https:\/\/blog.hesselholt.com\/index.php\/wp-json\/wp\/v2\/users\/3"}],"replies":[{"embeddable":true,"href":"https:\/\/blog.hesselholt.com\/index.php\/wp-json\/wp\/v2\/comments?post=10354"}],"version-history":[{"count":4,"href":"https:\/\/blog.hesselholt.com\/index.php\/wp-json\/wp\/v2\/posts\/10354\/revisions"}],"predecessor-version":[{"id":10365,"href":"https:\/\/blog.hesselholt.com\/index.php\/wp-json\/wp\/v2\/posts\/10354\/revisions\/10365"}],"wp:attachment":[{"href":"https:\/\/blog.hesselholt.com\/index.php\/wp-json\/wp\/v2\/media?parent=10354"}],"wp:term":[{"taxonomy":"category","embeddable":true,"href":"https:\/\/blog.hesselholt.com\/index.php\/wp-json\/wp\/v2\/categories?post=10354"},{"taxonomy":"post_tag","embeddable":true,"href":"https:\/\/blog.hesselholt.com\/index.php\/wp-json\/wp\/v2\/tags?post=10354"}],"curies":[{"name":"wp","href":"https:\/\/api.w.org\/{rel}","templated":true}]}}