{"id":10338,"date":"2023-03-13T21:27:59","date_gmt":"2023-03-13T20:27:59","guid":{"rendered":"https:\/\/blog.hesselholt.com\/?p=10338"},"modified":"2023-03-23T08:33:00","modified_gmt":"2023-03-23T07:33:00","slug":"totalitarismens-daemoni-1","status":"publish","type":"post","link":"https:\/\/blog.hesselholt.com\/index.php\/2023\/03\/13\/totalitarismens-daemoni-1\/","title":{"rendered":"Totalitarismens d\u00e6moni 1"},"content":{"rendered":"<div class=\"wp-block-image is-style-default\">\n<figure class=\"aligncenter size-full\"><img loading=\"lazy\" decoding=\"async\" width=\"161\" height=\"215\" src=\"https:\/\/blog.hesselholt.com\/wp-content\/uploads\/2015\/11\/630cd425-23f1-42b5-ba1e-281ea601858a1.jpg\" alt=\"\" class=\"wp-image-5281\"\/><\/figure>\n<\/div>\n\n\n<p> <strong>V<strong>elkommen til min blog,<\/strong>\u00a0der er en blanding af mangt og meget. Du kan orientere dig om indholdet p\u00e5 emnelisten ud til h\u00f8jre. Her kan du klikke dig ind p\u00e5 det emne, der m\u00e5ske kunne have din interesse. Jeg fort\u00e6ller f\u00f8rst og fremmest om de b\u00f8ger, jeg har skrevet, skriver p\u00e5 og m\u00e5ske vil skrive. Du kan s\u00e5ledes finde en del researchsider, idet siden ogs\u00e5 er en slags v\u00e6rksted for mig. Uf\u00e6rdige skrifter bliver her behandlet (mishandlet) til det bedre forh\u00e5bentlig. Vil du vide mere om forfatterens tanker om og tilgang til sit job , er der ogs\u00e5 en rubrik til det, \u201cforfatteren\u201d s\u00e5m\u00e6nd. Mere personlige oplysninger kan man finde p\u00e5 min hjemmeside www.hesselholt.com<\/strong> <\/p>\n\n\n\n<p><\/p>\n\n\n\n<p> <strong>V<strong>elkommen til min blog,<\/strong>\u00a0der er en blanding af mangt og meget. Du kan orientere dig om indholdet p\u00e5 emnelisten ud til h\u00f8jre. Her kan du klikke dig ind p\u00e5 det emne, der m\u00e5ske kunne have din interesse. Jeg fort\u00e6ller f\u00f8rst og fremmest om de b\u00f8ger, jeg har skrevet, skriver p\u00e5 og m\u00e5ske vil skrive. Du kan s\u00e5ledes finde en del researchsider, idet siden ogs\u00e5 er en slags v\u00e6rksted for mig. Uf\u00e6rdige skrifter bliver her behandlet (mishandlet) til det bedre forh\u00e5bentlig. Vil du vide mere om forfatterens tanker om og tilgang til sit job , er der ogs\u00e5 en rubrik til det, \u201cforfatteren\u201d s\u00e5m\u00e6nd. Mere personlige oplysninger kan man finde p\u00e5 min hjemmeside www.hesselholt.com<\/strong> <\/p>\n\n\n\n<p>Jeg har t\u00e6nkt i den kommende tid at skrive noget om, hvad et totalit\u00e6rt styre kan g\u00f8re ved mennesker &#8211; ved MENNESKET. Det er ikke uden forbindelse med det, der foreg\u00e5r i Rusland lige nu, og det var en overskrift i Kristelig Dagblad, som vakte ideen om at studere emnet totalitarisme n\u00e6rmere. <\/p>\n\n\n<div class=\"wp-block-image\">\n<figure class=\"aligncenter size-large is-resized\"><img loading=\"lazy\" decoding=\"async\" src=\"https:\/\/blog.hesselholt.com\/wp-content\/uploads\/2023\/03\/20230316_121800-807x1024.jpg\" alt=\"\" class=\"wp-image-10346\" width=\"430\" height=\"552\"\/><figcaption class=\"wp-element-caption\">Moskva 1964 &#8211; byen forbereder sig til fest i anledning af kosmonautmodtagelse &#8211; foto: Ole Henne Hansen<\/figcaption><\/figure>\n<\/div>\n\n\n<p>Overskriften i avisen var noget i retning af det her: &#8220;De russiske soldater mangler krigsmoral&#8221; ( desv\u00e6rre er avisen ikke gemt, m\u00e5ske kan jeg finde den pr\u00e6cise formulering senere). Som jeg f\u00f8r har skrevet, s\u00e5 kan efter min mening de to ord MORAL og KRIG ikke sammens\u00e6ttes. Jeg ved godt, hvad avisen mener: man er moralsk, n\u00e5r man k\u00e6mper en retf\u00e6rdig krig &#8211; og russerne ved godt, at det g\u00f8r de ikke. <\/p>\n\n\n\n<p>Den antagelse er imidlertid ikke korrekt. Det ved de ikke: Sovjetstaten ville skabe &#8220;det sovjetiske menneske&#8221; en ny mennesketype, der var 100% loyal over for Det kommunistiske Parti &#8211; og &#8220;systemet&#8221;, og det havde 70 \u00e5r til at gennemf\u00f8re projektet. Og jeg er bange for, at utrolig mange &#8211; mere end en generation blev s\u00e5 &#8220;fast formede&#8221; i loyaliteten over for det, de blev indoktrinerede i barndom og ungdom, at de ikke kunne slippe fri.  <\/p>\n\n\n\n<p>En uddybning af denne teori kr\u00e6ver lidt mere refleksion og tid, end jeg har haft i den seneste tid, men jeg g\u00e5r i gang med at unders\u00f8ge, om der er hold i det. Og det vil jeg skrive om, n\u00e5r jeg er n\u00e6rmere en p\u00e5visning af teoriens sandhedsv\u00e6rdi. <\/p>\n\n\n\n<p>Kan man folkeopdrage i en s\u00e5dan grad, at selvst\u00e6ndig t\u00e6nkning fortr\u00e6nges, forsvinder?<\/p>\n\n\n\n<p>Og er det, hvad vi oplever i Rusland nu?  <\/p>\n\n\n<div class=\"wp-block-image\">\n<figure class=\"aligncenter size-large is-resized\"><img loading=\"lazy\" decoding=\"async\" src=\"https:\/\/blog.hesselholt.com\/wp-content\/uploads\/2023\/03\/20230316_121722-720x1024.jpg\" alt=\"\" class=\"wp-image-10349\" width=\"448\" height=\"644\"\/><figcaption class=\"wp-element-caption\">Fra udstilling om Sovjetunionens teknologiske fremskridt. Foto: Ole Henne Hansen (1964)<\/figcaption><\/figure>\n<\/div>\n\n\n<p>Som baggrund for min analyse vil jeg bruge flg. litteratur, hvoraf jeg mangler at l\u00e6se de sidste kapitler af Ginzburgs erindringer. Derefter vil jeg vende tilbage. Muligvis vil der st\u00f8de mere litteratur til. F.eks. husker jeg fra min studietid, at Camus i l&#8221;exil et le royaume&#8221; besk\u00e6ftiger sig med emnet. Den vil jeg nok genl\u00e6se for at have mere end et centraleurop\u00e6isk v\u00e6rk og desuden for at belyse emnet, s\u00e5 b\u00e5de nazisme og kommunisme inddrages ligeligt:<\/p>\n\n\n\n<p> <\/p>\n\n\n\n<p><strong>Litteratur til indl\u00e6gget d\u00e6moni:<\/strong><\/p>\n\n\n\n<p>Dostojevskij: Det d\u00f8de hus<\/p>\n\n\n\n<p>Soltjenytsin: En dag i Ivan Denisovitjs\u2019 liv \u2013 Gulag \u00d8havet<\/p>\n\n\n\n<p>Svetlana Aleksijevitj: B\u00f8n for Tjernonyl<\/p>\n\n\n\n<p>Jevgeni Ginzburg: Min tunge vandring<\/p>\n\n\n\n<p>Primo Levy: Hvis dette er et menneske<\/p>\n","protected":false},"excerpt":{"rendered":"<p>Jeg har t\u00e6nkt i den kommende tid at skrive noget om, hvad et totalit\u00e6rt styre kan g\u00f8re ved mennesker &#8211; ved MENNESKET. Det er ikke uden forbindelse med det, der foreg\u00e5r i Rusland lige nu, og det var en overskrift &hellip; <a href=\"https:\/\/blog.hesselholt.com\/index.php\/2023\/03\/13\/totalitarismens-daemoni-1\/\">L\u00e6s resten <span class=\"meta-nav\">&rarr;<\/span><\/a><\/p>\n","protected":false},"author":3,"featured_media":0,"comment_status":"open","ping_status":"open","sticky":false,"template":"","format":"standard","meta":{"footnotes":""},"categories":[19,24],"tags":[],"class_list":["post-10338","post","type-post","status-publish","format-standard","hentry","category-mennesker-og-meninger","category-stort-og-smat-om-lidt-forskelligt"],"_links":{"self":[{"href":"https:\/\/blog.hesselholt.com\/index.php\/wp-json\/wp\/v2\/posts\/10338","targetHints":{"allow":["GET"]}}],"collection":[{"href":"https:\/\/blog.hesselholt.com\/index.php\/wp-json\/wp\/v2\/posts"}],"about":[{"href":"https:\/\/blog.hesselholt.com\/index.php\/wp-json\/wp\/v2\/types\/post"}],"author":[{"embeddable":true,"href":"https:\/\/blog.hesselholt.com\/index.php\/wp-json\/wp\/v2\/users\/3"}],"replies":[{"embeddable":true,"href":"https:\/\/blog.hesselholt.com\/index.php\/wp-json\/wp\/v2\/comments?post=10338"}],"version-history":[{"count":8,"href":"https:\/\/blog.hesselholt.com\/index.php\/wp-json\/wp\/v2\/posts\/10338\/revisions"}],"predecessor-version":[{"id":10367,"href":"https:\/\/blog.hesselholt.com\/index.php\/wp-json\/wp\/v2\/posts\/10338\/revisions\/10367"}],"wp:attachment":[{"href":"https:\/\/blog.hesselholt.com\/index.php\/wp-json\/wp\/v2\/media?parent=10338"}],"wp:term":[{"taxonomy":"category","embeddable":true,"href":"https:\/\/blog.hesselholt.com\/index.php\/wp-json\/wp\/v2\/categories?post=10338"},{"taxonomy":"post_tag","embeddable":true,"href":"https:\/\/blog.hesselholt.com\/index.php\/wp-json\/wp\/v2\/tags?post=10338"}],"curies":[{"name":"wp","href":"https:\/\/api.w.org\/{rel}","templated":true}]}}