{"id":10257,"date":"2023-02-12T12:16:17","date_gmt":"2023-02-12T11:16:17","guid":{"rendered":"https:\/\/blog.hesselholt.com\/?p=10257"},"modified":"2023-02-22T22:21:27","modified_gmt":"2023-02-22T21:21:27","slug":"havet-himlen-sandet-som-jeg-husker","status":"publish","type":"post","link":"https:\/\/blog.hesselholt.com\/index.php\/2023\/02\/12\/havet-himlen-sandet-som-jeg-husker\/","title":{"rendered":"Havet, himlen, solen og sandet &#8211; som jeg husker"},"content":{"rendered":"<div class=\"wp-block-image is-style-default\">\n<figure class=\"aligncenter size-full\"><img loading=\"lazy\" decoding=\"async\" width=\"161\" height=\"215\" src=\"https:\/\/blog.hesselholt.com\/wp-content\/uploads\/2015\/11\/630cd425-23f1-42b5-ba1e-281ea601858a1.jpg\" alt=\"\" class=\"wp-image-5281\"\/><\/figure>\n<\/div>\n\n\n<p> <strong>V<strong>elkommen til min blog,<\/strong>\u00a0der er en blanding af mangt og meget. Du kan orientere dig om indholdet p\u00e5 emnelisten ud til h\u00f8jre. Her kan du klikke dig ind p\u00e5 det emne, der m\u00e5ske kunne have din interesse. Jeg fort\u00e6ller f\u00f8rst og fremmest om de b\u00f8ger, jeg har skrevet, skriver p\u00e5 og m\u00e5ske vil skrive. Du kan s\u00e5ledes finde en del researchsider, idet siden ogs\u00e5 er en slags v\u00e6rksted for mig. Uf\u00e6rdige skrifter bliver her behandlet (mishandlet) til det bedre forh\u00e5bentlig. Vil du vide mere om forfatterens tanker om og tilgang til sit job , er der ogs\u00e5 en rubrik til det, \u201cforfatteren\u201d s\u00e5m\u00e6nd. Mere personlige oplysninger kan man finde p\u00e5 min hjemmeside www.hesselholt.com<\/strong> <\/p>\n\n\n\n<p><\/p>\n\n\n\n<p> <strong>V<strong>elkommen til min blog,<\/strong>\u00a0der er en blanding af mangt og meget. Du kan orientere dig om indholdet p\u00e5 emnelisten ud til h\u00f8jre. Her kan du klikke dig ind p\u00e5 det emne, der m\u00e5ske kunne have din interesse. Jeg fort\u00e6ller f\u00f8rst og fremmest om de b\u00f8ger, jeg har skrevet, skriver p\u00e5 og m\u00e5ske vil skrive. Du kan s\u00e5ledes finde en del researchsider, idet siden ogs\u00e5 er en slags v\u00e6rksted for mig. Uf\u00e6rdige skrifter bliver her behandlet (mishandlet) til det bedre forh\u00e5bentlig. Vil du vide mere om forfatterens tanker om og tilgang til sit job , er der ogs\u00e5 en rubrik til det, \u201cforfatteren\u201d s\u00e5m\u00e6nd. Mere personlige oplysninger kan man finde p\u00e5 min hjemmeside www.hesselholt.com<\/strong> <\/p>\n\n\n\n<p>Jeg er fem \u00e5r.<\/p>\n\n\n\n<p>Jeg kan h\u00f8re dem hele tiden \u2013 m\u00e5gerne \u2013 de skarpe skrig p\u00e5 himlen \u2013  min barndoms lydkulisse. Som en lang advarsel om ikke at komme n\u00e6rmere. Ikke ud til dem. Ikke op i himlen.\u00a0 Hold dig v\u00e6k! Du er ingen fugl. Du kan ikke flyve. Nej, jubler jeg, jeg er en fisk. Og det kan jeg m\u00e6rke. Min spinkle barnekrop sp\u00e6ndes og drages mod havet. <\/p>\n\n\n\n<p>\u201dHa ha ha&nbsp; \u2026 skriger det fra himlen. Du er ingenting. N\u00e5r du l\u00f8ber over sandet kommer du ikke langt. Du er s\u00e5 tung. S\u00e5 bundet af knogler og k\u00f8d og blod. S\u00e5 ufri. Se p\u00e5 os! H\u00f8r p\u00e5 os! Vi flyver i flok. Vi sv\u00e6ver over dit hoved. Vi dykker i havet. Vi er frie. Du \u2026 ha ha ha. Du er en unge. Ikke en s\u00e6lunge, ikke fiskeyngel. Ingen fugleunge. Gumpetung er du. En menneskeunge. Det er dig.\u201d<\/p>\n\n\n\n<p>Jeg trodse stemmerne og deres billige trusler. Kender min krop, kender min sj\u00e6l. Ved nok, hvem jeg er. Et havdyr, det er mig, en havfrue i sv\u00f8b, t\u00e6nker jeg, mig skal de ikke narre. Ikke fuglene, ikke fiskene. Jeg kan flyve i dr\u00f8mme, og jeg kan dykke i enhver tilstand og fra ethvert sted over havet.<\/p>\n\n\n\n<p>Jeg l\u00f8ber udad og udad, indtil vandmasserne sl\u00e5r sammen om mig, og jeg lader mig falde. Er er en lille plaskende unge nu. En s\u00e6lunge, siger jeg til mig selv, mig kan havet aldrig skade. Jeg sv\u00f8mmer s\u00e5 fint. Mine arme og ben g\u00e5r. Rundt og rundt cirkler de. Og jeg giver ikke op, hjuler mig gennem vandmasserne og er et havets barn. Og nu vil jeg ned til fiskene. Det er let nok. Jeg dykker og lader b\u00f8lgerne sluge en fem\u00e5ring, der tror sig hjemme lige der. Og nu n\u00e6rmer jeg mig bunden, som jeg allerede r\u00f8rer med fingerspidserne, og nu m\u00e6rker jeg bugens finner glide hen over det fine, riflede m\u00f8nster.  Jeg kradser i riflerne, sp\u00e6rrer  \u00f8jnene op og glipper med l\u00e5gene, for sandet vil tr\u00e6nge ind i hulerne, men jeg ser alligevel farverne og fanger deres sk\u00f8nhed og vil, at kroppen skal blive sten og bliver der. Falde til ro p\u00e5 havets bund. S\u00e5 n\u00e6gter den og vil op til overfladen. Nej, nej, og jeg spr\u00e6ller og raser. Dumme k\u00f8d. Og jeg tvinger det nedad og nedad, lige indtil mit ansigt skurrer mod det lysende sand. Der h\u00f8rer jeg til, der vil jeg blive. Og jeg fors\u00f8ger at krumme mig til rette p\u00e5 det v\u00e5de leje af stivnede rifler. Nu hviler jeg i havets sk\u00f8d, t\u00e6nker jeg,  og langsomt m\u00e6rker jeg modstanden forsvinde og kroppen f\u00f8je sig. <\/p>\n\n\n\n<figure class=\"wp-block-image size-large\"><img loading=\"lazy\" decoding=\"async\" width=\"1024\" height=\"514\" src=\"https:\/\/blog.hesselholt.com\/wp-content\/uploads\/2023\/02\/hav-og-maager-1024x514.jpg\" alt=\"\" class=\"wp-image-10281\" srcset=\"https:\/\/blog.hesselholt.com\/wp-content\/uploads\/2023\/02\/hav-og-maager-1024x514.jpg 1024w, https:\/\/blog.hesselholt.com\/wp-content\/uploads\/2023\/02\/hav-og-maager-300x150.jpg 300w, https:\/\/blog.hesselholt.com\/wp-content\/uploads\/2023\/02\/hav-og-maager-768x385.jpg 768w, https:\/\/blog.hesselholt.com\/wp-content\/uploads\/2023\/02\/hav-og-maager-1536x770.jpg 1536w, https:\/\/blog.hesselholt.com\/wp-content\/uploads\/2023\/02\/hav-og-maager-2048x1027.jpg 2048w, https:\/\/blog.hesselholt.com\/wp-content\/uploads\/2023\/02\/hav-og-maager-500x251.jpg 500w\" sizes=\"auto, (max-width: 1024px) 100vw, 1024px\" \/><\/figure>\n\n\n\n<p><\/p>\n\n\n\n<p>Pludselig g\u00f8r det ondt. Jeg kan ikke tr\u00e6kke vejret. S\u00e5 forsvinder alle farverne. Jeg lukker \u00f8jnene og falder ind i min skal og ved, at her skal jeg ligge og vugge i d\u00f8nningen, mens solen slukkes over mig. Et stik af angst. Og smerten, der vokser. Og en ny tanke falder mig ind. D\u00f8den. D\u00f8den. Og den ser mig og visker angsten ud. <\/p>\n\n\n\n<p>Jeg d\u00f8r. Ja. ja.<\/p>\n\n\n\n<p>\u201dDet var i sidste \u00f8jeblik,\u201d siger en voksen stemme, og jeg ser op i et ansigt, jeg ikke kender. \u201dJeg s\u00e5, at du dykkede og at du ikke kom op.\u201d<\/p>\n\n\n\n<p>Jeg nikker. Godt, at han s\u00e5 det, t\u00e6nker jeg. Jeg er ingen fisk. Det ved jeg nu.<\/p>\n\n\n\n<p>\u201dJeg er ikke en fisk,\u201d siger jeg. &nbsp;<\/p>\n\n\n\n<p>\u201dNej, og du er vist ogs\u00e5 alt for lille til at f\u00e6rdes her alene. Hvor er din mor?\u201d<\/p>\n\n\n\n<p>\u201dMin mor?\u201d<\/p>\n\n\n\n<p>\u201dJa.\u201d<\/p>\n\n\n\n<p>\u201dJeg har ingen mor,\u201d h\u00f8rer jeg mig selv sige.<\/p>\n\n\n\n<p>\u201dEr du alene?\u201d<\/p>\n\n\n\n<p>\u201dJa.\u201d<\/p>\n\n\n\n<p>\u201dI hele verden.\u201d<\/p>\n\n\n\n<p>\u201dJa,\u201d nikker jeg ivrigt og t\u00e6nker p\u00e5 Palle og at jeg nok snart v\u00e5gner.<\/p>\n\n\n\n<p>\u201dS\u00e5 er det da godt, at jeg er her,\u201d siger den fremmede mand, og jeg nikker igen. Kraftigt. Og jeg putter mig ind til ham og m\u00e6rker hans trask over sandet og hans menneskevarme, mens han b\u00e6rer mig op i klitterne og l\u00e6gger mig fra sig i en af de trygge sandhuler.<\/p>\n\n\n\n<p>Jeg er en menneskeunge. Ingen s\u00e6l. Det er der ikke noget at g\u00f8re ved.<\/p>\n\n\n\n<figure class=\"wp-block-image size-full\"><img loading=\"lazy\" decoding=\"async\" width=\"480\" height=\"360\" src=\"https:\/\/blog.hesselholt.com\/wp-content\/uploads\/2023\/02\/sael-v.-Traaen.jpg\" alt=\"\" class=\"wp-image-10261\" srcset=\"https:\/\/blog.hesselholt.com\/wp-content\/uploads\/2023\/02\/sael-v.-Traaen.jpg 480w, https:\/\/blog.hesselholt.com\/wp-content\/uploads\/2023\/02\/sael-v.-Traaen-300x225.jpg 300w, https:\/\/blog.hesselholt.com\/wp-content\/uploads\/2023\/02\/sael-v.-Traaen-400x300.jpg 400w\" sizes=\"auto, (max-width: 480px) 100vw, 480px\" \/><\/figure>\n","protected":false},"excerpt":{"rendered":"<p>Jeg er fem \u00e5r. Jeg kan h\u00f8re dem hele tiden \u2013 m\u00e5gerne \u2013 de skarpe skrig p\u00e5 himlen \u2013 min barndoms lydkulisse. Som en lang advarsel om ikke at komme n\u00e6rmere. Ikke ud til dem. Ikke op i himlen.\u00a0 Hold &hellip; <a href=\"https:\/\/blog.hesselholt.com\/index.php\/2023\/02\/12\/havet-himlen-sandet-som-jeg-husker\/\">L\u00e6s resten <span class=\"meta-nav\">&rarr;<\/span><\/a><\/p>\n","protected":false},"author":3,"featured_media":0,"comment_status":"open","ping_status":"open","sticky":false,"template":"","format":"standard","meta":{"footnotes":""},"categories":[10],"tags":[],"class_list":["post-10257","post","type-post","status-publish","format-standard","hentry","category-erindringer"],"_links":{"self":[{"href":"https:\/\/blog.hesselholt.com\/index.php\/wp-json\/wp\/v2\/posts\/10257","targetHints":{"allow":["GET"]}}],"collection":[{"href":"https:\/\/blog.hesselholt.com\/index.php\/wp-json\/wp\/v2\/posts"}],"about":[{"href":"https:\/\/blog.hesselholt.com\/index.php\/wp-json\/wp\/v2\/types\/post"}],"author":[{"embeddable":true,"href":"https:\/\/blog.hesselholt.com\/index.php\/wp-json\/wp\/v2\/users\/3"}],"replies":[{"embeddable":true,"href":"https:\/\/blog.hesselholt.com\/index.php\/wp-json\/wp\/v2\/comments?post=10257"}],"version-history":[{"count":20,"href":"https:\/\/blog.hesselholt.com\/index.php\/wp-json\/wp\/v2\/posts\/10257\/revisions"}],"predecessor-version":[{"id":10289,"href":"https:\/\/blog.hesselholt.com\/index.php\/wp-json\/wp\/v2\/posts\/10257\/revisions\/10289"}],"wp:attachment":[{"href":"https:\/\/blog.hesselholt.com\/index.php\/wp-json\/wp\/v2\/media?parent=10257"}],"wp:term":[{"taxonomy":"category","embeddable":true,"href":"https:\/\/blog.hesselholt.com\/index.php\/wp-json\/wp\/v2\/categories?post=10257"},{"taxonomy":"post_tag","embeddable":true,"href":"https:\/\/blog.hesselholt.com\/index.php\/wp-json\/wp\/v2\/tags?post=10257"}],"curies":[{"name":"wp","href":"https:\/\/api.w.org\/{rel}","templated":true}]}}