{"id":10145,"date":"2023-01-10T13:18:05","date_gmt":"2023-01-10T13:18:05","guid":{"rendered":"https:\/\/blog.hesselholt.com\/?p=10145"},"modified":"2023-02-03T22:26:29","modified_gmt":"2023-02-03T21:26:29","slug":"bogen","status":"publish","type":"post","link":"https:\/\/blog.hesselholt.com\/index.php\/2023\/01\/10\/bogen\/","title":{"rendered":"Bogen &#8211; m\u00e5ske"},"content":{"rendered":"<div class=\"wp-block-image is-style-default\">\n<figure class=\"aligncenter size-full\"><img loading=\"lazy\" decoding=\"async\" width=\"161\" height=\"215\" src=\"https:\/\/blog.hesselholt.com\/wp-content\/uploads\/2015\/11\/630cd425-23f1-42b5-ba1e-281ea601858a1.jpg\" alt=\"\" class=\"wp-image-5281\"\/><\/figure>\n<\/div>\n\n\n<p> <strong>V<strong>elkommen til min blog,<\/strong>\u00a0der er en blanding af mangt og meget. Du kan orientere dig om indholdet p\u00e5 emnelisten ud til h\u00f8jre. Her kan du klikke dig ind p\u00e5 det emne, der m\u00e5ske kunne have din interesse. Jeg fort\u00e6ller f\u00f8rst og fremmest om de b\u00f8ger, jeg har skrevet, skriver p\u00e5 og m\u00e5ske vil skrive. Du kan s\u00e5ledes finde en del researchsider, idet siden ogs\u00e5 er en slags v\u00e6rksted for mig. Uf\u00e6rdige skrifter bliver her behandlet (mishandlet) til det bedre forh\u00e5bentlig. Vil du vide mere om forfatterens tanker om og tilgang til sit job , er der ogs\u00e5 en rubrik til det, \u201cforfatteren\u201d s\u00e5m\u00e6nd. Mere personlige oplysninger kan man finde p\u00e5 min hjemmeside www.hesselholt.com<\/strong> <\/p>\n\n\n\n<p><\/p>\n\n\n\n<p> <strong>V<strong>elkommen til min blog,<\/strong>\u00a0der er en blanding af mangt og meget. Du kan orientere dig om indholdet p\u00e5 emnelisten ud til h\u00f8jre. Her kan du klikke dig ind p\u00e5 det emne, der m\u00e5ske kunne have din interesse. Jeg fort\u00e6ller f\u00f8rst og fremmest om de b\u00f8ger, jeg har skrevet, skriver p\u00e5 og m\u00e5ske vil skrive. Du kan s\u00e5ledes finde en del researchsider, idet siden ogs\u00e5 er en slags v\u00e6rksted for mig. Uf\u00e6rdige skrifter bliver her behandlet (mishandlet) til det bedre forh\u00e5bentlig. Vil du vide mere om forfatterens tanker om og tilgang til sit job , er der ogs\u00e5 en rubrik til det, \u201cforfatteren\u201d s\u00e5m\u00e6nd. Mere personlige oplysninger kan man finde p\u00e5 min hjemmeside www.hesselholt.com<\/strong> <\/p>\n\n\n\n<h1 class=\"wp-block-heading\">Begyndelsen<\/h1>\n\n\n\n<p>Her st\u00e5r jeg p\u00e5\nmin s\u00f8jle af firsindstyve \u00e5r. S\u00e5 roligt. Som var jeg ung og st\u00e6rk. En dorisk\ns\u00f8jle, t\u00e6nker jeg. En stoisk ro. Det er mig. Alderen kan bare komme an! Jeg er\nvant til lidt af hvert, og jeg skal nok klare det her ogs\u00e5. Jeg b\u00f8jer mig frem\nfor at se tilbage. <\/p>\n\n\n\n<p>Det er nu, det g\u00e6lder.<\/p>\n\n\n\n<p>Men s\u00e5 sker det alligevel: s\u00f8jlen begynder at svaje, kun ganske let, men\nnok til at jeg m\u00e6rker sveden pible. Nej, t\u00e6nker jeg, nu m\u00e5 jeg st\u00e5 fast, jeg m\u00e5\nforhindre, at onde \u00e5r glider ud og bringer ubalance og f\u00e5r det hele v\u00e6rk til at\nkollapse. <\/p>\n\n\n\n<p>En ruinhob, hvad skal jeg med den?<\/p>\n\n\n\n<p>Forsigtigt l\u00e6ner jeg mig l\u00e6ngere forover lige indtil jeg \u00f8jner soklen dybt\nnede, og nu m\u00e5 jeg holde vejret, akkurat som jeg gjorde, dengang det hele tog\nsin begyndelse. <\/p>\n\n\n\n<p>S\u00e5dan m\u00e5 det v\u00e6re, t\u00e6nker jeg. Det sp\u00e6de barn f\u00f8rst. <\/p>\n\n\n\n<p>Senere vil jeg finde frem til pigen. Opst\u00f8ve hendes gemmesteder. Og\nkvindens. Jeg vil lokke dem ud af mange \u00e5rs skjul og lufte dem i det klare lys.\nDen gamle kone beh\u00f8ver jeg ikke efterspore, for mens pigen og kvinden skjuler\nsig i fortidens t\u00e5ger, er hun lige ved h\u00e5nden. Hendes h\u00e6nder p\u00e5 tastaturet. <\/p>\n\n\n\n<p>Lad os begynde med begyndelsen. F\u00f8dslen. Min. Selv har jeg kun t\u00e5gede\nforestillinger om detaljerne i det drama, der udspandt sig i k\u00f8bmandsg\u00e5rden i\nden lille fiskerby Strandby d.7. september 1943. Dog er jeg sikker p\u00e5, at det\nikke gik smertefrit for sig, for der er ingen kvinde, der leende f\u00f8der sine\nb\u00f8rn, og intet barn kommer lattermild til verden. &nbsp;<\/p>\n\n\n\n<p>F\u00f8rst skreg min mor, og kort efter fulgte jeg hendes eksempel og\nfrembragte et vr\u00e6l, der dog n\u00e6ppe kan lignes ved min mors i styrke, men var\nlydeligt nok til, at jeg blev sv\u00f8bt og lagt i vuggen og takseret som velskabt.<\/p>\n\n\n\n<p>Men som sagt: Glemslen kaster sit n\u00e5desl\u00f8r over det sp\u00e6de primalskrig, jeg som alle andre m\u00f8dte verden med. Alligevel er jeg vis p\u00e5, at smerten fra dengang bliver h\u00e6ngende i det vildnis, vi kalder underbevidstheden, viklet ind som den er i sindets skvalderk\u00e5l.<\/p>\n\n\n\n<figure class=\"wp-block-image size-large\"><img loading=\"lazy\" decoding=\"async\" width=\"1024\" height=\"711\" src=\"https:\/\/blog.hesselholt.com\/wp-content\/uploads\/2023\/02\/20230202_125618-1024x711.jpg\" alt=\"\" class=\"wp-image-10217\" srcset=\"https:\/\/blog.hesselholt.com\/wp-content\/uploads\/2023\/02\/20230202_125618-1024x711.jpg 1024w, https:\/\/blog.hesselholt.com\/wp-content\/uploads\/2023\/02\/20230202_125618-300x208.jpg 300w, https:\/\/blog.hesselholt.com\/wp-content\/uploads\/2023\/02\/20230202_125618-768x533.jpg 768w, https:\/\/blog.hesselholt.com\/wp-content\/uploads\/2023\/02\/20230202_125618-1536x1067.jpg 1536w, https:\/\/blog.hesselholt.com\/wp-content\/uploads\/2023\/02\/20230202_125618-432x300.jpg 432w, https:\/\/blog.hesselholt.com\/wp-content\/uploads\/2023\/02\/20230202_125618.jpg 1600w\" sizes=\"auto, (max-width: 1024px) 100vw, 1024px\" \/><figcaption class=\"wp-element-caption\">en seks m\u00e5neder gammel pige<\/figcaption><\/figure>\n\n\n\n<h1 class=\"wp-block-heading\">&nbsp;<\/h1>\n\n\n\n<h1 class=\"wp-block-heading\">Et lille hjerte<\/h1>\n\n\n\n<p>\u201dO\nluk dit lille hjerte op, o luk dit lille hjerte op, Guds n\u00e5dessol vil str\u00f8mme\nind og fylde sj\u00e6l og sind.\u201d Jeg er sikker p\u00e5, at jeg synger med p\u00e5 alle versene,\nfor selv om jeg endnu ikke er fyldt fire \u00e5r, s\u00e5 kender jeg ordene, og mens jeg\nsynger, \u00e5bner mit hjerte sig, og solen str\u00f8mmer ind, det er lige f\u00f8r, det drukner\ni lys, og jeg kan ikke sidde stille p\u00e5 b\u00e6nken, men det bliver jeg n\u00f8dt til, for\nto solide s\u00f8sterkroppe klemmer mig fast. Hanne og Annelise har lovet vores mor\nat passe mig, s\u00e5 hun kan f\u00e5 lidt ro, s\u00e5 det g\u00f8r de, nidk\u00e6rt, men alligevel: lige\ninden lyset helt overstr\u00e5ler mit hjerte, sker det, at mine fromme s\u00f8stre p\u00e5\nsamme tid folder h\u00e6nderne og derved l\u00f8sner grebet om den spr\u00e6lske lilles\u00f8ster, og\njeg glider fra dem og dejser bagover. <\/p>\n\n\n\n<p>S\u00e5\nhusker jeg ikke mere, men jeg ved dog, at jeg i faldet br\u00e6kkede kravlebenet,\nsom jeg senere l\u00e6rte hedder kravebenet, og at jeg glemte alt om n\u00e5desolen og\nsatte i et vr\u00e6l, der fik sangen til at forstumme og alle til at vende sig mod\nvores b\u00e6nk. <\/p>\n\n\n\n<p>Og\nsenere. I tiden efter. Hvor saligt det var at blive ynket af alle. Ogs\u00e5 af dem,\nder bare kom for at se min nye s\u00f8ster, et fnug s\u00e5 lille-bitte, at hun nok slet\nikke havde et kravleben at br\u00e6kke. Hun kunne i al fald ikke kravle. Faktisk\nkunne hun ingenting. Men de sagde alle sammen, at hun var nuttet. Det var jeg\nikke, jeg var buttet. Det er ikke det samme.<\/p>\n\n\n\n<p>Jeg husker ikke, hvorn\u00e5r det lille fnug blev et rigtigt menneske, som man kunne lege med, men det er ret sikkert, at det i nogle \u00e5r var min bror Anders, jeg st\u00f8jede rundt med, for han var utr\u00e6ttelig og blev kun sur p\u00e5 mig en eneste gang, og det var, fordi jeg handlede tankel\u00f8st, sagde min far, men der tog han nu fejl, for jeg havde t\u00e6nkt mig grundigt om, inden jeg tog beslutningen og skred til handling. Og det endda med ondt i maven. S\u00e5 tankel\u00f8s, nej, det var jeg ikke. Det hele var meget enkelt. Anders havde lige haft f\u00f8dselsdag og f\u00e5et alt for mange gaver, og nu samlede jeg nogle af dem til mig og lagde dem i min lille tr\u00e6kvogn og k\u00f8rte hele molevitten til havnen, ikke fordi jeg ville kyle det i havet, nej, men fordi jeg havde set nogle drenge, som hver dag legede yderst p\u00e5 molen, hvor vi slet ikke m\u00e5tte komme, og dem ville jeg s\u00e5 gerne m\u00f8des med, for de var b\u00e5de st\u00f8rre og fr\u00e6kkere end Anders, der ikke turde s\u00e5 meget vildt, og nu havde jeg s\u00e5 f\u00e5et den ide at for\u00e6re dem det overfl\u00f8dige leget\u00f8j og p\u00e5 den m\u00e5de blive deres ven. Hvem ville ikke gerne have et tog med blanke skinner og et r\u00f8d lastbil med vippelad? S\u00e5dan havde jeg t\u00e6nkt. Jeg ved ikke mere, hvad der egentlig skete p\u00e5 havnen, kun at jeg var sluk\u00f8ret, da jeg trak hjem med den tomme vogn, og at jeg gik til bekendelse, s\u00e5 snart jeg var inden d\u00f8re. Og at det til alt held var min far, der tog imod mig. Han lyttede til mig, og s\u00e5 sagde han: \u201dHvordan kunne du v\u00e6re s\u00e5 tankel\u00f8s?\u201d S\u00e5 gr\u00e6d jeg lidt h\u00f8jere, og \u201d\u00e5hhhrr da ogs\u00e5!\u201d sagde han og skubbede mig til side og gik ud og fandt sin cykel og k\u00f8rte til havnen, hvor han snuppede drengene og fratog dem byttet. Han hjembragte det fine leget\u00f8j og lagde det uden de store falbelader p\u00e5 plads i b\u00f8rnev\u00e6relset, og s\u00e5 kom der ikke mere ud af den historie.<\/p>\n\n\n\n<p>I\nlang tid ville min bror ikke lege med mig. Og jeg kunne smile mig halvt til\nd\u00f8de uden at det hjalp. <\/p>\n","protected":false},"excerpt":{"rendered":"<p>Begyndelsen Her st\u00e5r jeg p\u00e5 min s\u00f8jle af firsindstyve \u00e5r. S\u00e5 roligt. Som var jeg ung og st\u00e6rk. En dorisk s\u00f8jle, t\u00e6nker jeg. En stoisk ro. Det er mig. Alderen kan bare komme an! Jeg er vant til lidt af &hellip; <a href=\"https:\/\/blog.hesselholt.com\/index.php\/2023\/01\/10\/bogen\/\">L\u00e6s resten <span class=\"meta-nav\">&rarr;<\/span><\/a><\/p>\n","protected":false},"author":3,"featured_media":0,"comment_status":"open","ping_status":"open","sticky":false,"template":"","format":"standard","meta":{"footnotes":""},"categories":[10],"tags":[],"class_list":["post-10145","post","type-post","status-publish","format-standard","hentry","category-erindringer"],"_links":{"self":[{"href":"https:\/\/blog.hesselholt.com\/index.php\/wp-json\/wp\/v2\/posts\/10145","targetHints":{"allow":["GET"]}}],"collection":[{"href":"https:\/\/blog.hesselholt.com\/index.php\/wp-json\/wp\/v2\/posts"}],"about":[{"href":"https:\/\/blog.hesselholt.com\/index.php\/wp-json\/wp\/v2\/types\/post"}],"author":[{"embeddable":true,"href":"https:\/\/blog.hesselholt.com\/index.php\/wp-json\/wp\/v2\/users\/3"}],"replies":[{"embeddable":true,"href":"https:\/\/blog.hesselholt.com\/index.php\/wp-json\/wp\/v2\/comments?post=10145"}],"version-history":[{"count":6,"href":"https:\/\/blog.hesselholt.com\/index.php\/wp-json\/wp\/v2\/posts\/10145\/revisions"}],"predecessor-version":[{"id":10221,"href":"https:\/\/blog.hesselholt.com\/index.php\/wp-json\/wp\/v2\/posts\/10145\/revisions\/10221"}],"wp:attachment":[{"href":"https:\/\/blog.hesselholt.com\/index.php\/wp-json\/wp\/v2\/media?parent=10145"}],"wp:term":[{"taxonomy":"category","embeddable":true,"href":"https:\/\/blog.hesselholt.com\/index.php\/wp-json\/wp\/v2\/categories?post=10145"},{"taxonomy":"post_tag","embeddable":true,"href":"https:\/\/blog.hesselholt.com\/index.php\/wp-json\/wp\/v2\/tags?post=10145"}],"curies":[{"name":"wp","href":"https:\/\/api.w.org\/{rel}","templated":true}]}}